{"id":240005,"date":"2025-07-10T12:26:10","date_gmt":"2025-07-10T12:26:10","guid":{"rendered":"https:\/\/www.europesays.com\/fr\/240005\/"},"modified":"2025-07-10T12:26:10","modified_gmt":"2025-07-10T12:26:10","slug":"berlin-accord-en-allemagne-pour-lentree-de-lufthansa-au-capital-dair-baltic","status":"publish","type":"post","link":"https:\/\/www.europesays.com\/fr\/240005\/","title":{"rendered":"BERLIN : Accord en Allemagne pour l\u2019entr\u00e9e de Lufthansa au capital d\u2019Air Baltic"},"content":{"rendered":"<p><strong>L\u2019autorit\u00e9 de la concurrence allemande vient d\u2019autoriser l\u2019entr\u00e9e au capital d\u2019Air Baltic par Lufthansa.<\/strong><\/p>\n<p>L\u2019op\u00e9ration vient d\u2019\u00eatre valid\u00e9e par l\u2019autorit\u00e9 de la concurrence allemande, la Bundeskartellamt.<\/p>\n<p>\u00ab\u00a0La participation envisag\u00e9e soul\u00e8ve de graves probl\u00e8mes de concurrence sur plusieurs liaisons a\u00e9riennes entre des a\u00e9roports allemands et les pays baltes. Les parties sont en concurrence directe sur certaines liaisons et les transporteurs alternatifs sont peu nombreux. N\u00e9anmoins, nous avons d\u00fb autoriser l\u2019op\u00e9ration de concentration, car les liaisons concern\u00e9es constituent dans l\u2019ensemble des march\u00e9s dits de faible importance, avec un chiffre d\u2019affaires tr\u00e8s faible. Pour de tels march\u00e9s , une intervention de l\u2019Office n\u2019est pas possible. Au total, la participation a donc \u00e9t\u00e9 autoris\u00e9e\u00a0\u00bb\u00a0<a href=\"https:\/\/www.bundeskartellamt.de\/SharedDocs\/Meldung\/DE\/Pressemitteilungen\/2025\/30_06_25_airBaltic.html\" rel=\"nofollow noopener\" target=\"_blank\">note l\u2019autorit\u00e9<\/a>.<\/p>\n<p>Cependant si Lufthansa augmente sa participation pour avoir une part de contr\u00f4le au sein d\u2019AirBaltic, la Commission Europ\u00e9enne devra approuver l\u2019op\u00e9ration.<\/p>\n<p><a href=\"https:\/\/www.businesstravel.fr\/accord-en-allemagne-pour-l-entree-de-lufthansa-au-capital-d-air-baltic.html\" rel=\"nofollow noopener\" target=\"_blank\">En savoir plus<\/a><\/p>\n<p><strong>Source :<\/strong>\u00a0<a href=\"https:\/\/www.businesstravel.fr\/index.php?option=com_acym&amp;ctrl=fronturl&amp;task=click&amp;urlid=1194&amp;userid=44840&amp;mailid=1280\" target=\"_blank\" rel=\"noopener nofollow\" data-saferedirecturl=\"https:\/\/www.google.com\/url?q=https:\/\/www.businesstravel.fr\/index.php?option%3Dcom_acym%26ctrl%3Dfronturl%26task%3Dclick%26urlid%3D1194%26userid%3D44840%26mailid%3D1280&amp;source=gmail&amp;ust=1752139498929000&amp;usg=AOvVaw3_dGcVTxYNqgO9qswoB1BH\">BusinessTravel.fr<\/a>.<\/p>\n","protected":false},"excerpt":{"rendered":"L\u2019autorit\u00e9 de la concurrence allemande vient d\u2019autoriser l\u2019entr\u00e9e au capital d\u2019Air Baltic par Lufthansa. L\u2019op\u00e9ration vient d\u2019\u00eatre valid\u00e9e&hellip;\n","protected":false},"author":2,"featured_media":240006,"comment_status":"","ping_status":"","sticky":false,"template":"","format":"standard","meta":{"footnotes":""},"categories":[1587],"tags":[11,672,1804,1805,1803,1777,674,1801,12,1802],"class_list":{"0":"post-240005","1":"post","2":"type-post","3":"status-publish","4":"format-standard","5":"has-post-thumbnail","7":"category-allemagne","8":"tag-actualites","9":"tag-allemagne","10":"tag-bundesrepublik-deutschland","11":"tag-de","12":"tag-deutschland","13":"tag-eu","14":"tag-europe","15":"tag-germany","16":"tag-news","17":"tag-republique-federale-dallemagne"},"share_on_mastodon":{"url":"https:\/\/pubeurope.com\/@fr\/114828934076166189","error":""},"_links":{"self":[{"href":"https:\/\/www.europesays.com\/fr\/wp-json\/wp\/v2\/posts\/240005","targetHints":{"allow":["GET"]}}],"collection":[{"href":"https:\/\/www.europesays.com\/fr\/wp-json\/wp\/v2\/posts"}],"about":[{"href":"https:\/\/www.europesays.com\/fr\/wp-json\/wp\/v2\/types\/post"}],"author":[{"embeddable":true,"href":"https:\/\/www.europesays.com\/fr\/wp-json\/wp\/v2\/users\/2"}],"replies":[{"embeddable":true,"href":"https:\/\/www.europesays.com\/fr\/wp-json\/wp\/v2\/comments?post=240005"}],"version-history":[{"count":0,"href":"https:\/\/www.europesays.com\/fr\/wp-json\/wp\/v2\/posts\/240005\/revisions"}],"wp:featuredmedia":[{"embeddable":true,"href":"https:\/\/www.europesays.com\/fr\/wp-json\/wp\/v2\/media\/240006"}],"wp:attachment":[{"href":"https:\/\/www.europesays.com\/fr\/wp-json\/wp\/v2\/media?parent=240005"}],"wp:term":[{"taxonomy":"category","embeddable":true,"href":"https:\/\/www.europesays.com\/fr\/wp-json\/wp\/v2\/categories?post=240005"},{"taxonomy":"post_tag","embeddable":true,"href":"https:\/\/www.europesays.com\/fr\/wp-json\/wp\/v2\/tags?post=240005"}],"curies":[{"name":"wp","href":"https:\/\/api.w.org\/{rel}","templated":true}]}}