{"id":240012,"date":"2025-07-10T12:30:12","date_gmt":"2025-07-10T12:30:12","guid":{"rendered":"https:\/\/www.europesays.com\/fr\/240012\/"},"modified":"2025-07-10T12:30:12","modified_gmt":"2025-07-10T12:30:12","slug":"la-famille-de-bernard-arnault-nest-plus-la-plus-riche-de-france","status":"publish","type":"post","link":"https:\/\/www.europesays.com\/fr\/240012\/","title":{"rendered":"La famille de Bernard Arnault n\u2019est plus la plus riche de France"},"content":{"rendered":"<p>Le g\u00e9ant du luxe <a href=\"https:\/\/www.20minutes.fr\/economie\/lvmh\/\" class=\"color-ultramarine c-link\" target=\"_blank\" rel=\"noopener\">LVMH<\/a> a connu une ann\u00e9e noire. Tellement noire que la famille <a href=\"https:\/\/www.20minutes.fr\/dossier\/bernard_arnault\" class=\"color-ultramarine c-link\" target=\"_blank\" rel=\"noopener\">Arnault<\/a>, propri\u00e9taire du g\u00e9ant du <a href=\"https:\/\/www.20minutes.fr\/dossier\/luxe\" class=\"color-ultramarine c-link\" target=\"_blank\" rel=\"noopener\">luxe<\/a>, a perdu sa place dans le classement des plus grosses <a href=\"https:\/\/www.20minutes.fr\/dossier\/fortune\" class=\"color-ultramarine c-link\" target=\"_blank\" rel=\"noopener\">fortunes <\/a>de France. En\u00a02024, les b\u00e9n\u00e9fices de LVMH ont chut\u00e9 de 17\u00a0%, et le recul s\u2019est poursuivi d\u00e9but\u00a02025, avec des revenus en baisse de 3\u00a0% au premier trimestre.<\/p>\n<p>R\u00e9sultat\u00a0: la fortune de Bernard Arnault et sa famille est pass\u00e9e de 190,3\u00a0milliards d\u2019euros \u00e0 116,7\u00a0milliards, selon le classement 2025 du <a href=\"https:\/\/www.challenges.fr\/fortunes\/top-10-des-fortunes-professionnelles-de-france-qui-a-detrone-bernard-arnault_615668\" rel=\"nofollow noopener\" target=\"_blank\" class=\"color-ultramarine c-link\">magazine Challenges<\/a>. Une d\u00e9gringolade de 38\u00a0%, due \u00e0 un contexte \u00e9conomique mondial tendu, entre menaces de droits de douane et instabilit\u00e9 g\u00e9opolitique. \u00ab\u00a0Jusqu\u2019\u00e0 fin f\u00e9vrier tout se passait tr\u00e8s bien et puis [\u2026] la situation g\u00e9opolitique et \u00e9conomique mondiale [\u2026] a perturb\u00e9 un peu le mois de mars\u00a0\u00bb, reconnaissait en avril Bernard Arnault.<\/p>\n<\/p>\n<p>Herm\u00e8s, \u00ab\u00a0le meilleur \u00e9l\u00e8ve de la classe\u00a0\u00bb<\/p>\n<p>\u00c0 l\u2019inverse, la famille Herm\u00e8s r\u00e9siste remarquablement \u00e0 la temp\u00eate qui secoue le secteur. Sa fortune est pass\u00e9e de 155\u00a0milliards en\u00a02024 \u00e0 163,4\u00a0milliards d\u2019euros cette ann\u00e9e, soit une progression de plus de 8\u00a0milliards. Le secret\u00a0? Une strat\u00e9gie de raret\u00e9, un positionnement ultra haut de gamme, et une image jug\u00e9e \u00ab\u00a0intemporelle et d\u00e9fensive\u00a0\u00bb selon la Deutsche Bank.<\/p>\n<p>Au premier trimestre\u00a02025, les ventes d\u2019Herm\u00e8s ont bondi de 7,2\u00a0%, et les analystes tablent sur une poursuite de la croissance. La marque est d\u00e9sormais la premi\u00e8re capitalisation de la <a href=\"https:\/\/www.20minutes.fr\/economie\/bourse_de_paris\/\" class=\"color-ultramarine c-link\" target=\"_blank\" rel=\"noopener\">Bourse de Paris<\/a>, \u00e0 253,8\u00a0milliards d\u2019euros, devant LVMH (243,5\u00a0milliards). Un symbole fort. Comme le r\u00e9sume Deustche Bank, cit\u00e9e par <a href=\"https:\/\/www.bfmtv.com\/economie\/economie-social\/une-premiere-en-16-ans-la-famille-de-bernard-arnault-n-est-plus-la-plus-riche-de-france-les-proprietaires-d-hermes-l-ont-detronee_AV-202507090330.html\" rel=\"nofollow noopener\" target=\"_blank\" class=\"color-ultramarine c-link\">BFMTV\u00a0<\/a>: \u00ab\u00a0Il y a peu de domaines dans lesquels Herm\u00e8s n\u2019est pas le meilleur \u00e9l\u00e8ve de la classe.\u00a0\u00bb<\/p>\n<p>En d\u00e9pit d\u2019une baisse de 20\u00a0milliards d\u2019euros, les fr\u00e8res Alain et G\u00e9rard Wertheimer, propri\u00e9taires de Chanel, conservent leur troisi\u00e8me place avec 95\u00a0milliards. Un palmar\u00e8s largement domin\u00e9 par les grandes dynasties du luxe, mais dont les \u00e9quilibres semblent plus fragiles que jamais.<\/p>\n","protected":false},"excerpt":{"rendered":"Le g\u00e9ant du luxe LVMH a connu une ann\u00e9e noire. Tellement noire que la famille Arnault, propri\u00e9taire du&hellip;\n","protected":false},"author":2,"featured_media":240013,"comment_status":"","ping_status":"","sticky":false,"template":"","format":"standard","meta":{"footnotes":""},"categories":[2],"tags":[47,11,3820,1890,33,28068,1011,27,11127,2425,7484,12,25],"class_list":{"0":"post-240012","1":"post","2":"type-post","3":"status-publish","4":"format-standard","5":"has-post-thumbnail","7":"category-actualites","8":"tag-actualite","9":"tag-actualites","10":"tag-bernard-arnault","11":"tag-chanel","12":"tag-economie","13":"tag-fortune","14":"tag-fr","15":"tag-france","16":"tag-hermes","17":"tag-luxe","18":"tag-lvmh","19":"tag-news","20":"tag-republique-francaise"},"share_on_mastodon":{"url":"https:\/\/pubeurope.com\/@fr\/114828950153877885","error":""},"_links":{"self":[{"href":"https:\/\/www.europesays.com\/fr\/wp-json\/wp\/v2\/posts\/240012","targetHints":{"allow":["GET"]}}],"collection":[{"href":"https:\/\/www.europesays.com\/fr\/wp-json\/wp\/v2\/posts"}],"about":[{"href":"https:\/\/www.europesays.com\/fr\/wp-json\/wp\/v2\/types\/post"}],"author":[{"embeddable":true,"href":"https:\/\/www.europesays.com\/fr\/wp-json\/wp\/v2\/users\/2"}],"replies":[{"embeddable":true,"href":"https:\/\/www.europesays.com\/fr\/wp-json\/wp\/v2\/comments?post=240012"}],"version-history":[{"count":0,"href":"https:\/\/www.europesays.com\/fr\/wp-json\/wp\/v2\/posts\/240012\/revisions"}],"wp:featuredmedia":[{"embeddable":true,"href":"https:\/\/www.europesays.com\/fr\/wp-json\/wp\/v2\/media\/240013"}],"wp:attachment":[{"href":"https:\/\/www.europesays.com\/fr\/wp-json\/wp\/v2\/media?parent=240012"}],"wp:term":[{"taxonomy":"category","embeddable":true,"href":"https:\/\/www.europesays.com\/fr\/wp-json\/wp\/v2\/categories?post=240012"},{"taxonomy":"post_tag","embeddable":true,"href":"https:\/\/www.europesays.com\/fr\/wp-json\/wp\/v2\/tags?post=240012"}],"curies":[{"name":"wp","href":"https:\/\/api.w.org\/{rel}","templated":true}]}}