{"id":240014,"date":"2025-07-10T12:31:15","date_gmt":"2025-07-10T12:31:15","guid":{"rendered":"https:\/\/www.europesays.com\/fr\/240014\/"},"modified":"2025-07-10T12:31:15","modified_gmt":"2025-07-10T12:31:15","slug":"qantas-air-france-klm-en-partage-de-code-sur-le-vol-direct-vers-perth","status":"publish","type":"post","link":"https:\/\/www.europesays.com\/fr\/240014\/","title":{"rendered":"Qantas : Air France &#8211; KLM en partage de code sur le vol direct vers Perth"},"content":{"rendered":"<p>\t\t\t\t\t Dans le cadre de l\u2019extension de leur partenariat, <b>Air France<\/b> a int\u00e9gr\u00e9 \u00e0 son r\u00e9seau le vol direct <a class=\"liens\" href=\"https:\/\/www.parisaeroport.fr\/fr\/passagers\/roissy-charles-de-gaulle\" target=\"_blank\" rel=\"noopener\">Paris-Charles de Gaulle<\/a> (CDG) \u2013 Perth (PER) op\u00e9r\u00e9 par <a class=\"liens\" href=\"https:\/\/www.tourmag.com\/Qantas-ferme-sa-filiale-low-cost-Jetstar-Asia_a127423.html\" target=\"_blank\" rel=\"noopener\">Qantas<\/a>. Ce vol, lanc\u00e9 il y a un an, est \u00ab\u00a0le premier et unique vol passager sans escale entre les deux pays\u00a0\u00bb et \u00ab\u00a0r\u00e9duit d\u2019environ trois heures le temps de trajet le plus rapide entre les deux villes\u00a0\u00bb. Air France devient ainsi la seule compagnie \u00e0 proposer un partage de code sur cette liaison directe entre l\u2019Europe et l\u2019Australie.<\/p>\n<p>Depuis le 1er juillet, un <b>nouveau point de correspondance est \u00e9galement disponible<\/b> : Tokyo Haneda (HND). Il vient s\u2019ajouter aux connexions d\u00e9j\u00e0 en place via Singapour Changi (SIN) et Hong Kong (HKG). &#13;\t\t\t\t\t <\/p>\n<p>Ces trois hubs permettent aux passagers de rejoindre facilement plusieurs destinations australiennes \u00e0 bord des vols Qantas : Sydney (SYD), Brisbane (BNE), Melbourne (MEL), Darwin (DRW) et Perth (PER). En outre, Air France et KLM apposent d\u00e9sormais leurs codes sur les vols Qantas entre Singapour (SIN) et Darwin (DRW).&#13;\t\t\t\t\t <\/p>\n<p>Ce <b>renforcement du partenariat<\/b> profite aussi aux voyageurs australiens, qui acc\u00e8dent \u00e0 davantage de destinations en France et en Europe via les r\u00e9seaux domestiques et r\u00e9gionaux <a class=\"liens\" href=\"https:\/\/www.klm.fr\/information\/corporate\/about-air-france-klm\" target=\"_blank\" rel=\"noopener\">d\u2019Air France et KLM<\/a>. Le dispositif pr\u00e9voit \u00e9galement la possibilit\u00e9 de cumuler et de d\u00e9penser des Points Qantas sur les vols op\u00e9r\u00e9s par Air France et KLM. \u00ab\u00a0D\u2019autres avantages li\u00e9s \u00e0 la fid\u00e9lit\u00e9 seront introduits ult\u00e9rieurement\u00a0\u00bb, selon les deux groupes. L\u2019accord vise \u00e0<b> offrir aux passagers<\/b> \u00ab\u00a0une meilleure connectivit\u00e9, une meilleure flexibilit\u00e9 et un confort am\u00e9lior\u00e9\u00a0\u00bb.&#13;\t\t\t\t\t <\/p>\n","protected":false},"excerpt":{"rendered":"Dans le cadre de l\u2019extension de leur partenariat, Air France a int\u00e9gr\u00e9 \u00e0 son r\u00e9seau le vol direct&hellip;\n","protected":false},"author":2,"featured_media":240015,"comment_status":"","ping_status":"","sticky":false,"template":"","format":"standard","meta":{"footnotes":""},"categories":[4],"tags":[11,1816,1011,27,16899,12,37941,25],"class_list":{"0":"post-240014","1":"post","2":"type-post","3":"status-publish","4":"format-standard","5":"has-post-thumbnail","7":"category-france","8":"tag-actualites","9":"tag-air-france","10":"tag-fr","11":"tag-france","12":"tag-klm","13":"tag-news","14":"tag-qantas","15":"tag-republique-francaise"},"share_on_mastodon":{"url":"https:\/\/pubeurope.com\/@fr\/114828953682324079","error":""},"_links":{"self":[{"href":"https:\/\/www.europesays.com\/fr\/wp-json\/wp\/v2\/posts\/240014","targetHints":{"allow":["GET"]}}],"collection":[{"href":"https:\/\/www.europesays.com\/fr\/wp-json\/wp\/v2\/posts"}],"about":[{"href":"https:\/\/www.europesays.com\/fr\/wp-json\/wp\/v2\/types\/post"}],"author":[{"embeddable":true,"href":"https:\/\/www.europesays.com\/fr\/wp-json\/wp\/v2\/users\/2"}],"replies":[{"embeddable":true,"href":"https:\/\/www.europesays.com\/fr\/wp-json\/wp\/v2\/comments?post=240014"}],"version-history":[{"count":0,"href":"https:\/\/www.europesays.com\/fr\/wp-json\/wp\/v2\/posts\/240014\/revisions"}],"wp:featuredmedia":[{"embeddable":true,"href":"https:\/\/www.europesays.com\/fr\/wp-json\/wp\/v2\/media\/240015"}],"wp:attachment":[{"href":"https:\/\/www.europesays.com\/fr\/wp-json\/wp\/v2\/media?parent=240014"}],"wp:term":[{"taxonomy":"category","embeddable":true,"href":"https:\/\/www.europesays.com\/fr\/wp-json\/wp\/v2\/categories?post=240014"},{"taxonomy":"post_tag","embeddable":true,"href":"https:\/\/www.europesays.com\/fr\/wp-json\/wp\/v2\/tags?post=240014"}],"curies":[{"name":"wp","href":"https:\/\/api.w.org\/{rel}","templated":true}]}}