{"id":240016,"date":"2025-07-10T12:34:13","date_gmt":"2025-07-10T12:34:13","guid":{"rendered":"https:\/\/www.europesays.com\/fr\/240016\/"},"modified":"2025-07-10T12:34:13","modified_gmt":"2025-07-10T12:34:13","slug":"le-constat-detonnant-de-dan-carter-sur-la-grave-blessure-dantoine-dupont-avec-une-prediction-de-taille","status":"publish","type":"post","link":"https:\/\/www.europesays.com\/fr\/240016\/","title":{"rendered":"le constat d\u00e9tonnant de Dan Carter sur la grave blessure d&rsquo;Antoine Dupont, avec une pr\u00e9diction de taille"},"content":{"rendered":"<p>Dan Carter touch\u00e9 pour Antoine Dupont mais confiant en vue de l&rsquo;avenir pour le capitaine du XV de France et du Stade Toulousain. L&rsquo;ancien ouvreur de l\u00e9gende des All Blacks, double champion du monde avec la Nouvelle-Z\u00e9lande et joueur de grande classe, a pris la parole aupr\u00e8s de Midi Olympique pour \u00e9voquer la grave blessure d&rsquo;Antoine Dupont. Le capitaine des Bleus a \u00e9t\u00e9 victime d\u2019une rupture des ligaments crois\u00e9s d\u2019un genou lors du match du Six Nations face \u00e0 l&rsquo;Irlande.<\/p>\n<p>Et il est donc absent pour plusieurs mois, lui qui a manqu\u00e9 la fin de saison et manquera le d\u00e9but de la prochaine. Son absence est tr\u00e8s importante et Dan Carter a estim\u00e9 que Dupont manque \u00e9norm\u00e9ment aux Bleus. Cependant, l&rsquo;ancien joueur professionnel a aussi \u00e9voqu\u00e9 la blessure grave de Dupont, avec un constat de taille en estimant que cette blessure pourrait lui servir en vue de la suite de sa carri\u00e8re.<\/p>\n<p>Dan Carter \u00e9voque la grave blessure de Dupont<\/p>\n<blockquote>\n<p>\u00ab\u00a0Antoine Dupont manque \u00e0 l\u2019\u00e9quipe de France, c\u2019est ind\u00e9niable. C\u2019est un joueur de classe mondiale qui manque \u00e0 ses co\u00e9quipiers et aux supporters. C\u2019est dommage pour lui car il veut jouer tous les matchs, et remporter toutes les comp\u00e9titions. Cela doit \u00eatre dur \u00e0 vivre donc. Mais quand je regarde ma carri\u00e8re, j\u2019ai disput\u00e9 quatre Coupes du monde et jou\u00e9 jusqu\u2019\u00e0 l\u2019\u00e2ge de 38 ans. Et quand je regarde en arri\u00e8re \u2013 c\u2019est terrible \u00e0 dire \u2013 mais je crois que cette long\u00e9vit\u00e9 a \u00e9t\u00e9 possible gr\u00e2ce \u00e0 mes blessures.<\/p>\n<p>C\u2019est fou mais ce sont lors de ces p\u00e9riodes de convalescence que l\u2019on peut vraiment se r\u00e9g\u00e9n\u00e9rer mentalement et physiquement. Cela permet aussi de travailler autrement, de r\u00e9soudre des petits d\u00e9s\u00e9quilibres corporels bref, de prendre un nouveau d\u00e9part. C\u2019est aussi l\u2019occasion de se servir de cette frustration. Je suis s\u00fbr qu\u2019Antoine a assist\u00e9 \u00e0 toutes les victoires de son \u00e9quipe, celles du XV de France lors du dernier Tournoi et que cela a d\u00fb g\u00e9n\u00e9rer beaucoup de frustration en lui. Il doit s\u2019en servir comme d\u2019un carburant pour revenir plus fort. Donc c\u2019est dur pour lui \u00e0 court terme, mais je pense que sur le long terme cette convalescence lui sera profitable\u00a0\u00bb, a avou\u00e9 Dan Carter, qui sait de quoi il parle, lui qui a souffert de plusieurs blessures graves dans sa carri\u00e8re mais a toujours su rebondir de mani\u00e8re magistrale.<\/p>\n<\/blockquote>\n<p>Antoine Dupont en fera-t-il de m\u00eame ? C&rsquo;est tout ce qu&rsquo;on esp\u00e8re pour le capitaine du XV de France et du Stade Toulousain.<\/p>\n<p>   Partagez cette info avec vos amis et vos proches en cliquant ici<br \/> Pour r\u00e9sumer<\/p>\n<p>Dan Carter touch\u00e9 pour Antoine Dupont mais confiant en vue de l&rsquo;avenir pour le capitaine du XV de France et du Stade Toulousain.<\/p>\n<p>R\u00e9dacteur<\/p>\n<p><img decoding=\"async\" width=\"76\" height=\"76\" loading=\"lazy\" src=\"https:\/\/www.europesays.com\/fr\/wp-content\/uploads\/2025\/06\/logo-victor-willems.jpg\" alt=\"Victor Willems\"\/><\/p>\n","protected":false},"excerpt":{"rendered":"Dan Carter touch\u00e9 pour Antoine Dupont mais confiant en vue de l&rsquo;avenir pour le capitaine du XV de&hellip;\n","protected":false},"author":2,"featured_media":240017,"comment_status":"","ping_status":"","sticky":false,"template":"","format":"standard","meta":{"footnotes":""},"categories":[1416],"tags":[1011,27,479,1468,60],"class_list":{"0":"post-240016","1":"post","2":"type-post","3":"status-publish","4":"format-standard","5":"has-post-thumbnail","7":"category-rugby","8":"tag-fr","9":"tag-france","10":"tag-rugby","11":"tag-rugby-football","12":"tag-sports"},"share_on_mastodon":{"url":"https:\/\/pubeurope.com\/@fr\/114828965718922410","error":""},"_links":{"self":[{"href":"https:\/\/www.europesays.com\/fr\/wp-json\/wp\/v2\/posts\/240016","targetHints":{"allow":["GET"]}}],"collection":[{"href":"https:\/\/www.europesays.com\/fr\/wp-json\/wp\/v2\/posts"}],"about":[{"href":"https:\/\/www.europesays.com\/fr\/wp-json\/wp\/v2\/types\/post"}],"author":[{"embeddable":true,"href":"https:\/\/www.europesays.com\/fr\/wp-json\/wp\/v2\/users\/2"}],"replies":[{"embeddable":true,"href":"https:\/\/www.europesays.com\/fr\/wp-json\/wp\/v2\/comments?post=240016"}],"version-history":[{"count":0,"href":"https:\/\/www.europesays.com\/fr\/wp-json\/wp\/v2\/posts\/240016\/revisions"}],"wp:featuredmedia":[{"embeddable":true,"href":"https:\/\/www.europesays.com\/fr\/wp-json\/wp\/v2\/media\/240017"}],"wp:attachment":[{"href":"https:\/\/www.europesays.com\/fr\/wp-json\/wp\/v2\/media?parent=240016"}],"wp:term":[{"taxonomy":"category","embeddable":true,"href":"https:\/\/www.europesays.com\/fr\/wp-json\/wp\/v2\/categories?post=240016"},{"taxonomy":"post_tag","embeddable":true,"href":"https:\/\/www.europesays.com\/fr\/wp-json\/wp\/v2\/tags?post=240016"}],"curies":[{"name":"wp","href":"https:\/\/api.w.org\/{rel}","templated":true}]}}