{"id":240018,"date":"2025-07-10T12:35:15","date_gmt":"2025-07-10T12:35:15","guid":{"rendered":"https:\/\/www.europesays.com\/fr\/240018\/"},"modified":"2025-07-10T12:35:15","modified_gmt":"2025-07-10T12:35:15","slug":"hugh-grant-repere-avec-sa-femme-a-wimbledon-il-se-fait-remarquer-pour-une-raison-aussi-drole-que-genante","status":"publish","type":"post","link":"https:\/\/www.europesays.com\/fr\/240018\/","title":{"rendered":"Hugh Grant rep\u00e9r\u00e9 avec sa femme \u00e0 Wimbledon, il se fait remarquer pour une raison aussi dr\u00f4le que g\u00eanante !"},"content":{"rendered":"<p>Depuis le 30 juin et jusqu\u2019au 13 juillet, une partie du<br \/>\nRoyaume-Uni vit au rythme des balles de tennis, puisque se tient en<br \/>\nce moment le tournoi de Wimbledon. Un \u00e9v\u00e9nement incontournable, qui<br \/>\n\u00e0 l\u2019instar de Roland-Garros, <a href=\"https:\/\/www.closermag.fr\/people\/roger-federer-et-sa-femme-look-dete-pour-carole-middleton-frederik-de-danemark-du-beau-monde-pour-la-2e-semaine-de-wimbledon-3561613\" rel=\"nofollow noopener\" target=\"_blank\"><br \/>\nrassemble les plus grandes stars.<\/a> Depuis le d\u00e9but des matchs,<br \/>\nplusieurs t\u00eates couronn\u00e9es ont \u00e9t\u00e9 vues dans <strong>la Royal<br \/>\nBox<\/strong>, un espace sp\u00e9cialement r\u00e9serv\u00e9 \u00e0 la royaut\u00e9. Mais les<br \/>\nmembres de la famille royale ne sont pas les seules personnalit\u00e9s \u00e0<br \/>\n\u00eatre pris de passion par le tennis.<\/p>\n<p>Le 9 juillet, c\u2019es<a href=\"https:\/\/www.closermag.fr\/people\/hugh-grant-et-elizabeth-hurley-retour-sur-l-histoire-du-couple-1202565#item=1\" rel=\"nofollow noopener\" target=\"_blank\">t<br \/>\nHugh Grant et sa femme<\/a> qui ont \u00e9t\u00e9 vus dans les gradins de<br \/>\nWimbledon. Et une image a particuli\u00e8rement marqu\u00e9 les esprits.<\/p>\n<p>Hugh grant s\u2019endort \u00e0 Wimbledon<\/p>\n<p>Faire du sport s\u2019av\u00e8re souvent \u00e9puisant. Et visiblement, en<br \/>\nregarder l\u2019est tout autant. Il semblerait que ce soit le cas pour<br \/>\nHugh Grant. L\u2019acteur hollywoodien \u00e9tait dans les gradins du All<br \/>\nEngland Lawn Tennis and Croquet Club. Il est venu assister au quart<br \/>\nde finale, un match tr\u00e8s attendu qui opposait <strong>Novak<br \/>\nDjokovic et Flavio Cobolli.<\/strong> Alors que le match battait son<br \/>\nplein, tout le monde avait les yeux riv\u00e9s sur les sportifs\u2026 sauf<br \/>\nHugh Grant.<\/p>\n<p>En effet, <strong>l\u2019acteur a \u00e9t\u00e9 pris en flagrant d\u00e9lit de<br \/>\nsieste !<\/strong> Les cam\u00e9ras de la BBC l\u2019ont film\u00e9 aux c\u00f4t\u00e9s de sa<br \/>\nfemme Anna Elisabet Eberstein. Avec ses lunettes de soleil noires<br \/>\nviss\u00e9es sur le nez, rien ne prouve qu\u2019il dormait r\u00e9ellement. Mais<br \/>\nentre ses bras crois\u00e9s, sa t\u00eate l\u00e9g\u00e8rement pench\u00e9e sur son \u00e9paule<br \/>\net son absence de mouvements, tout laisse \u00e0 croire qu\u2019il s\u2019est bel<br \/>\net bien accord\u00e9 un petit somme. L\u2019image est devenue virale et \u00e0<br \/>\nrapidement fait le tour des r\u00e9seaux sociaux.<\/p>\n<blockquote class=\"twitter-tweet\"><p><a class=\"twitter-link\" rel=\"noindex, nofollow noopener\" href=\"https:\/\/twitter.com\/DailyMailCeleb\/status\/1942997932740853965\" target=\"_blank\"><\/p><\/blockquote>\n<p>Hugh Grant aux c\u00f4t\u00e9s de la reine<br \/>\nCamila<\/p>\n<p>La petite sieste de Hugh Grant aurait pu passer inaper\u00e7ue s\u2019il<br \/>\nn\u2019avait pas \u00e9t\u00e9 dans la Royal Box. L\u2019acteur phare de Bridget Jones<br \/>\net sa femme ont pris place juste derri\u00e8re <a href=\"https:\/\/www.closermag.fr\/royautes\/camilla-parker-bowles-son-fils-balance-une-verite-meconnue-sur-ses-intentions-en-arrivant-dans-la-famille-royale-3561504\" rel=\"nofollow noopener\" target=\"_blank\"><br \/>\nla reine Camila<\/a> et sa s\u0153ur Annabelle, qui \u00e9taient quant \u00e0 elles<br \/>\nassises au premier rang. Le quatuor a d\u2019ailleurs \u00e9t\u00e9 vu en train<br \/>\nd\u2019\u00e9changer quelques mots.<\/p>\n<p>Ce jour-l\u00e0, il y avait du beau monde dans les gradins. Hannah<br \/>\nWaddingham, Emily Atack mais aussi Jack Whitehall et sa fianc\u00e9e<br \/>\nRoxy Horner \u00e9taient de la partie. Le match s\u2019est sold\u00e9 par une<br \/>\nvictoire du Serbe Novak Djokovic. Il jouera sa place en finale<br \/>\ncontre le num\u00e9ro un mondial.<\/p>\n<p>Diaporama<br \/>\n<img decoding=\"async\" class=\"diapo_img img-responsive lazy-load\" loading=\"lazy\" src=\"https:\/\/www.europesays.com\/fr\/wp-content\/uploads\/2025\/07\/bestimage_00714782_000001.jpg\"\/><\/p>\n<p>\u00a9 Chryslene Caillaud \/ PsnewZ \/<br \/>\nBestimage<\/p>\n<p>1\/5 Hugh Grant et sa femme Anna Eberstein,<br \/>\nassis derri\u00e8re la reine consort d&rsquo;Angleterre, assistent au tournoi<br \/>\nde tennis de Wimbledon \u00e0 Londres<\/p>\n<p>Hugh Grant s&rsquo;appr\u00eate \u00e0 faire une sieste au Wimbeldon<\/p>\n<p><img decoding=\"async\" class=\"diapo_img img-responsive lazy-load\" loading=\"lazy\" src=\"https:\/\/www.europesays.com\/fr\/wp-content\/uploads\/2025\/07\/bestimage_00714782_000003.jpg\"\/><\/p>\n<p>\u00a9 Chryslene Caillaud \/ PsnewZ \/<br \/>\nBestimage<\/p>\n<p>2\/5 Hugh Grant et sa femme Anna Eberstein,<br \/>\nassis derri\u00e8re la reine consort d&rsquo;Angleterre, assistent au tournoi<br \/>\nde tennis de Wimbledon \u00e0 Londres<\/p>\n<p>Hugh Grant et sa femme Anna Eberstein lors des quarts de finale<br \/>\nde Wimbledpn<\/p>\n<p><img decoding=\"async\" class=\"diapo_img img-responsive lazy-load\" loading=\"lazy\" src=\"https:\/\/www.europesays.com\/fr\/wp-content\/uploads\/2025\/07\/bestimage_00714782_000014.jpg\"\/><\/p>\n<p>\u00a9 Chryslene Caillaud \/ PsnewZ \/<br \/>\nBestimage<\/p>\n<p>3\/5 Hugh Grant et sa femme Anna Eberstein,<br \/>\nassis derri\u00e8re la reine consort d&rsquo;Angleterre, assistent au tournoi<br \/>\nde tennis de Wimbledon \u00e0 Londres<\/p>\n<p>Hugh Grant et sa femme Anna Eberstein,<br \/>\nassis derri\u00e8re la reine consort d&rsquo;Angleterre, assistent au tournoi<br \/>\nde tennis de Wimbledon \u00e0 Londres, le 9 juillet 2025. \u00a9 Chryslene<br \/>\nCaillaud \/ PsnewZ \/ Bestimage<\/p>\n<p><img decoding=\"async\" class=\"diapo_img img-responsive lazy-load\" loading=\"lazy\" src=\"https:\/\/www.europesays.com\/fr\/wp-content\/uploads\/2025\/07\/bestimage_00714909_000014.jpg\"\/><\/p>\n<p>\u00a9 Chryslene Caillaud \/ PsnewZ \/<br \/>\nBestimage<\/p>\n<p>4\/5 Les c\u00e9l\u00e9brit\u00e9s dans les tribunes du<br \/>\ntournoi de Wimbledon<\/p>\n<p>9 July 2025. The All England Lawn Tennis<br \/>\nand Croquet Club Championships. Members of the Royal Family enjoy a<br \/>\nday at Wimbledon Tennis. Pictured, HM Queen Camilla (Camilla Parker<br \/>\nBowles, reine consort d&rsquo;Angleterre), Hugh Grant<\/p>\n<p>Hugh Grant et sa femme au tournoi de Wimbledon<\/p>\n<p><img decoding=\"async\" class=\"diapo_img img-responsive lazy-load\" loading=\"lazy\" src=\"https:\/\/www.europesays.com\/fr\/wp-content\/uploads\/2025\/07\/bestimage_00714909_000015.jpg\"\/><\/p>\n<p>\u00a9 Chryslene Caillaud \/ PsnewZ \/<br \/>\nBestimage<\/p>\n<p>5\/5 Les c\u00e9l\u00e9brit\u00e9s dans les tribunes du<br \/>\ntournoi de Wimbledon<\/p>\n<p>Hugh Grant et sa femme dans la Royal<br \/>\nBox<\/p>\n<p><script async src=\"https:\/\/platform.twitter.com\/widgets.js\" charset=\"utf-8\"><\/script><\/p>\n","protected":false},"excerpt":{"rendered":"Depuis le 30 juin et jusqu\u2019au 13 juillet, une partie du Royaume-Uni vit au rythme des balles de&hellip;\n","protected":false},"author":2,"featured_media":240019,"comment_status":"","ping_status":"","sticky":false,"template":"","format":"standard","meta":{"footnotes":""},"categories":[1415],"tags":[1011,27,1638,60,1467],"class_list":{"0":"post-240018","1":"post","2":"type-post","3":"status-publish","4":"format-standard","5":"has-post-thumbnail","7":"category-tennis","8":"tag-fr","9":"tag-france","10":"tag-has_diapo","11":"tag-sports","12":"tag-tennis"},"share_on_mastodon":{"url":"https:\/\/pubeurope.com\/@fr\/114828969747996313","error":""},"_links":{"self":[{"href":"https:\/\/www.europesays.com\/fr\/wp-json\/wp\/v2\/posts\/240018","targetHints":{"allow":["GET"]}}],"collection":[{"href":"https:\/\/www.europesays.com\/fr\/wp-json\/wp\/v2\/posts"}],"about":[{"href":"https:\/\/www.europesays.com\/fr\/wp-json\/wp\/v2\/types\/post"}],"author":[{"embeddable":true,"href":"https:\/\/www.europesays.com\/fr\/wp-json\/wp\/v2\/users\/2"}],"replies":[{"embeddable":true,"href":"https:\/\/www.europesays.com\/fr\/wp-json\/wp\/v2\/comments?post=240018"}],"version-history":[{"count":0,"href":"https:\/\/www.europesays.com\/fr\/wp-json\/wp\/v2\/posts\/240018\/revisions"}],"wp:featuredmedia":[{"embeddable":true,"href":"https:\/\/www.europesays.com\/fr\/wp-json\/wp\/v2\/media\/240019"}],"wp:attachment":[{"href":"https:\/\/www.europesays.com\/fr\/wp-json\/wp\/v2\/media?parent=240018"}],"wp:term":[{"taxonomy":"category","embeddable":true,"href":"https:\/\/www.europesays.com\/fr\/wp-json\/wp\/v2\/categories?post=240018"},{"taxonomy":"post_tag","embeddable":true,"href":"https:\/\/www.europesays.com\/fr\/wp-json\/wp\/v2\/tags?post=240018"}],"curies":[{"name":"wp","href":"https:\/\/api.w.org\/{rel}","templated":true}]}}