{"id":240024,"date":"2025-07-10T12:39:10","date_gmt":"2025-07-10T12:39:10","guid":{"rendered":"https:\/\/www.europesays.com\/fr\/240024\/"},"modified":"2025-07-10T12:39:10","modified_gmt":"2025-07-10T12:39:10","slug":"retour-darmstrong-dans-le-peloton-la-reponse-tres-frileuse-de-luci","status":"publish","type":"post","link":"https:\/\/www.europesays.com\/fr\/240024\/","title":{"rendered":"retour d\u2019Armstrong dans le peloton, la r\u00e9ponse tr\u00e8s frileuse de l\u2019UCI"},"content":{"rendered":"<p>L\u2019Union cycliste internationale \u00e9tudiera la demande d\u2019enregistrement de la nouvelle \u00e9quipe am\u00e9ricaine \u00e0 travers des crit\u00e8res \u00e9thiques, financiers et administratifs.<\/p>\n<p class=\"fig-paragraph\">Lance Armstrong est encore tr\u00e8s loin d\u2019effectuer son grand retour dans le peloton professionnel. Alors que l\u2019Am\u00e9ricain doit \u00eatre partenaire de la future \u00e9quipe Modern Adventure Pro Cycling\u00a0<a href=\"http:\/\/www.lefigaro.fr\/sports\/cyclisme\/tour-de-france\/tour-de-france-lance-armstrong-de-retour-dans-le-peloton-ce-n-est-pas-serieux-lache-jean-rene-bernaudeau-20250706\" data-fig-type=\"NewsFlash\" data-gtm-custom-categorie=\"navigation\" data-gtm-custom-action=\"crossclick\" data-gtm-custom-label=\"Contextuel\" data-gtm-event=\"customEventSPE\" data-fig-domain=\"LEFIGARO\" rel=\"nofollow noopener\" target=\"_blank\">fond\u00e9e par son co\u00e9quipier George Hincapie via son podcast The Move<\/a>, l\u2019instance internationale a tenu a r\u00e9agi \u00e0 la nouvelle.<\/p>\n<p class=\"fig-paragraph\">L\u2019organisation qui r\u00e9unit 203 f\u00e9d\u00e9rations nationales\u00a0<a href=\"http:\/\/www.lefigaro.fr\/sports\/cyclisme\/tour-de-france\/david-lappartient-aucune-raison-objective-de-douter-de-la-performance-de-tadej-pogacar-20250707\" data-fig-type=\"Article\" data-gtm-custom-categorie=\"navigation\" data-gtm-custom-action=\"crossclick\" data-gtm-custom-label=\"Contextuel\" data-gtm-event=\"customEventSPE\" data-fig-domain=\"LEFIGARO\" rel=\"nofollow noopener\" target=\"_blank\">sous la pr\u00e9sidence du Fran\u00e7ais David Lappartient\u00a0<\/a>a confirm\u00e9 avoir re\u00e7u une demande d\u2019enregistrement venue des \u00c9tats-Unis en tant qu\u2019UCI ProTeam (la deuxi\u00e8me division du cyclisme professionnel, Ndlr). Celle-ci sera \u00abexamin\u00e9e par l\u2019UCI conform\u00e9ment aux proc\u00e9dures pr\u00e9vues par le R\u00e8glement UCI.\u00bb<\/p>\n<p>                                    <a class=\"fig-a11y-skip a11y-hidden\" href=\"#fig-a11y-skip-main-inarticle\"><br \/>\n        Passer la publicit\u00e9<br \/>\n    <\/a><\/p>\n<p>Un crit\u00e8re \u00ab\u00e9thique\u00bb qui pose probl\u00e8me\u00a0?<\/p>\n<p class=\"fig-paragraph\">Le chemin semble tout de m\u00eame sem\u00e9 d\u2019emb\u00fbches pour George Hincapie, ancien co\u00e9quipier d\u2019Armstrong au sein de l\u2019\u00e9quipe US Postal avant de recevoir un feu vert. \u00abLes demandes d\u2019enregistrement en tant qu\u2019UCI ProTeam sont \u00e9valu\u00e9es selon des crit\u00e8res \u00e9thiques, financiers et administratifs, et sont transmises \u00e0 la commission des licences de l\u2019UCI, compos\u00e9e de membres ind\u00e9pendants, si l\u2019un de ces crit\u00e8res est consid\u00e9r\u00e9 comme non rempli\u00bb, a pr\u00e9cis\u00e9 l\u2019instance patronne du cyclisme mondial.<\/p>\n<p class=\"fig-paragraph\">Sur les trois crit\u00e8res \u00e9valu\u00e9s par l\u2019UCI, celui de l\u2019\u00e9thique pourrait constituer un s\u00e9rieux obstacle pour la nouvelle formation d\u2019outre-Atlantique qui esp\u00e8re participer au Tour de France \u00abdans les cinq ans\u00bb. Lance Armstrong, vainqueur de sept Tour de France entre 1999 et 2005 puis destitu\u00e9 de ses titres apr\u00e8s un scandale de dopage en 2012, a \u00e9t\u00e9 banni \u00e0 vie de toute activit\u00e9 dans les sports qui suivent le Code mondial antidopage auquel adh\u00e8re \u00e9videmment l\u2019Union cycliste internationale.<\/p>\n<p>La liste des \u00e9quipes enregistr\u00e9es connues le 10 d\u00e9cembre prochain<\/p>\n<p class=\"fig-paragraph\">L\u2019UCI a ajout\u00e9 qu\u2019elle ne ferait \u00abaucun autre commentaire avant ou pendant le processus d\u2019enregistrement, en dehors des communications pr\u00e9vues par le r\u00e8glement UCI\u00bb. Les noms des \u00e9quipes ayant d\u00e9pos\u00e9 un dossier d\u2019inscription seront connus le 20 octobre prochain. L\u2019identit\u00e9 des \u00e9quipes enregistr\u00e9es pour la saison suivante sera d\u00e9voil\u00e9e le 10 d\u00e9cembre prochain.<\/p>\n<p>    <a href=\"https:\/\/photo.lefigaro.fr\/bons-plans\/sport\/tour-de-france-ces-visites-de-stars-qui-ont-marque-l-histoire-de-la-course-20250623\" rel=\"nofollow noopener\" target=\"_blank\"><\/p>\n<p class=\"fig-slideshow__title\">\n                    Tour de France\u00a0: Delon, Ventura, Cruise ou Schwarzenegger, ces stars qui faisaient le show dans la caravane\n                <\/p>\n<p>Acc\u00e9der au diaporama (15)<\/p>\n<p>    <\/a><\/p>\n","protected":false},"excerpt":{"rendered":"L\u2019Union cycliste internationale \u00e9tudiera la demande d\u2019enregistrement de la nouvelle \u00e9quipe am\u00e9ricaine \u00e0 travers des crit\u00e8res \u00e9thiques, financiers&hellip;\n","protected":false},"author":2,"featured_media":240025,"comment_status":"","ping_status":"","sticky":false,"template":"","format":"standard","meta":{"footnotes":""},"categories":[1411],"tags":[1154,207,1011,27,37942,60,210],"class_list":{"0":"post-240024","1":"post","2":"type-post","3":"status-publish","4":"format-standard","5":"has-post-thumbnail","7":"category-cyclisme","8":"tag-cycling","9":"tag-cyclisme","10":"tag-fr","11":"tag-france","12":"tag-lance-armstrong","13":"tag-sports","14":"tag-tour-de-france"},"share_on_mastodon":{"url":"https:\/\/pubeurope.com\/@fr\/114828985182196758","error":""},"_links":{"self":[{"href":"https:\/\/www.europesays.com\/fr\/wp-json\/wp\/v2\/posts\/240024","targetHints":{"allow":["GET"]}}],"collection":[{"href":"https:\/\/www.europesays.com\/fr\/wp-json\/wp\/v2\/posts"}],"about":[{"href":"https:\/\/www.europesays.com\/fr\/wp-json\/wp\/v2\/types\/post"}],"author":[{"embeddable":true,"href":"https:\/\/www.europesays.com\/fr\/wp-json\/wp\/v2\/users\/2"}],"replies":[{"embeddable":true,"href":"https:\/\/www.europesays.com\/fr\/wp-json\/wp\/v2\/comments?post=240024"}],"version-history":[{"count":0,"href":"https:\/\/www.europesays.com\/fr\/wp-json\/wp\/v2\/posts\/240024\/revisions"}],"wp:featuredmedia":[{"embeddable":true,"href":"https:\/\/www.europesays.com\/fr\/wp-json\/wp\/v2\/media\/240025"}],"wp:attachment":[{"href":"https:\/\/www.europesays.com\/fr\/wp-json\/wp\/v2\/media?parent=240024"}],"wp:term":[{"taxonomy":"category","embeddable":true,"href":"https:\/\/www.europesays.com\/fr\/wp-json\/wp\/v2\/categories?post=240024"},{"taxonomy":"post_tag","embeddable":true,"href":"https:\/\/www.europesays.com\/fr\/wp-json\/wp\/v2\/tags?post=240024"}],"curies":[{"name":"wp","href":"https:\/\/api.w.org\/{rel}","templated":true}]}}