{"id":240030,"date":"2025-07-10T12:42:25","date_gmt":"2025-07-10T12:42:25","guid":{"rendered":"https:\/\/www.europesays.com\/fr\/240030\/"},"modified":"2025-07-10T12:42:25","modified_gmt":"2025-07-10T12:42:25","slug":"un-musee-de-la-photographie-annonce-par-rachida-dati","status":"publish","type":"post","link":"https:\/\/www.europesays.com\/fr\/240030\/","title":{"rendered":"Un mus\u00e9e de la photographie annonc\u00e9 par Rachida Dati"},"content":{"rendered":"<p class=\"editor-content__paragraph\">Dimanche 6\u00a0juillet, apr\u00e8s avoir fait un tour dans les expositions de la <strong><a href=\"https:\/\/www.beauxarts.com\/expos\/a-arles-8-expositions-photos-d-images-indociles-et-jouissives\/\" target=\"_blank\" rel=\"noopener nofollow\">56e \u00e9dition des Rencontres de la photographie d\u2019Arles<\/a><\/strong>, la veille de son ouverture au public, la ministre de la Culture <strong>Rachida Dati<\/strong> a surpris les journalistes en faisant plusieurs annonces importantes, sans passer par une conf\u00e9rence de presse officielle.<\/p>\n<p class=\"editor-content__paragraph\">\u00c0 la faveur d\u2019un micro tendu \u00e0 la fondation Luma, en pr\u00e9sence de la fondatrice du lieu, Maja Hoffmann, et du maire de la ville, Patrick de Carolis, la locataire de la rue de Valois a relanc\u00e9 le<strong> projet d\u2019un grand mus\u00e9e de la photographie \u00e0 Arles<\/strong>, et donn\u00e9 de premiers d\u00e9tails sur le programme des c\u00e9l\u00e9brations du <a href=\"https:\/\/www.beauxarts.com\/grand-format\/une-grande-celebration-du-bicentenaire-de-linvention-de-la-photographie-annoncee-pour-2026-2027\/\" target=\"_blank\" rel=\"noopener nofollow\"><strong>bicentenaire de la naissance de la photographie<\/strong>, pr\u00e9vues pour 2026\u20132027.<\/a><\/p>\n<p>        \u00c0 lire aussi :<br \/>\n        <a class=\"renvoi-explicite__link\" href=\"https:\/\/www.beauxarts.com\/expos\/a-arles-8-expositions-photos-d-images-indociles-et-jouissives\/\" rel=\"nofollow noopener\" target=\"_blank\">\u00c0 Arles, 8 expositions photos d\u2019\u00ab images indociles \u00bb et jouissives<\/a><\/p>\n<p>Un mus\u00e9e annonc\u00e9 depuis de nombreuses ann\u00e9es<\/p>\n<p class=\"editor-content__paragraph\">\u00ab\u00a0Arles, ville de la photographie par excellence, pourrait accueillir un mus\u00e9e qui soit en r\u00e9seau avec les autres grandes institutions de la photographie et qui <strong>pr\u00e9sente les tr\u00e9sors de nos collections nationales<\/strong>\u00a0: celles du Cnap, celles des Rencontres d\u00e9j\u00e0 conserv\u00e9es \u00e0 Arles, celles de la m\u00e9diath\u00e8que du patrimoine, celles de l\u2019Institut pour la photographie \u00e0 Lille\u00a0\u00bb, a lanc\u00e9 la ministre. Si la pertinence, la faisabilit\u00e9 et les modalit\u00e9s du projet doivent d\u2019abord \u00eatre <strong>\u00e9tudi\u00e9es lors d\u2019une mission de pr\u00e9figuration<\/strong>, un lieu est d\u00e9j\u00e0 envisag\u00e9 pour accueillir ce nouvel \u00e9tablissement\u00a0: <strong>les papeteries \u00c9tienne<\/strong>, un entrep\u00f4t qui accueille actuellement les nouveaux locaux administratifs et de stockage du festival.<\/p>\n<p class=\"editor-content__paragraph\">Qualifi\u00e9e de \u00ab\u00a0serpent de mer\u00a0\u00bb par le quotidien <a href=\"https:\/\/www.liberation.fr\/culture\/arts\/aux-rencontres-darles-rachida-dati-relance-encore-lidee-dun-musee-de-la-photographie-20250707_OZG5UCIJ7RAERI4TGZLAWWYPT4\/\" target=\"_blank\" rel=\"noopener nofollow\">Lib\u00e9ration<\/a>, cette id\u00e9e, qui aurait \u00e9t\u00e9 sugg\u00e9r\u00e9e \u00e0 Rachida Dati par les \u00e9quipes du festival, avait d\u00e9j\u00e0 \u00e9t\u00e9 <strong>\u00e9voqu\u00e9e plusieurs fois par le pass\u00e9 depuis les ann\u00e9es 1980<\/strong>, et semblait s\u2019\u00eatre cristallis\u00e9e en 2021\u00a0autour de l\u2019ouverture de la <strong>fondation Luma<\/strong>.<\/p>\n<p>    <img loading=\"lazy\" decoding=\"async\" class=\"image__img\" src=\"https:\/\/www.europesays.com\/fr\/wp-content\/uploads\/2025\/07\/uneandia.abc_955886_004-1-964x723.jpg\" alt=\"UNEAndia.ABC 955886 004 (1)\" width=\"964\" height=\"723\"\/><\/p>\n<p>UNEAndia.ABC 955886\u00a0004 (1)<\/p>\n<p class=\"editor-content__paragraph\">Certes priv\u00e9, ce centre ambitieux install\u00e9 dans une tour rutilante sign\u00e9e Frank Gehry \u2013 qui dispose d\u2019environ 2\u00a0000\u00a0m\u00b2 d\u00e9di\u00e9s \u00e0 l\u2019exposition d\u2019\u0153uvres de photographes majeurs, contemporains et historiques, abrite des <strong>archives importantes<\/strong> (dont celles d\u2019Annie Leibovitz) et des \u00e9quipements de haut niveau \u2013 affiche en effet un mod\u00e8le proche de celui d\u2019un grand mus\u00e9e national, m\u00ealant collection, recherche, production et diffusion. Le nouveau projet devra donc justifier de sa pertinence et <strong>d\u00e9montrer sa singularit\u00e9<\/strong> par rapport \u00e0 cette institution existante.<\/p>\n<p>De grandes expositions photographiques partout en France<\/p>\n<p class=\"editor-content__paragraph\">Rachida Dati a \u00e9galement fourni quelques d\u00e9tails in\u00e9dits sur le <strong>programme du bicentenaire de la photographie<\/strong>, qui s\u2019ouvrira \u00e0 l\u2019automne 2026\u00a0pour f\u00eater l\u2019anniversaire de <a href=\"https:\/\/www.beauxarts.com\/grand-format\/ep-5-aux-origines-de-la-photographie-une-folle-course-a-linnovation\/\" target=\"_blank\" rel=\"noopener nofollow\">l\u2019invention de Nic\u00e9phore Ni\u00e9pce<\/a>. <strong>\u00ab\u00a0180\u00a0projets<\/strong> ont \u00e9t\u00e9 retenus \u00e0 ce jour parmi les 300\u00a0propos\u00e9s par le comit\u00e9 de s\u00e9lection\u00a0\u00bb, a annonc\u00e9 la ministre. Parmi eux, une <strong>grande exposition sur le nu \u00e0 la Biblioth\u00e8que nationale de France<\/strong>, une exposition <strong>au Louvre<\/strong> sur la fa\u00e7on dont le plus grand mus\u00e9e au monde a inspir\u00e9 les photographes, ainsi qu\u2019une carte blanche \u00e0 Wajdi Mouawad au <strong>Palais de la Porte-Dor\u00e9e<\/strong>.<\/p>\n<p class=\"editor-content__paragraph\">Plusieurs expositions monographiques sont \u00e9galement en pr\u00e9paration pour animer cette grande c\u00e9l\u00e9bration\u00a0: seront ainsi mis en valeur <strong>Bernard Plossu<\/strong> (connu pour ses reportages de voyages) au mus\u00e9e de Grenoble et au mus\u00e9e d\u2019Art moderne et contemporain de Saint-\u00c9tienne\u00a0; <strong>Isabelle Le Minh<\/strong> (qui questionne dans une d\u00e9marche conceptuelle la nature du m\u00e9dium, notamment en d\u00e9tournant des photographies anciennes) au Centre photographique d\u2019\u00cele-de-France\u00a0; <strong>Alice Bommer<\/strong> (connue pour ses photographies industrielles, architecturales ou documentaires empreintes d\u2019humanisme) \u00e0 la cath\u00e9drale Notre-Dame de Strasbourg\u00a0; et <strong>Fernand Bibas<\/strong> (premier photographe de presse professionnel ayant document\u00e9 la vie martiniquaise) aux Archives territoriales de Martinique de Fort-de-France.<\/p>\n<p class=\"editor-content__paragraph\">La ministre, qui vient \u00e9galement de lancer <a href=\"https:\/\/www.culture.gouv.fr\/espace-documentation\/documentation-scientifique-et-technique\/un-guide-juridique-et-pratique-sur-la-liberte-de-creation\" target=\"_blank\" rel=\"noopener nofollow\"><strong>son guide pratique en ligne sur la libert\u00e9 de cr\u00e9ation<\/strong><\/a> \u2013 adress\u00e9 \u00e0 l\u2019ensemble des acteurs du monde de la culture \u2013, a aussi confirm\u00e9 lors de cet \u00e9change<strong> son intention de se rendre au festival d\u2019Avignon<\/strong>. Bravant ainsi les menaces de la CGT-Spectacle qui avait, en guise de protestation contre les coupes budg\u00e9taires, appel\u00e9 \u00e0 ne pas jouer si elle se rendait au palais de Papes.<\/p>\n<p>        \u00c0 lire aussi :<br \/>\n        <a class=\"renvoi-explicite__link\" href=\"https:\/\/www.beauxarts.com\/grand-format\/une-grande-celebration-du-bicentenaire-de-linvention-de-la-photographie-annoncee-pour-2026-2027\/\" rel=\"nofollow noopener\" target=\"_blank\">Une grande c\u00e9l\u00e9bration du bicentenaire de l&rsquo;invention de la photographie annonc\u00e9e pour 2026-2027<\/a><\/p>\n","protected":false},"excerpt":{"rendered":"Dimanche 6\u00a0juillet, apr\u00e8s avoir fait un tour dans les expositions de la 56e \u00e9dition des Rencontres de la&hellip;\n","protected":false},"author":2,"featured_media":240031,"comment_status":"","ping_status":"","sticky":false,"template":"","format":"standard","meta":{"footnotes":""},"categories":[1358],"tags":[1348,1384,1385,1386,58,59,1011,27],"class_list":{"0":"post-240030","1":"post","2":"type-post","3":"status-publish","4":"format-standard","5":"has-post-thumbnail","7":"category-arts-et-design","8":"tag-arts","9":"tag-arts-and-design","10":"tag-arts-et-design","11":"tag-design","12":"tag-divertissement","13":"tag-entertainment","14":"tag-fr","15":"tag-france"},"share_on_mastodon":{"url":"https:\/\/pubeurope.com\/@fr\/114828997096717588","error":""},"_links":{"self":[{"href":"https:\/\/www.europesays.com\/fr\/wp-json\/wp\/v2\/posts\/240030","targetHints":{"allow":["GET"]}}],"collection":[{"href":"https:\/\/www.europesays.com\/fr\/wp-json\/wp\/v2\/posts"}],"about":[{"href":"https:\/\/www.europesays.com\/fr\/wp-json\/wp\/v2\/types\/post"}],"author":[{"embeddable":true,"href":"https:\/\/www.europesays.com\/fr\/wp-json\/wp\/v2\/users\/2"}],"replies":[{"embeddable":true,"href":"https:\/\/www.europesays.com\/fr\/wp-json\/wp\/v2\/comments?post=240030"}],"version-history":[{"count":0,"href":"https:\/\/www.europesays.com\/fr\/wp-json\/wp\/v2\/posts\/240030\/revisions"}],"wp:featuredmedia":[{"embeddable":true,"href":"https:\/\/www.europesays.com\/fr\/wp-json\/wp\/v2\/media\/240031"}],"wp:attachment":[{"href":"https:\/\/www.europesays.com\/fr\/wp-json\/wp\/v2\/media?parent=240030"}],"wp:term":[{"taxonomy":"category","embeddable":true,"href":"https:\/\/www.europesays.com\/fr\/wp-json\/wp\/v2\/categories?post=240030"},{"taxonomy":"post_tag","embeddable":true,"href":"https:\/\/www.europesays.com\/fr\/wp-json\/wp\/v2\/tags?post=240030"}],"curies":[{"name":"wp","href":"https:\/\/api.w.org\/{rel}","templated":true}]}}