{"id":240050,"date":"2025-07-10T12:52:13","date_gmt":"2025-07-10T12:52:13","guid":{"rendered":"https:\/\/www.europesays.com\/fr\/240050\/"},"modified":"2025-07-10T12:52:13","modified_gmt":"2025-07-10T12:52:13","slug":"guerre-en-ukraine-la-reunion-entre-lamericain-marco-rubio-et-le-russe-serguei-lavrov-a-debute-a-kuala-lumpur-le-figaro","status":"publish","type":"post","link":"https:\/\/www.europesays.com\/fr\/240050\/","title":{"rendered":"Guerre en Ukraine : la r\u00e9union entre l\u2019Am\u00e9ricain Marco Rubio et le Russe Sergue\u00ef Lavrov a d\u00e9but\u00e9 \u00e0 Kuala Lumpur &#8211; Le Figaro"},"content":{"rendered":"<ol>\n<li><a href=\"https:\/\/news.google.com\/rss\/articles\/CBMi7AFBVV95cUxNYUJjWXNITG5JYmtPOTdpeV9RdV9sRUVFQUtsZWFnT0tZWkRHaTNiaENwSlc1SWhTX1ZWanNfdVBFYlhpZEdSLUFuTkdpVWVtUGUyZ3FZdkxSUWw1V1h1VUJvV0tHX2tZaVhnY3dGenVVQVVCMEJCTGM1Ujk0c21YaGo3WUdZOEtEVjhKa3NGaHh5cjUwQ3FnYlpnTTU4ZHFkZ3o4cWJSY2NoRkdXb0hlQmMtb3VyUkcyRTE1bU9acWhza3dSa2c4OTZqbFppT2R1d2FpSXdVTmF1MUljd1BwZThwcGllQmpJcUlQRQ?oc=5\" target=\"_blank\" rel=\"nofollow noopener\">Guerre en Ukraine : la r\u00e9union entre l\u2019Am\u00e9ricain Marco Rubio et le Russe Sergue\u00ef Lavrov a d\u00e9but\u00e9 \u00e0 Kuala Lumpur<\/a>&nbsp;&nbsp;Le Figaro<\/li>\n<li><a href=\"https:\/\/news.google.com\/rss\/articles\/CBMipwFBVV95cUxOTlhaWXIyXzlnNXdIYjdhRHRkMV90XzUyem4zMmp0d19veHZOOGJ4WTdGRllkdUFjbTUtbGdhNTZaNTg4N3VVckdZd281eVpFbEZycVVraXRZSm1mX2I1MTh4NUJxMER5TzdzeHZDbWo4UWplZXRkVHd4ZHd6UEs3Q2hRWVBCOVZ2Rm9UOXhuSU5OYUlaVzNzaUVjeTZsS1ZTR2tBYUlBOA?oc=5\" target=\"_blank\" rel=\"nofollow noopener\">Rubio rencontre Lavrov apr\u00e8s une attaque russe sur Kiev<\/a>&nbsp;&nbsp;Actualit\u00e9s \u2013 Orange<\/li>\n<li><a href=\"https:\/\/news.google.com\/rss\/articles\/CBMi3gFBVV95cUxOLXRvTkhXQktmUHZOVk0zX0xoTlpsMFA4clU4V3plOTFia0xtS2YwQ3g4NmI3NU1QM1VOMndKdE01QXhaSjV3MUM3RFVEOWQ0d2pUZnRLRTZPZUJ4eTA4R1laaXBNWWJoQjgzcTkyRm04VjZzZy0wbVc5TmozQml2eXhQZ0tpZF81X2pOTzJHZWJmY24yd1VLa2twdmhwOE1mNURRNjZiWGs3Y29rTFJzbWMzUFpTZGpORnVFSmZBeDZMYjdCX2F2cExYamtNMmExbno3c2VfbWV3TVRLVVE?oc=5\" target=\"_blank\" rel=\"nofollow noopener\">En pleine impasse dans la guerre en Ukraine, le secr\u00e9taire d&rsquo;Etat am\u00e9ricain va rencontrer son homologue russe<\/a>&nbsp;&nbsp;l&rsquo;Opinion<\/li>\n<li><a href=\"https:\/\/news.google.com\/rss\/articles\/CBMi3gFBVV95cUxObGU0Q2wxbFpjZGFLNXRxbE5xeXp4QzgzVzA4d2EzQUZxM25oQTl4NXl4NTN0NnRxZ1F3Sm1qVDU1Z2JhNzh2d194VzRFVkc0R3FkSldWY01fUkxtNDQtRE10MW5FLWlUZFg0Y004UTZfblZnQmk1N1Q0R2FWY3E3UmNHVEpPbzVvS2hsbjdvX3p1V1JRUFpob3FuNTdoZmZXNUZLYWJ6MjIwQnRpWXhpbXdVWDB5Q2tzWmZFYlN4c2UxSzhGT1BOTEtQalhLVTcxMDhYU24zRDVhR3dBY1E?oc=5\" target=\"_blank\" rel=\"nofollow noopener\">Rubio en Malaisie pour discuter avec Lavrov et les pays asiatiques<\/a>&nbsp;&nbsp;Courrier international<\/li>\n<li><a href=\"https:\/\/news.google.com\/rss\/articles\/CBMirAFBVV95cUxPN1I1U2oyMm0tRXZUcHotb0lSNHB0eTRSN01WSkFySHVTeGtvWjdyVUthMEpfTjBOSV81S28wbFhJWXVrUk53MVNVTDI0clhrSjZOQW82cXRZbk5xLTJzOEF6VkpyTzNNZWJsdHlJSUR3T0c4UFAyVUpNUkVBeERyWlY4XzdaaUYwT1Q5QklPNUZad2tiR3JNYU1PY2JVbzJQSUpxaHJmc2luR010?oc=5\" target=\"_blank\" rel=\"nofollow noopener\">Lavrov et Rubio ont eu \u00abun \u00e9change franc\u00bb sur la guerre en Ukraine<\/a>&nbsp;&nbsp;RFI<\/li>\n<\/ol>\n","protected":false},"excerpt":{"rendered":"Guerre en Ukraine : la r\u00e9union entre l\u2019Am\u00e9ricain Marco Rubio et le Russe Sergue\u00ef Lavrov a d\u00e9but\u00e9 \u00e0&hellip;\n","protected":false},"author":2,"featured_media":240051,"comment_status":"","ping_status":"","sticky":false,"template":"","format":"standard","meta":{"footnotes":""},"categories":[5],"tags":[11,73,1011,27,131,14,12,132,28],"class_list":{"0":"post-240050","1":"post","2":"type-post","3":"status-publish","4":"format-standard","5":"has-post-thumbnail","7":"category-international","8":"tag-actualites","9":"tag-etats-unis","10":"tag-fr","11":"tag-france","12":"tag-guerre-en-ukraine","13":"tag-international","14":"tag-news","15":"tag-russie","16":"tag-world"},"share_on_mastodon":{"url":"https:\/\/pubeurope.com\/@fr\/114829036343460087","error":""},"_links":{"self":[{"href":"https:\/\/www.europesays.com\/fr\/wp-json\/wp\/v2\/posts\/240050","targetHints":{"allow":["GET"]}}],"collection":[{"href":"https:\/\/www.europesays.com\/fr\/wp-json\/wp\/v2\/posts"}],"about":[{"href":"https:\/\/www.europesays.com\/fr\/wp-json\/wp\/v2\/types\/post"}],"author":[{"embeddable":true,"href":"https:\/\/www.europesays.com\/fr\/wp-json\/wp\/v2\/users\/2"}],"replies":[{"embeddable":true,"href":"https:\/\/www.europesays.com\/fr\/wp-json\/wp\/v2\/comments?post=240050"}],"version-history":[{"count":0,"href":"https:\/\/www.europesays.com\/fr\/wp-json\/wp\/v2\/posts\/240050\/revisions"}],"wp:featuredmedia":[{"embeddable":true,"href":"https:\/\/www.europesays.com\/fr\/wp-json\/wp\/v2\/media\/240051"}],"wp:attachment":[{"href":"https:\/\/www.europesays.com\/fr\/wp-json\/wp\/v2\/media?parent=240050"}],"wp:term":[{"taxonomy":"category","embeddable":true,"href":"https:\/\/www.europesays.com\/fr\/wp-json\/wp\/v2\/categories?post=240050"},{"taxonomy":"post_tag","embeddable":true,"href":"https:\/\/www.europesays.com\/fr\/wp-json\/wp\/v2\/tags?post=240050"}],"curies":[{"name":"wp","href":"https:\/\/api.w.org\/{rel}","templated":true}]}}