{"id":240052,"date":"2025-07-10T12:53:09","date_gmt":"2025-07-10T12:53:09","guid":{"rendered":"https:\/\/www.europesays.com\/fr\/240052\/"},"modified":"2025-07-10T12:53:09","modified_gmt":"2025-07-10T12:53:09","slug":"la-loi-plm-definitivement-adoptee-par-le-parlement-ce-que-ca-va-changer-pour-lelecteur","status":"publish","type":"post","link":"https:\/\/www.europesays.com\/fr\/240052\/","title":{"rendered":"la loi PLM d\u00e9finitivement adopt\u00e9e par le Parlement, ce que \u00e7a va changer pour l&rsquo;\u00e9lecteur"},"content":{"rendered":"<p itemprop=\"description\"><strong>Elle a \u00e9t\u00e9 largement valid\u00e9e ce jeudi par l\u2019Assembl\u00e9e nationale.<\/strong><\/p>\n<p>Le mode de scrutin va donc bien changer pour les prochaines \u00e9lections municipales de 2026. Avec 112 voix pour et 28 contre, la loi PLM (Paris-Lyon-Marseille) a \u00e9t\u00e9 d\u00e9finitivement adopt\u00e9e par le Parlement ce jeudi malgr\u00e9 un double rejet du S\u00e9nat ces derni\u00e8res semaines et un parcours l\u00e9gislatif chaotique.\u00a0<\/p>\n<p>Port\u00e9e par le gouvernement avec le soutien du Rassemblement national et de la France insoumise, la r\u00e9forme a pour objectif de renforcer le lien entre \u00e9lecteurs et maires dans les trois plus grandes villes du pays. Elle va ainsi supprimer le syst\u00e8me \u00e9lectoral mis en place en 1982 avec l\u2019instauration de deux nouveaux scrutins distincts : l\u2019un pour les conseillers d\u2019arrondissement, l\u2019autre pour le conseil municipal, \u00e9lu \u00e0 l\u2019\u00e9chelle de la ville enti\u00e8re. Et ce, en plus du vote pour \u00e9lire les \u00e9lus de la M\u00e9tropole de Lyon.<\/p>\n<p>Les nouvelles r\u00e8gles du jeu pour les \u00e9lections municipales de 2026 sont d\u00e9sormais fix\u00e9es au grand d\u00e9sespoir de certains \u00e9lus oppos\u00e9s \u00e0 ces changements, \u00e0 l&rsquo;instar des \u00e9cologistes lyonnais qui comptaient sur leur victoire assur\u00e9e dans les arrondissements populaires et gros pourvoyeurs de conseillers municipaux pour rempiler l&rsquo;an prochain.<\/p>\n<p>Cela permettra aussi \u00e0 certains candidats de viser seulement et plus facilement la mairie centrale de Lyon, puisqu&rsquo;il n&rsquo;y aura qu&rsquo;une liste \u00e0 monter.<\/p>\n<blockquote class=\"twitter-tweet\"><p>&#13;<\/p>\n<p dir=\"ltr\" lang=\"fr\">Autre cons\u00e9quence de PLM, pas grand monde n&rsquo;en a parl\u00e9, nous aurons probablement un groupe (!) d&rsquo;extr\u00eame-droite qui si\u00e8gera au conseil municipal de Lyon, 5 \u00e0 7 \u00e9lus&#8230; \ud83d\ude30 <a href=\"https:\/\/t.co\/11XwOz7GSO\">pic.twitter.com\/11XwOz7GSO<\/a><\/p>\n<p>&#13;<br \/>\n\u2014 Valentin Lungenstrass (@vlungenstrass) <a href=\"https:\/\/twitter.com\/vlungenstrass\/status\/1943227514010140896?ref_src=twsrc%5Etfw\" target=\"_blank\" rel=\"noopener\">July 10, 2025<\/a><\/p><\/blockquote>\n<p>\t\t  <script async src=\"https:\/\/platform.twitter.com\/widgets.js\" charset=\"utf-8\"><\/script><\/p>\n","protected":false},"excerpt":{"rendered":"Elle a \u00e9t\u00e9 largement valid\u00e9e ce jeudi par l\u2019Assembl\u00e9e nationale. Le mode de scrutin va donc bien changer&hellip;\n","protected":false},"author":2,"featured_media":240053,"comment_status":"","ping_status":"","sticky":false,"template":"","format":"standard","meta":{"footnotes":""},"categories":[4],"tags":[1111,11,2813,2190,1109,251,1112,2811,118,1011,27,1922,1110,1114,2428,2810,12,241,316,25,2812,517,800],"class_list":{"0":"post-240052","1":"post","2":"type-post","3":"status-publish","4":"format-standard","5":"has-post-thumbnail","7":"category-france","8":"tag-actu","9":"tag-actualites","10":"tag-article","11":"tag-asvel","12":"tag-breves","13":"tag-culture","14":"tag-depeches","15":"tag-economique","16":"tag-faits-divers","17":"tag-fr","18":"tag-france","19":"tag-info","20":"tag-informations","21":"tag-infos","22":"tag-lyon","23":"tag-lyonmag","24":"tag-news","25":"tag-ol","26":"tag-politique","27":"tag-republique-francaise","28":"tag-sociale","29":"tag-sport","30":"tag-transports"},"share_on_mastodon":{"url":"https:\/\/pubeurope.com\/@fr\/114829040267625119","error":""},"_links":{"self":[{"href":"https:\/\/www.europesays.com\/fr\/wp-json\/wp\/v2\/posts\/240052","targetHints":{"allow":["GET"]}}],"collection":[{"href":"https:\/\/www.europesays.com\/fr\/wp-json\/wp\/v2\/posts"}],"about":[{"href":"https:\/\/www.europesays.com\/fr\/wp-json\/wp\/v2\/types\/post"}],"author":[{"embeddable":true,"href":"https:\/\/www.europesays.com\/fr\/wp-json\/wp\/v2\/users\/2"}],"replies":[{"embeddable":true,"href":"https:\/\/www.europesays.com\/fr\/wp-json\/wp\/v2\/comments?post=240052"}],"version-history":[{"count":0,"href":"https:\/\/www.europesays.com\/fr\/wp-json\/wp\/v2\/posts\/240052\/revisions"}],"wp:featuredmedia":[{"embeddable":true,"href":"https:\/\/www.europesays.com\/fr\/wp-json\/wp\/v2\/media\/240053"}],"wp:attachment":[{"href":"https:\/\/www.europesays.com\/fr\/wp-json\/wp\/v2\/media?parent=240052"}],"wp:term":[{"taxonomy":"category","embeddable":true,"href":"https:\/\/www.europesays.com\/fr\/wp-json\/wp\/v2\/categories?post=240052"},{"taxonomy":"post_tag","embeddable":true,"href":"https:\/\/www.europesays.com\/fr\/wp-json\/wp\/v2\/tags?post=240052"}],"curies":[{"name":"wp","href":"https:\/\/api.w.org\/{rel}","templated":true}]}}