{"id":240057,"date":"2025-07-10T12:56:11","date_gmt":"2025-07-10T12:56:11","guid":{"rendered":"https:\/\/www.europesays.com\/fr\/240057\/"},"modified":"2025-07-10T12:56:11","modified_gmt":"2025-07-10T12:56:11","slug":"saint-etienne-les-halles-mazerat-rouvriront-en-2026","status":"publish","type":"post","link":"https:\/\/www.europesays.com\/fr\/240057\/","title":{"rendered":"Saint-\u00c9tienne : les Halles Mazerat rouvriront en 2026 !"},"content":{"rendered":"<p>Ce jeudi 10 juillet, La Commune a annonc\u00e9 \u00eatre le repreneur des Halles Mazerat \u00e0 Saint-\u00c9tienne. Ferm\u00e9 depuis mars 2025, le lieu rouvrira donc au d\u00e9but de l&rsquo;ann\u00e9e 2026.<\/p>\n<p>Bonne nouvelle pour les habitants de Saint-\u00c9tienne ! <b>La Commune<\/b>, un food court d\u00e9j\u00e0 ouvert \u00e0 Lyon, va reprendre <a class=\"url\" href=\"https:\/\/www.radioscoop.com\/infos\/halles-mazerat-biltoki-officialise-son-depart-de-saint-etienne_322385\" target=\"_blank\" rel=\"noopener\">les Halles Mazerat<\/a> pour <b>une r\u00e9ouverture pr\u00e9vue en janvier 2026.<\/b><\/p>\n<p>\u00c0 quoi ressembleront les nouvelles Halles Mazerat ?<\/p>\n<p>Depuis mars 2025, <a class=\"url\" href=\"https:\/\/www.radioscoop.com\/infos\/saint-etienne-les-rideaux-tombent-pour-les-halles-mazerat_323776\" target=\"_blank\" rel=\"noopener\">les Halles \u00e9taient portes closes<\/a>. Finalement, elles ne resteront pas ferm\u00e9es tr\u00e8s longtemps, pour le plus grand bonheur des St\u00e9phanois.<\/p>\n<p>Dans son communiqu\u00e9, <a class=\"url\" href=\"https:\/\/lacommune.co\/fous-de-food\/\" target=\"_blank\" rel=\"noopener\">La Commune<\/a> annonce un lieu \u00ab\u00a0g\u00e9n\u00e9reux, local, festif, \u00e0 l&rsquo;image de Saint\u00e9 et de sa singularit\u00e9\u00a0\u00bb.<\/p>\n<p>La Commune se d\u00e9crit comme \u00ab\u00a0une p\u00e9pini\u00e8re culinaire, un tremplin pour les restaurateurs en herbe qui veulent tester leur concept, affiner leur talent, et cuisiner pour de vrai, dans un cadre bienveillant, enrichissant et solidaire\u00a0\u00bb.<\/p>\n<p>Le nouveau concept promet aussi \u00ab\u00a0une programmation festive et artistique\u00a0\u00bb et \u00ab\u00a0un espace de privatisation\u00a0\u00bb pour les entreprises et les associations.<\/p>\n<p>D\u00e9but du chantier au mois de septembre<\/p>\n<p>Les nouvelles Halles Mazerat pourraient accueillir <b>pr\u00e8s de 700 clients par jour<\/b>, entre midi et minuit, avec la promesse de la cr\u00e9ation de 50 emplois.<\/p>\n<p>La Commune lance d&rsquo;ailleurs \u00ab\u00a0un appel aux chefs st\u00e9phanois passionn\u00e9s et audacieux souhaitant tester leur concept de restaurant\u00a0\u00bb. Les personnes int\u00e9ress\u00e9es peuvent transmettre leur candidature par mail \u00e0 <b>hellomazerat@lacommune.co<\/b>.<\/p>\n<p>Des travaux seront n\u00e9cessaires avant la r\u00e9ouverture du lieu. <b>Le chantier d\u00e9butera en septembre 2025.<\/b><\/p>\n<p><img loading=\"lazy\" decoding=\"async\" src=\"https:\/\/www.europesays.com\/fr\/wp-content\/uploads\/2025\/07\/1752152171_972_img\" width=\"350\" height=\"200\" border=\"0\" title=\"425 \u00c5\u0093uvres ont \u00c3\u00a9t\u00c3\u00a9 expos\u00c3\u00a9es lors de la 13e Biennale du Design, dont une grande partie \u00c3\u00a0 la Cit\u00c3\u00a9 du design et aux Halles Barrouin \u00c3\u00a0 Saint-Etienne.\"\/><\/p>\n<p>\u25baCulture<\/p>\n<p style=\"font-size: 22px;\"><b>La Biennale du Design dresse un bilan positif pour sa 13e \u00e9dition<\/b><\/p>\n<p>La 13e Biennale internationale du Design s&rsquo;est termin\u00e9e&#8230;<\/p>\n<p><\/p>\n","protected":false},"excerpt":{"rendered":"Ce jeudi 10 juillet, La Commune a annonc\u00e9 \u00eatre le repreneur des Halles Mazerat \u00e0 Saint-\u00c9tienne. Ferm\u00e9 depuis&hellip;\n","protected":false},"author":2,"featured_media":240058,"comment_status":"","ping_status":"","sticky":false,"template":"","format":"standard","meta":{"footnotes":""},"categories":[9653],"tags":[1111,11,2430,1777,674,37953,1011,27,37949,37952,12,25,9920,4001],"class_list":{"0":"post-240057","1":"post","2":"type-post","3":"status-publish","4":"format-standard","5":"has-post-thumbnail","7":"category-saint-etienne","8":"tag-actu","9":"tag-actualites","10":"tag-auvergne-rhone-alpes","11":"tag-eu","12":"tag-europe","13":"tag-food-court","14":"tag-fr","15":"tag-france","16":"tag-halles-mazerat","17":"tag-la-commune","18":"tag-news","19":"tag-republique-francaise","20":"tag-saint-tienne","21":"tag-saint-etienne"},"share_on_mastodon":{"url":"","error":""},"_links":{"self":[{"href":"https:\/\/www.europesays.com\/fr\/wp-json\/wp\/v2\/posts\/240057","targetHints":{"allow":["GET"]}}],"collection":[{"href":"https:\/\/www.europesays.com\/fr\/wp-json\/wp\/v2\/posts"}],"about":[{"href":"https:\/\/www.europesays.com\/fr\/wp-json\/wp\/v2\/types\/post"}],"author":[{"embeddable":true,"href":"https:\/\/www.europesays.com\/fr\/wp-json\/wp\/v2\/users\/2"}],"replies":[{"embeddable":true,"href":"https:\/\/www.europesays.com\/fr\/wp-json\/wp\/v2\/comments?post=240057"}],"version-history":[{"count":0,"href":"https:\/\/www.europesays.com\/fr\/wp-json\/wp\/v2\/posts\/240057\/revisions"}],"wp:featuredmedia":[{"embeddable":true,"href":"https:\/\/www.europesays.com\/fr\/wp-json\/wp\/v2\/media\/240058"}],"wp:attachment":[{"href":"https:\/\/www.europesays.com\/fr\/wp-json\/wp\/v2\/media?parent=240057"}],"wp:term":[{"taxonomy":"category","embeddable":true,"href":"https:\/\/www.europesays.com\/fr\/wp-json\/wp\/v2\/categories?post=240057"},{"taxonomy":"post_tag","embeddable":true,"href":"https:\/\/www.europesays.com\/fr\/wp-json\/wp\/v2\/tags?post=240057"}],"curies":[{"name":"wp","href":"https:\/\/api.w.org\/{rel}","templated":true}]}}