{"id":240070,"date":"2025-07-10T13:07:12","date_gmt":"2025-07-10T13:07:12","guid":{"rendered":"https:\/\/www.europesays.com\/fr\/240070\/"},"modified":"2025-07-10T13:07:12","modified_gmt":"2025-07-10T13:07:12","slug":"35-millions-de-visiteurs-et-ca-va-encore-grimper","status":"publish","type":"post","link":"https:\/\/www.europesays.com\/fr\/240070\/","title":{"rendered":"3,5\u00a0millions de visiteurs et \u00e7a va encore grimper\u2026"},"content":{"rendered":"<p>Lionel Schneider, directeur du centre Neyrpic, est un directeur \u00ab\u00a0heureux\u00a0\u00bb. Neuf mois apr\u00e8s son ouverture, le p\u00f4le de commerces, implant\u00e9 sur 4,5 hectares face au campus, sur un axe tr\u00e8s passant de la partie nord de Saint-Martin-d\u2019H\u00e8res, a r\u00e9ussi son pari. \u00ab\u00a0Nous sommes \u00e0 3,5\u00a0millions de visiteurs et nous devrions atteindre les cinq millions d\u2019ici la fin 2025\u00a0\u00bb. Un score \u00ab\u00a0conforme \u00e0 nos attentes\u00a0\u00bb qu\u2019il explique par le caract\u00e8re \u00ab\u00a0unique\u00a0\u00bb et \u00ab\u00a0exemplaire\u00a0\u00bb du lieu et son offre \u00ab\u00a0exclusive et plurielle\u00a0\u00bb.<\/p>\n<p>60\u00a0% d\u2019enseignes in\u00e9dites sur la m\u00e9tropole, plus de 70 boutiques, une vingtaine de restaurants \u00ab\u00a0qui font le plein\u00a0\u00bb et des \u201cmarques\u201d loisirs \u2013 Fort Boyard Aventures, Seven Squares et Team Break en t\u00eate &#8211; qui captent des familles enti\u00e8res.<\/p>\n<p>\u00ab\u00a0Nous avons des enseignes qui performent tr\u00e8s bien. Certaines, au national, ont r\u00e9alis\u00e9 leur meilleur chiffre d\u2019affaires ici. La grande majorit\u00e9 des&#8230;<\/p>\n","protected":false},"excerpt":{"rendered":"Lionel Schneider, directeur du centre Neyrpic, est un directeur \u00ab\u00a0heureux\u00a0\u00bb. Neuf mois apr\u00e8s son ouverture, le p\u00f4le de&hellip;\n","protected":false},"author":2,"featured_media":240071,"comment_status":"","ping_status":"","sticky":false,"template":"","format":"standard","meta":{"footnotes":""},"categories":[9566],"tags":[1111,11,2430,4406,33,112,113,1777,674,107,1011,27,2731,108,12,25,9448,11264,106,104,216],"class_list":{"0":"post-240070","1":"post","2":"type-post","3":"status-publish","4":"format-standard","5":"has-post-thumbnail","7":"category-grenoble","8":"tag-actu","9":"tag-actualites","10":"tag-auvergne-rhone-alpes","11":"tag-commerce-et-services","12":"tag-economie","13":"tag-edition-grenoble-agglomeration","14":"tag-edition-gresivaudan-oisans","15":"tag-eu","16":"tag-europe","17":"tag-fil-info","18":"tag-fr","19":"tag-france","20":"tag-grenoble","21":"tag-isere","22":"tag-news","23":"tag-republique-francaise","24":"tag-saint-martin-dheres","25":"tag-saint-martin-dheres-bassin","26":"tag-selection-de-la-redaction-38","27":"tag-societe","28":"tag-vie-des-entreprises"},"share_on_mastodon":{"url":"https:\/\/pubeurope.com\/@fr\/114829095273903198","error":""},"_links":{"self":[{"href":"https:\/\/www.europesays.com\/fr\/wp-json\/wp\/v2\/posts\/240070","targetHints":{"allow":["GET"]}}],"collection":[{"href":"https:\/\/www.europesays.com\/fr\/wp-json\/wp\/v2\/posts"}],"about":[{"href":"https:\/\/www.europesays.com\/fr\/wp-json\/wp\/v2\/types\/post"}],"author":[{"embeddable":true,"href":"https:\/\/www.europesays.com\/fr\/wp-json\/wp\/v2\/users\/2"}],"replies":[{"embeddable":true,"href":"https:\/\/www.europesays.com\/fr\/wp-json\/wp\/v2\/comments?post=240070"}],"version-history":[{"count":0,"href":"https:\/\/www.europesays.com\/fr\/wp-json\/wp\/v2\/posts\/240070\/revisions"}],"wp:featuredmedia":[{"embeddable":true,"href":"https:\/\/www.europesays.com\/fr\/wp-json\/wp\/v2\/media\/240071"}],"wp:attachment":[{"href":"https:\/\/www.europesays.com\/fr\/wp-json\/wp\/v2\/media?parent=240070"}],"wp:term":[{"taxonomy":"category","embeddable":true,"href":"https:\/\/www.europesays.com\/fr\/wp-json\/wp\/v2\/categories?post=240070"},{"taxonomy":"post_tag","embeddable":true,"href":"https:\/\/www.europesays.com\/fr\/wp-json\/wp\/v2\/tags?post=240070"}],"curies":[{"name":"wp","href":"https:\/\/api.w.org\/{rel}","templated":true}]}}