{"id":240072,"date":"2025-07-10T13:08:10","date_gmt":"2025-07-10T13:08:10","guid":{"rendered":"https:\/\/www.europesays.com\/fr\/240072\/"},"modified":"2025-07-10T13:08:10","modified_gmt":"2025-07-10T13:08:10","slug":"il-y-a-une-forte-presomption-dacte-antisemite","status":"publish","type":"post","link":"https:\/\/www.europesays.com\/fr\/240072\/","title":{"rendered":"\u00ab Il y a une forte pr\u00e9somption d\u2019acte antis\u00e9mite \u00bb"},"content":{"rendered":"<p>Questionn\u00e9 par Le Dauphin\u00e9 Lib\u00e9r\u00e9 apr\u00e8s l\u2019annonce du parquet concernant le <a href=\"https:\/\/www.ledauphine.com\/faits-divers-justice\/2025\/07\/10\/violent-incendie-a-hoche-la-piste-de-l-acte-volontaire-privilegie-par-le-parquet\" target=\"_blank\" rel=\"nofollow noopener\">caract\u00e8re volontaire de l\u2019incendie<\/a> du quartier Hoche \u00e0 Grenoble, Me Eric Hattab, le pr\u00e9sident du Crif (Conseil repr\u00e9sentatif des institutions juives de France) Grenoble Dauphin\u00e9, a indiqu\u00e9 que, selon lui, \u00ab\u00a0il y a une forte pr\u00e9somption d\u2019acte antis\u00e9mite\u00a0\u00bb.<\/p>\n<p>\u00ab\u00a0Les faits sont extr\u00eamement graves. A mon sens, la pr\u00e9somption est forte que cet acte soit \u00e0 caract\u00e8re antis\u00e9mite dans la mesure o\u00f9 quelqu\u2019un a intentionnellement br\u00fbl\u00e9 la maison d\u2019un rabbin et de sa famille. Nous sommes dans une p\u00e9riode d\u2019explosion des actes antis\u00e9mites, il ne faut pas l\u2019oublier. Et puis les pneus du v\u00e9hicule de cette famille avaient \u00e9t\u00e9 crev\u00e9s il y a quelque temps. En tant que pr\u00e9sident du CRIF, je ne peux pas ne pas penser qu\u2019il s\u2019agit potentiellement d\u2019un acte antis\u00e9mite car cette famille habite le quartier depuis 40 ans et la qualit\u00e9 de rabbin de cette personne est connue de tous. Lorsque l\u2019incendie s\u2019est produit samedi, il m\u2019appartenait d\u2019\u00eatre responsable et de ne pas crier \u00e0 l\u2019antis\u00e9mitisme avant m\u00eame que l\u2019enqu\u00eate ne commence. Mais aujourd\u2019hui, je ne peux que d\u00e9noncer cet acte\u00a0\u00bb.<\/p>\n<p>Eric Hattab explique que \u00ab\u00a0c\u2019est un miracle que personne ne se soit trouv\u00e9 dans le logement\u00a0\u00bb lorsque l\u2019incendie a \u00e9clat\u00e9, \u00ab\u00a0mais deux habitants s\u2019y trouvaient une dizaine de minutes auparavant\u00a0\u00bb.<\/p>\n<p>\u00ab\u00a0Je pense aux victimes de cet incendie, c\u2019est-\u00e0-dire Victor Lahiany et sa famille, mais \u00e9galement aux autres habitants, ainsi qu\u2019aux sapeurs-pompiers et aux policiers qui sont intervenus. Et je demande que toute la lumi\u00e8re soit faite sur cette affaire, et que les coupables soient appr\u00e9hend\u00e9s et traduits en justice\u00a0\u00bb.<\/p>\n","protected":false},"excerpt":{"rendered":"Questionn\u00e9 par Le Dauphin\u00e9 Lib\u00e9r\u00e9 apr\u00e8s l\u2019annonce du parquet concernant le caract\u00e8re volontaire de l\u2019incendie du quartier Hoche&hellip;\n","protected":false},"author":2,"featured_media":240073,"comment_status":"","ping_status":"","sticky":false,"template":"","format":"standard","meta":{"footnotes":""},"categories":[9566],"tags":[1111,11,2430,271,272,112,1777,674,274,107,1011,27,2731,108,12,25],"class_list":{"0":"post-240072","1":"post","2":"type-post","3":"status-publish","4":"format-standard","5":"has-post-thumbnail","7":"category-grenoble","8":"tag-actu","9":"tag-actualites","10":"tag-auvergne-rhone-alpes","11":"tag-crime","12":"tag-delit-et-contravention","13":"tag-edition-grenoble-agglomeration","14":"tag-eu","15":"tag-europe","16":"tag-faits-divers-justice","17":"tag-fil-info","18":"tag-fr","19":"tag-france","20":"tag-grenoble","21":"tag-isere","22":"tag-news","23":"tag-republique-francaise"},"share_on_mastodon":{"url":"https:\/\/pubeurope.com\/@fr\/114829099180966432","error":""},"_links":{"self":[{"href":"https:\/\/www.europesays.com\/fr\/wp-json\/wp\/v2\/posts\/240072","targetHints":{"allow":["GET"]}}],"collection":[{"href":"https:\/\/www.europesays.com\/fr\/wp-json\/wp\/v2\/posts"}],"about":[{"href":"https:\/\/www.europesays.com\/fr\/wp-json\/wp\/v2\/types\/post"}],"author":[{"embeddable":true,"href":"https:\/\/www.europesays.com\/fr\/wp-json\/wp\/v2\/users\/2"}],"replies":[{"embeddable":true,"href":"https:\/\/www.europesays.com\/fr\/wp-json\/wp\/v2\/comments?post=240072"}],"version-history":[{"count":0,"href":"https:\/\/www.europesays.com\/fr\/wp-json\/wp\/v2\/posts\/240072\/revisions"}],"wp:featuredmedia":[{"embeddable":true,"href":"https:\/\/www.europesays.com\/fr\/wp-json\/wp\/v2\/media\/240073"}],"wp:attachment":[{"href":"https:\/\/www.europesays.com\/fr\/wp-json\/wp\/v2\/media?parent=240072"}],"wp:term":[{"taxonomy":"category","embeddable":true,"href":"https:\/\/www.europesays.com\/fr\/wp-json\/wp\/v2\/categories?post=240072"},{"taxonomy":"post_tag","embeddable":true,"href":"https:\/\/www.europesays.com\/fr\/wp-json\/wp\/v2\/tags?post=240072"}],"curies":[{"name":"wp","href":"https:\/\/api.w.org\/{rel}","templated":true}]}}