{"id":240074,"date":"2025-07-10T13:09:53","date_gmt":"2025-07-10T13:09:53","guid":{"rendered":"https:\/\/www.europesays.com\/fr\/240074\/"},"modified":"2025-07-10T13:09:53","modified_gmt":"2025-07-10T13:09:53","slug":"trop-de-hasard-dans-la-prise-en-charge-des-mineurs-etrangers-sans-parent","status":"publish","type":"post","link":"https:\/\/www.europesays.com\/fr\/240074\/","title":{"rendered":"Trop de \u00ab\u00a0hasard\u00a0\u00bb dans la prise en charge des mineurs \u00e9trangers sans parent"},"content":{"rendered":"<p>Des mineurs non accompagn\u00e9s (MNA) g\u00e9r\u00e9s diff\u00e9remment d&rsquo;un d\u00e9partement \u00e0 l&rsquo;autre, des psychotraumas ignor\u00e9s, un \u00e2g\u00e9 \u00e9tabli \u00ab\u00a0\u00e0 vue d&rsquo;oeil\u00a0\u00bb: des associations de d\u00e9fense des droits des migrants d\u00e9noncent jeudi les conditions de prise en charge des jeunes exil\u00e9s arriv\u00e9s sans parent en France.<\/p>\n<p>\u00c9labor\u00e9 par l\u2019Association d\u2019acc\u00e8s aux droits des jeunes et d\u2019accompagnement vers la majorit\u00e9 (Aadjam) et Utopia 56, ce rapport compile les r\u00e9sultats d&rsquo;une enqu\u00eate men\u00e9e entre fin 2024 et d\u00e9but 2025 aupr\u00e8s aupr\u00e8s d&rsquo;ONG, avocats et collectifs de d\u00e9fense des migrants dans 38 d\u00e9partements.<\/p>\n<p>\u00ab\u00a0Il y a des diff\u00e9rences de traitement importantes selon l&rsquo;endroit du territoire o\u00f9 les jeunes arrivent, cela a de lourdes cons\u00e9quences dans la construction de leur avenir\u00a0\u00bb, r\u00e9sume aupr\u00e8s de l&rsquo;AFP Angelo Fiore, d&rsquo;Utopia 56, cor\u00e9dacteur du rapport, qui s&rsquo;interroge sur la part de \u00ab\u00a0hasard\u00a0\u00bb dans les r\u00e9ponses apport\u00e9es.<\/p>\n<p>Pr\u00e8s de 397.000 jeunes, dont 31.900 majeurs, font l&rsquo;objet d\u2019une mesure de protection dans le cadre de l\u2019aide sociale \u00e0 l\u2019enfance (ASE).<\/p>\n<p>Les d\u00e9partements, qui doivent financer cette prise en charge (logement, scolarisation), en d\u00e9noncent r\u00e9guli\u00e8rement le co\u00fbt.<\/p>\n<p>Si d\u00e8s son arriv\u00e9e en France un mineur isol\u00e9 exil\u00e9 peut demander une protection, sa \u00ab\u00a0premi\u00e8re difficult\u00e9\u00a0\u00bb sera de \u00ab\u00a0comprendre o\u00f9 et comment acc\u00e9der \u00e0 une protection\u00a0\u00bb, note le rapport, avec des difficult\u00e9s \u00e0 identifier un interlocuteur, la nuit, les weekends.<\/p>\n<p>Dans ces cas o\u00f9 l&rsquo;accueil n&rsquo;est plus assur\u00e9 par le conseil d\u00e9partemental ou une association mandat\u00e9e, il s&rsquo;effectue au commissariat, quand dans d&rsquo;autres rien n&rsquo;est pr\u00e9vu et conduit les mineurs \u00e0 dormir \u00e0 la rue, rel\u00e8ve l&rsquo;enqu\u00eate.<\/p>\n<p>Autre \u00e9cueil, une fois plac\u00e9 dans un accueil provisoire d&rsquo;urgence, le bilan de sant\u00e9, pourtant rendu obligatoire par la Loi Taquet de 2022, n&rsquo;est pas organis\u00e9 dans plus de la moiti\u00e9 de cas, selon les r\u00e9pondants. Or, certains mineurs arrivent profond\u00e9ment traumatis\u00e9s par leur parcours d\u2019exil.<\/p>\n<p>L&rsquo;\u00e9valuation cruciale de leur \u00e2ge, qui d\u00e9termine s&rsquo;ils seront pris en charge par les d\u00e9partements, est \u00e9galement bas\u00e9e sur des crit\u00e8res \u00ab\u00a0tr\u00e8s subjectifs\u00a0\u00bb, pointe Angelo Fiore.<\/p>\n<p>Il se fait en partie sur leur apparence physique et la coh\u00e9rence de leur r\u00e9cit de vie. \u00ab\u00a0Avec leur parcours, les jeunes apparaissent plus vieux qu&rsquo;ils ne le sont et pour certains on leur reproche des incoh\u00e9rence dans leur parcours, mais avec les traumatismes subis (viols, tortures&#8230;) le cerveau se prot\u00e8ge et ils ne se souviennent plus de tous les d\u00e9tails\u00a0\u00bb, d\u00e9fend M. Fiore.<\/p>\n<p>Le rapport rel\u00e8ve d&rsquo;ailleurs que dans de nombreux cas, leur minorit\u00e9 est reconnue par le juge des enfants, lorsque celle-ci a \u00e9t\u00e9 contest\u00e9e par les d\u00e9partements.<\/p>\n<p>est\/alu\/hdz<\/p>\n","protected":false},"excerpt":{"rendered":"Des mineurs non accompagn\u00e9s (MNA) g\u00e9r\u00e9s diff\u00e9remment d&rsquo;un d\u00e9partement \u00e0 l&rsquo;autre, des psychotraumas ignor\u00e9s, un \u00e2g\u00e9 \u00e9tabli \u00ab\u00a0\u00e0&hellip;\n","protected":false},"author":2,"featured_media":240075,"comment_status":"","ping_status":"","sticky":false,"template":"","format":"standard","meta":{"footnotes":""},"categories":[2821],"tags":[1111,11,37954,829,37955,1777,674,1011,27,37957,12,37956,15344,584,25],"class_list":{"0":"post-240074","1":"post","2":"type-post","3":"status-publish","4":"format-standard","5":"has-post-thumbnail","7":"category-rennes","8":"tag-actu","9":"tag-actualites","10":"tag-angelo-fiore","11":"tag-bretagne","12":"tag-droits-des-jeunes","13":"tag-eu","14":"tag-europe","15":"tag-fr","16":"tag-france","17":"tag-mesure-de-protection","18":"tag-news","19":"tag-parcours-dexil","20":"tag-prise-en-charge","21":"tag-rennes","22":"tag-republique-francaise"},"share_on_mastodon":{"url":"https:\/\/pubeurope.com\/@fr\/114829107019309291","error":""},"_links":{"self":[{"href":"https:\/\/www.europesays.com\/fr\/wp-json\/wp\/v2\/posts\/240074","targetHints":{"allow":["GET"]}}],"collection":[{"href":"https:\/\/www.europesays.com\/fr\/wp-json\/wp\/v2\/posts"}],"about":[{"href":"https:\/\/www.europesays.com\/fr\/wp-json\/wp\/v2\/types\/post"}],"author":[{"embeddable":true,"href":"https:\/\/www.europesays.com\/fr\/wp-json\/wp\/v2\/users\/2"}],"replies":[{"embeddable":true,"href":"https:\/\/www.europesays.com\/fr\/wp-json\/wp\/v2\/comments?post=240074"}],"version-history":[{"count":0,"href":"https:\/\/www.europesays.com\/fr\/wp-json\/wp\/v2\/posts\/240074\/revisions"}],"wp:featuredmedia":[{"embeddable":true,"href":"https:\/\/www.europesays.com\/fr\/wp-json\/wp\/v2\/media\/240075"}],"wp:attachment":[{"href":"https:\/\/www.europesays.com\/fr\/wp-json\/wp\/v2\/media?parent=240074"}],"wp:term":[{"taxonomy":"category","embeddable":true,"href":"https:\/\/www.europesays.com\/fr\/wp-json\/wp\/v2\/categories?post=240074"},{"taxonomy":"post_tag","embeddable":true,"href":"https:\/\/www.europesays.com\/fr\/wp-json\/wp\/v2\/tags?post=240074"}],"curies":[{"name":"wp","href":"https:\/\/api.w.org\/{rel}","templated":true}]}}