{"id":240084,"date":"2025-07-10T13:15:55","date_gmt":"2025-07-10T13:15:55","guid":{"rendered":"https:\/\/www.europesays.com\/fr\/240084\/"},"modified":"2025-07-10T13:15:55","modified_gmt":"2025-07-10T13:15:55","slug":"les-graffitis-dans-le-viseur-de-la-ville-de-nantes","status":"publish","type":"post","link":"https:\/\/www.europesays.com\/fr\/240084\/","title":{"rendered":"Les graffitis dans le viseur de la ville de Nantes"},"content":{"rendered":"<p><img decoding=\"async\" class=\"\" style=\"width:100%\" src=\"https:\/\/www.europesays.com\/fr\/wp-content\/uploads\/2025\/07\/Graph1751899273555.jpg\" alt=\"Taguer un mobilier urbain peut co\u00fbter jusqu\u2019\u00e0 3750 euros d\u2019amende et des travaux d\u2019int\u00e9r\u00eat g\u00e9n\u00e9ral.\"\/><\/p>\n<p>Taguer un mobilier urbain peut co\u00fbter jusqu\u2019\u00e0 3750 euros d\u2019amende et des travaux d\u2019int\u00e9r\u00eat g\u00e9n\u00e9ral. (Cr\u00e9dit : Pixabay)<\/p>\n<p data-start=\"87\" data-end=\"390\">M\u00e9gots jet\u00e9s au sol, graffitis sauvages ou d\u00e9p\u00f4ts ill\u00e9gaux : ces incivilit\u00e9s d\u00e9t\u00e9riorent le cadre de vie et la qualit\u00e9 des espaces publics. Face \u00e0 ces d\u00e9fis, les collectivit\u00e9s locales intensifient leurs actions. Dans l&rsquo;Ouest, la question de la propret\u00e9 urbaine prend de plus en plus d\u2019importance.\u00a0<\/p>\n<p data-start=\"392\" data-end=\"855\">\u00c0 Nantes, par exemple, la m\u00e9tropole nettoie chaque ann\u00e9e entre 110.000 et 130.000 m\u00b2 de surfaces tagu\u00e9es, t\u00e9moignant d\u2019un engagement fort. Pour aller plus loin, elle a r\u00e9cemment instaur\u00e9 une astreinte disponible 24\/24 afin d\u2019intervenir rapidement en cas de d\u00e9gradation. De plus, 130 cendriers seront install\u00e9s sur le territoire d\u2019ici la fin 2025, dans le but de r\u00e9duire la pr\u00e9sence des m\u00e9gots dans la rue et de sensibiliser les citoyens \u00e0 la propret\u00e9.<\/p>\n<p data-start=\"392\" data-end=\"855\">\u00a0<\/p>\n<blockquote><p>\n<strong>Nantes passe \u00e0 l\u2019action<\/strong>\n<\/p><\/blockquote>\n<p data-start=\"392\" data-end=\"855\">Pour Johanna Rolland, Maire de Nantes, la priorit\u00e9 est de s&rsquo;attaquer aux graffitis :<\/p>\n<p data-start=\"392\" data-end=\"855\">\u201cDans nos grandes m\u00e9tropoles, on constate collectivement, une mont\u00e9e du nombre de graffitis. Donc, on a d\u00e9cid\u00e9 de passer la vitesse sup\u00e9rieure et de venir renforcer des \u00e9quipes, qui sont des \u00e9quipes en r\u00e9gie pour mener ce travail, qui est un travail important pour les habitants. Au global, ce que nous annon\u00e7ons aujourd&rsquo;hui dans le renforcement de l&rsquo;action que nous menons de propret\u00e9, <strong>c&rsquo;est sept postes d\u00e9di\u00e9s \u00e0 cette question, notamment des graffitis, et puis cinq postes dans l&rsquo;am\u00e9nagement urbain, notamment nos quartiers labellis\u00e9s \u00ab\u00a0politique de la ville\u00a0\u00bb, o\u00f9 nous avons l\u00e0 aussi besoin, par exemple, pour lutter contre les encombrants, de continuer \u00e0 avancer.<\/strong>\u201d<\/p>\n<p data-start=\"392\" data-end=\"855\">\u00a0<\/p>\n<p data-start=\"66\" data-end=\"260\">La m\u00e9tropole va organiser une vingtaine d\u2019op\u00e9rations \u00ab\u00a0Ma rue propre\u00a0\u00bb dans les prochains mois afin de mobiliser habitants et partenaires pour rendre la ville plus agr\u00e9able \u00e0 vivre au quotidien.<\/p>\n<p data-start=\"262\" data-end=\"643\">Chaque ann\u00e9e, plus de 13 000 tonnes de d\u00e9chets sont ramass\u00e9es dans la cit\u00e9 des Ducs. Pour cette p\u00e9riode estivale, les \u00e9quipes de nettoyage sont renforc\u00e9es afin de r\u00e9pondre \u00e0 l\u2019afflux de visiteurs et aux besoins accrus.<\/p>\n<p data-start=\"262\" data-end=\"643\">\u00a0<\/p>\n<blockquote><p>\nTous pour une ville plus propre\n<\/p><\/blockquote>\n<p data-start=\"262\" data-end=\"643\">La maire de Nantes le rappelle cependant, la propret\u00e9 est avant tout l\u2019affaire de tous, et chacun doit s\u2019impliquer pour pr\u00e9server la qualit\u00e9 de son environnement :<\/p>\n<p data-start=\"262\" data-end=\"643\">\u201cCette p\u00e9riode de l&rsquo;\u00e9t\u00e9 est aussi l&rsquo;occasion de grands moments festifs, culturels sur l&rsquo;espace public. Donc dans ces journ\u00e9es-l\u00e0, dans ces soir\u00e9es-l\u00e0, il y a un renforcement des \u00e9quipes. Tout r\u00e9cemment \u00e7a a \u00e9t\u00e9 le cas au moment de la nuit du voyage \u00e0 Nantes. Ensuite soyons r\u00e9alistes. La propret\u00e9 c&rsquo;est aussi l&rsquo;affaire de tous, la citoyennet\u00e9 de chacune et de chacun et c&rsquo; est la raison pour laquelle nous avons aussi lanc\u00e9 cette campagne d&rsquo;information, de communication pour rappeler les bons gestes et la responsabilit\u00e9 de tous.\u201d<\/p>\n<p>\u00c0 Nantes, une \u00ab\u00a0brigade verte\u00a0\u00bb verbalise les pollueurs, avec des amendes allant de 35 euros jusqu\u2019\u00e0 pr\u00e8s de 4 000 euros pour certains tags !<\/p>\n","protected":false},"excerpt":{"rendered":"Taguer un mobilier urbain peut co\u00fbter jusqu\u2019\u00e0 3750 euros d\u2019amende et des travaux d\u2019int\u00e9r\u00eat g\u00e9n\u00e9ral. (Cr\u00e9dit : Pixabay)&hellip;\n","protected":false},"author":2,"featured_media":240085,"comment_status":"","ping_status":"","sticky":false,"template":"","format":"standard","meta":{"footnotes":""},"categories":[2818],"tags":[1111,11,13292,1438,1465,13293,3450,829,4356,2171,4357,3472,434,1777,674,9593,3337,3321,2257,1011,27,9518,848,1114,13289,2693,66,3047,1781,13291,13290,3729,766,12,9144,2636,3319,584,25,4937,3728,3272,60,3087,3165,2546],"class_list":{"0":"post-240084","1":"post","2":"type-post","3":"status-publish","4":"format-standard","5":"has-post-thumbnail","7":"category-nantes","8":"tag-actu","9":"tag-actualites","10":"tag-aeroport-notre-dame-des-landes","11":"tag-angers","12":"tag-basket","13":"tag-bonnets-rouges","14":"tag-brest","15":"tag-bretagne","16":"tag-coronavirus","17":"tag-cotes-darmor","18":"tag-covid-19","19":"tag-dinan","20":"tag-epidemie","21":"tag-eu","22":"tag-europe","23":"tag-fcn","24":"tag-festivals","25":"tag-finistere","26":"tag-foot","27":"tag-fr","28":"tag-france","29":"tag-hand","30":"tag-ille-et-vilaine","31":"tag-infos","32":"tag-la-roche-sur-yon","33":"tag-laval","34":"tag-ligue-1","35":"tag-loire-atlantique","36":"tag-lorient","37":"tag-maine-et-loire","38":"tag-mayenne","39":"tag-morbihan","40":"tag-nantes","41":"tag-news","42":"tag-ouest","43":"tag-pays-de-la-loire","44":"tag-quimper","45":"tag-rennes","46":"tag-republique-francaise","47":"tag-saint-brieuc","48":"tag-saint-malo","49":"tag-saint-nazaire","50":"tag-sports","51":"tag-stade-rennais","52":"tag-vannes","53":"tag-vendee"},"share_on_mastodon":{"url":"","error":"Validation failed: Text character limit of 500 exceeded"},"_links":{"self":[{"href":"https:\/\/www.europesays.com\/fr\/wp-json\/wp\/v2\/posts\/240084","targetHints":{"allow":["GET"]}}],"collection":[{"href":"https:\/\/www.europesays.com\/fr\/wp-json\/wp\/v2\/posts"}],"about":[{"href":"https:\/\/www.europesays.com\/fr\/wp-json\/wp\/v2\/types\/post"}],"author":[{"embeddable":true,"href":"https:\/\/www.europesays.com\/fr\/wp-json\/wp\/v2\/users\/2"}],"replies":[{"embeddable":true,"href":"https:\/\/www.europesays.com\/fr\/wp-json\/wp\/v2\/comments?post=240084"}],"version-history":[{"count":0,"href":"https:\/\/www.europesays.com\/fr\/wp-json\/wp\/v2\/posts\/240084\/revisions"}],"wp:featuredmedia":[{"embeddable":true,"href":"https:\/\/www.europesays.com\/fr\/wp-json\/wp\/v2\/media\/240085"}],"wp:attachment":[{"href":"https:\/\/www.europesays.com\/fr\/wp-json\/wp\/v2\/media?parent=240084"}],"wp:term":[{"taxonomy":"category","embeddable":true,"href":"https:\/\/www.europesays.com\/fr\/wp-json\/wp\/v2\/categories?post=240084"},{"taxonomy":"post_tag","embeddable":true,"href":"https:\/\/www.europesays.com\/fr\/wp-json\/wp\/v2\/tags?post=240084"}],"curies":[{"name":"wp","href":"https:\/\/api.w.org\/{rel}","templated":true}]}}