{"id":240086,"date":"2025-07-10T13:17:13","date_gmt":"2025-07-10T13:17:13","guid":{"rendered":"https:\/\/www.europesays.com\/fr\/240086\/"},"modified":"2025-07-10T13:17:13","modified_gmt":"2025-07-10T13:17:13","slug":"le-match-contre-le-psg-sera-diffuse-gratuitement-a-la-television","status":"publish","type":"post","link":"https:\/\/www.europesays.com\/fr\/240086\/","title":{"rendered":"le match contre le PSG sera diffus\u00e9 gratuitement \u00e0 la t\u00e9l\u00e9vision"},"content":{"rendered":"<p>            Par<br \/>\n        <strong><br \/>\n            <a href=\"https:\/\/actu.fr\/auteur\/thomas-bernard\" title=\"Consulter tous les articles de Thomas Bernard\" rel=\"nofollow noopener\" target=\"_blank\">Thomas Bernard<\/a><br \/>\n        <\/strong><\/p>\n<p>        Publi\u00e9 le<\/p>\n<p>            10 juil. 2025 \u00e0 14h59        <\/p>\n<p>De retour sur les terrains d\u2019entra\u00eenement depuis le 30\u00a0juin 2025, les joueurs du FC Nantes pr\u00e9parent la nouvelle saison de Ligue\u00a01 sous <a href=\"https:\/\/actu.fr\/pays-de-la-loire\/nantes_44109\/fc-nantes-qui-est-luis-castro-le-nouvel-entraineur-des-jaune-et-vert_62782165.html\" rel=\"nofollow noopener\" target=\"_blank\">les ordres de Luis Castro<\/a>. Les Canaris commenceront leur championnat <a href=\"https:\/\/actu.fr\/pays-de-la-loire\/nantes_44109\/fc-nantes-le-psg-pour-commencer-la-saison-derbys-le-calendrier-des-canaris-devoile_62833067.html\" rel=\"nofollow noopener\" target=\"_blank\">avec la r\u00e9ception du Paris-Saint-Germain<\/a> au stade de la Beaujoire, le <strong>dimanche 17\u00a0ao\u00fbt 2025 \u00e0 20h45<\/strong>.<\/p>\n<p class=\" wall-content\">Pour les supporters qui ne pourront pas assister \u00e0 la rencontre dans le stade, le premier match des co\u00e9quipiers d\u2019Anthony Lopes sera <strong>diffus\u00e9 gratuitement \u00e0 la t\u00e9l\u00e9vision<\/strong>.<\/p>\n<p>Un match diffus\u00e9 sur la nouvelle cha\u00eene<\/p>\n<p class=\" wall-content\">Ce jeudi 10\u00a0juillet 2025, la Ligue de football professionnel (LFP) a d\u00e9voil\u00e9 les contours de <strong>Ligue\u00a01 +<\/strong>, la nouvelle cha\u00eene du championnat de France. Pour faire d\u00e9couvrir la nouvelle cha\u00eene, <a href=\"https:\/\/www.lfp.fr\/article\/ligue-1-la-nouvelle-maison-de-la-ligue-1-mcdonald-s-des-le-15-aout\" rel=\"nofollow noopener\" target=\"_blank\">la rencontre entre le FC Nantes et le PSG sera diffus\u00e9e en clair<\/a>.<\/p>\n<blockquote class=\"ac-article-quote wall-content\">\n<p>Le 17 ao\u00fbt, \u00e0 l\u2019occasion de la premi\u00e8re journ\u00e9e, la grande soir\u00e9e du dimanche sera offerte \u00e0 tous avec en clair et en direct le grand magazine \u00e0 19h15 suivi de l\u2019affiche Nantes \u2013 PSG. <\/p>\n<p>    <strong>LFP<\/strong>\n            <\/p><\/blockquote>\n<p class=\" wall-content\">L\u2019instance a pr\u00e9sent\u00e9 les modalit\u00e9s d\u2019abonnement sur cette nouvelle plateforme\u2009: 14,99\u20ac\/mois avec engagement (pendant 12\u00a0mois), 19,99\u20ac\/mois sans engagement et une offre \u00e0 venir de 9,99\u20ac\/mois sans engagement sur mobiles, tablettes et ordinateurs pour les moins de 26\u00a0ans.<\/p>\n<p>Vid\u00e9os : en ce moment sur Actu<\/p>\n<p class=\" wall-content\">Suivez toute l\u2019actualit\u00e9 de vos villes et m\u00e9dias favoris en vous inscrivant \u00e0 <a href=\"https:\/\/moncompte.actu.fr\" title=\"D\u00e9couvez Mon Actu\" rel=\"nofollow noopener\" data-trk=\"{&quot;cta&quot;:{&quot;action&quot;:&quot;https:\\\/\\\/moncompte.actu.fr&quot;,&quot;category&quot;:&quot;mon compte&quot;,&quot;from&quot;:&quot;article footer&quot;,&quot;name&quot;:&quot;Mon actu&quot;,&quot;type&quot;:&quot;cta&quot;}}\" target=\"_blank\">Mon Actu<\/a>.<\/p>\n<ul class=\"ac-article-tag wall-content\">\n<li><a href=\"https:\/\/actu.fr\/tag\/fc-nantes\" data-trk=\"{&quot;cta&quot;:{&quot;action&quot;:&quot;FC Nantes&quot;,&quot;category&quot;:&quot;tag&quot;,&quot;from&quot;:&quot;article footer&quot;,&quot;name&quot;:&quot;FC Nantes&quot;,&quot;type&quot;:&quot;cta&quot;}}\" rel=\"nofollow noopener\" target=\"_blank\">#FC Nantes<\/a><\/li>\n<li><a href=\"https:\/\/actu.fr\/tag\/paris-saint-germain-psg\" data-trk=\"{&quot;cta&quot;:{&quot;action&quot;:&quot;Paris Saint Germain (PSG)&quot;,&quot;category&quot;:&quot;tag&quot;,&quot;from&quot;:&quot;article footer&quot;,&quot;name&quot;:&quot;Paris Saint Germain (PSG)&quot;,&quot;type&quot;:&quot;cta&quot;}}\" rel=\"nofollow noopener\" target=\"_blank\">#Paris Saint Germain (PSG)<\/a><\/li>\n<\/ul>\n","protected":false},"excerpt":{"rendered":"Par Thomas Bernard Publi\u00e9 le 10 juil. 2025 \u00e0 14h59 De retour sur les terrains d\u2019entra\u00eenement depuis le&hellip;\n","protected":false},"author":2,"featured_media":45509,"comment_status":"","ping_status":"","sticky":false,"template":"","format":"standard","meta":{"footnotes":""},"categories":[2818],"tags":[1111,11,1777,674,462,63,1011,27,766,12,2332,2636,25,60],"class_list":{"0":"post-240086","1":"post","2":"type-post","3":"status-publish","4":"format-standard","5":"has-post-thumbnail","7":"category-nantes","8":"tag-actu","9":"tag-actualites","10":"tag-eu","11":"tag-europe","12":"tag-fc-nantes","13":"tag-football","14":"tag-fr","15":"tag-france","16":"tag-nantes","17":"tag-news","18":"tag-paris-saint-germain-psg","19":"tag-pays-de-la-loire","20":"tag-republique-francaise","21":"tag-sports"},"share_on_mastodon":{"url":"https:\/\/pubeurope.com\/@fr\/114829134668995261","error":""},"_links":{"self":[{"href":"https:\/\/www.europesays.com\/fr\/wp-json\/wp\/v2\/posts\/240086","targetHints":{"allow":["GET"]}}],"collection":[{"href":"https:\/\/www.europesays.com\/fr\/wp-json\/wp\/v2\/posts"}],"about":[{"href":"https:\/\/www.europesays.com\/fr\/wp-json\/wp\/v2\/types\/post"}],"author":[{"embeddable":true,"href":"https:\/\/www.europesays.com\/fr\/wp-json\/wp\/v2\/users\/2"}],"replies":[{"embeddable":true,"href":"https:\/\/www.europesays.com\/fr\/wp-json\/wp\/v2\/comments?post=240086"}],"version-history":[{"count":0,"href":"https:\/\/www.europesays.com\/fr\/wp-json\/wp\/v2\/posts\/240086\/revisions"}],"wp:featuredmedia":[{"embeddable":true,"href":"https:\/\/www.europesays.com\/fr\/wp-json\/wp\/v2\/media\/45509"}],"wp:attachment":[{"href":"https:\/\/www.europesays.com\/fr\/wp-json\/wp\/v2\/media?parent=240086"}],"wp:term":[{"taxonomy":"category","embeddable":true,"href":"https:\/\/www.europesays.com\/fr\/wp-json\/wp\/v2\/categories?post=240086"},{"taxonomy":"post_tag","embeddable":true,"href":"https:\/\/www.europesays.com\/fr\/wp-json\/wp\/v2\/tags?post=240086"}],"curies":[{"name":"wp","href":"https:\/\/api.w.org\/{rel}","templated":true}]}}