{"id":240091,"date":"2025-07-10T13:20:10","date_gmt":"2025-07-10T13:20:10","guid":{"rendered":"https:\/\/www.europesays.com\/fr\/240091\/"},"modified":"2025-07-10T13:20:10","modified_gmt":"2025-07-10T13:20:10","slug":"trophees-du-commerce-2025-a-toulouse-quartier-par-quartier-voici-vos-commercants-preferes","status":"publish","type":"post","link":"https:\/\/www.europesays.com\/fr\/240091\/","title":{"rendered":"Troph\u00e9es du commerce 2025 \u00e0 Toulouse. Quartier par quartier, voici vos commer\u00e7ants pr\u00e9f\u00e9r\u00e9s"},"content":{"rendered":"<p>            Par<br \/>\n        <strong><br \/>\n            <a href=\"https:\/\/actu.fr\/auteur\/redaction-toulouse\" title=\"Consulter tous les articles de R\u00e9daction de Toulouse\" rel=\"nofollow noopener\" target=\"_blank\">R\u00e9daction de Toulouse<\/a><br \/>\n        <\/strong><\/p>\n<p>        Publi\u00e9 le<\/p>\n<p>            10 juil. 2025 \u00e0 14h34        <\/p>\n<p>Ce sont vos commer\u00e7ants pr\u00e9f\u00e9r\u00e9s \u00e0 Toulouse ! Mercredi 9 juillet 2025, <strong>21 commer\u00e7ants<\/strong> de la Ville rose ont \u00e9t\u00e9 distingu\u00e9s \u00e0 l\u2019occasion d\u2019une soir\u00e9e de gala organis\u00e9e salle des Illustres au Capitole, en pr\u00e9sence du maire de Toulouse <a href=\"https:\/\/actu.fr\/tag\/jean-luc-moudenc\" rel=\"nofollow noopener\" target=\"_blank\">Jean-Luc Moudenc<\/a> et des 20 maires de quartiers de la Ville.<\/p>\n<p class=\" wall-content\">Cette soir\u00e9e cl\u00f4turait la troisi\u00e8me \u00e9dition des <strong>Troph\u00e9es du commerce et de l\u2019artisanat<\/strong> organis\u00e9s par le site d\u2019infos Actu Toulouse et le journal gratuit C\u00f4t\u00e9 Toulouse, titres \u00e9dit\u00e9s par le <a href=\"https:\/\/actu.fr\/qui-sommes-nous\" rel=\"nofollow noopener\" target=\"_blank\">Groupe Actu<\/a> (filiale du groupe SIPA Ouest-France), la Mairie de Toulouse et diff\u00e9rents partenaires (CCI, Chambre des m\u00e9tiers, Cr\u00e9dit Mutuel, radio 100%). Un \u00e9v\u00e9nement visant \u00e0 mettre en valeur le dynamisme du tissu commercial toulousain.<\/p>\n<p>Des commer\u00e7ants \u00e9lus par les lecteurs d\u2019Actu Toulouse<\/p>\n<p class=\" wall-content\">150 commerces de Toulouse avaient candidat\u00e9 dans les 20 quartiers de la Ville rose. Ils ont \u00e9t\u00e9 d\u00e9partag\u00e9s par les lecteurs d\u2019Actu Toulouse et du magazine C\u00f4t\u00e9 Toulouse qui ont vot\u00e9, quartier par quartier, pour leurs commer\u00e7ants pr\u00e9f\u00e9r\u00e9s ces trois derniers mois.<\/p>\n<p class=\" wall-content\"><strong>32 303 votes<\/strong> ont \u00e9t\u00e9 comptabilis\u00e9s, soit le double de la pr\u00e9c\u00e9dente \u00e9dition organis\u00e9e il y a deux ans.\u00a0<\/p>\n<p class=\" wall-content\">Apr\u00e8s avoir \u00e9t\u00e9 mis en valeur pendant plusieurs semaines sur nos m\u00e9dias, aux c\u00f4t\u00e9s des autres commer\u00e7ants nomm\u00e9s pour ces troph\u00e9es, les laur\u00e9ats profiteront d\u2019<strong>une campagne publicitaire d\u2019une valeur de 2 500 euros<\/strong> sur les supports du Groupe Actu \u00e0 Toulouse.<\/p>\n<p>Les commer\u00e7ants laur\u00e9ats<\/p>\n<p class=\" wall-content\">Quartiers 1 (Capitole \/ Arnaud-Bernard \/ Carmes) :<br \/><strong>Ga\u00ebl Tarantola<\/strong>, g\u00e9rant de la <strong>Boucherie Gras<\/strong>, 12 place Arnaud-Bernard<br \/>Quartiers 2 (Amidonniers \/ Compans-Caffarelli) :<br \/><strong>Yannig Chapelier<\/strong>, g\u00e9rant des <strong>Fr\u00e8res Chapelier<\/strong>, 156 all\u00e9es de Barcelone<br \/>Quartiers 3 (Les Chalets \/ Bayard-Belfort \/ Saint-Aubin \/ Dupuy) :<br \/><strong>Olivier Guinou<\/strong>, g\u00e9rant du <strong>Caf\u00e9 Authi\u00e9<\/strong>, 25 place Dupuy<br \/>Quartiers 4 (Lapujade \/ Bonnefoy \/ P\u00e9riole \/ Marengo \/ La Colonne) :<br \/><strong>Aude Sanchez<\/strong>, g\u00e9rante du <strong>Galo\u2019Pain<\/strong>, 67 rue du Faubourg Bonnefoy<br \/>Quartiers 5 (St-Michel \/ St-Agne \/ Empalot \/ Le Busca \/ Ile du Ramier \/ Monplaisir) :<br \/><strong>Guillaume Boucher<\/strong>, g\u00e9rant de <strong>La Cour des Vins<\/strong>, 10 avenue Crampel.<br \/>Quartiers 6 (Saint-Cyprien) :<br \/><strong>Laurie Falcou<\/strong>, g\u00e9rante du <strong>P\u2019tit Pion<\/strong>, 35 Grande-Rue Saint Nicolas.<br \/>Quartiers 7 (Sept-deniers \/ Ginestous-Sesqui\u00e8res \/ Lalande) :<br \/><strong>Juliette de Loustal<\/strong>, g\u00e9rante de <strong>L\u2019Adresse Florale<\/strong>, 49 route de Blagnac.<br \/>Quartiers 8 (Minimes \/ Barri\u00e8re de Paris \/ Ponts-Jumeaux \/ La Vache \/ Raisin \/ Fondeyre) :<br \/><strong>Delphine Roques<\/strong>, g\u00e9rante d\u2019<strong>Etamil et Pistil<\/strong>, 93 avenue des Minimes.<br \/>Quartiers 9 (Trois-Cocus \/ Borderouge \/ Croix-Daurade \/ Paleficat \/ Grand-Selve) :<br \/><strong>Annick Aragones<\/strong>, g\u00e9rante de la <strong>P\u00e2tisserie Aragones<\/strong>, 108 route d\u2019Albi.<br \/>Quartiers 10 (Jolimont \/ Soupetard \/ Roseraie \/ Gloire \/ Gramont \/ Amouroux) :<br \/><strong>Pierre G\u00e9raud<\/strong>, g\u00e9rant du <strong>Drive Tout Nu<\/strong>, 4 rue Th\u00e9ron-de-Montaug\u00e9.<br \/>Quartiers 11 (Bonhoure \/ Guilh\u00e9mery \/ Ch\u00e2teau de l\u2019Hers \/ Limayrac \/ C\u00f4t\u00e9-Pav\u00e9e) :<br \/><strong>Bastien Munoz<\/strong>, g\u00e9rant de <strong>La Boucherie du Prince<\/strong>, 2 place Auguste-Albert.<br \/>Quartiers 12 (Pont des Demoiselles \/ Ormeau \/ Montaudran \/ La Terrasse \/ Malep\u00e8re) :<br \/><strong>Olivier Chavanne<\/strong>, g\u00e9rant de la fromagerie <strong>Deux Chavannes<\/strong>, 28 avenue Saint-Exup\u00e9ry.<br \/>Quartiers 13 (Rangueil \/ Sauzelong \/ Jules-Julien \/ Pech-David \/ Pouvourville) :<br \/><strong>Guillaume Vieilledent<\/strong>, g\u00e9rant de la <strong>Brasserie Vieilledent<\/strong>, 30 avenue Jules-Julien.<br \/>Quartiers 14 (Saint-Simon\u00a0 \/ Lafourguette \/ Oncopole-Campus Sant\u00e9 du Futur) :<br \/><strong>Benjamin Serralta<\/strong>, g\u00e9rant de <strong>La Garonnette<\/strong>, 3 rue Henri-Mayer.<br \/>Quartiers 15 (Croix-de-Pierre \/Route d\u2019Espagne) :<br \/><strong>Iulen Leoz<\/strong>, g\u00e9rant de <strong>Fromages &amp; Cr\u00e9ations<\/strong>, 128 avenue de Muret.<br \/>Quartiers 16 (Fontaine-Lestang \/ Ar\u00e8nes \/ Bagatelle \/ Papus \/ Tabar \/ Bordelongue \/ Mermoz \/ La Faourette) :<br \/><strong>Agathe Felut<\/strong>, g\u00e9rante de <strong>L\u2019Assembl\u00e9e gourmande<\/strong>, 8 rue Louis Courtois de Vi\u00e7ose.<br \/>Quartiers 17 (Mirail-Universit\u00e9 \/ Reynerie \/ Bellefontaine) :<br \/><strong>Muztafa Benzagouta<\/strong>, g\u00e9rant des <strong>D\u00e9lices du Primeur<\/strong>, 64 all\u00e9e de Bellefontaine<br \/>Quartiers 18 (Lardenne \/ Pradettes \/ Basso-Cambo) :<br \/><strong>Jeffrey Rouquette<\/strong>, g\u00e9rant de <strong>Bonbonne, cave et popotte<\/strong>, 260 avenue de Lardenne<br \/>Quartiers 19 (Casselardit \/ Fontaine-Bayonne \/ Cartoucherie) :<br \/><strong>Virginie Favier<\/strong>, g\u00e9rante de <strong>Les P\u2019titstou<\/strong>, 3 rue Andr\u00e9-Sav\u00e8s.<br \/>Quartiers 20 (Ar\u00e8nes Romaines \/ Ancely \/ Purpan \/ St-Martni du Touch) :<br \/><strong>Brigitte Clermont<\/strong>, g\u00e9rante de <strong>Fleur de vie<\/strong>, 27 impasse de La Flamb\u00e8re.<\/p>\n<p>Vid\u00e9os : en ce moment sur Actu<\/p>\n<p class=\" wall-content\">La Chambre du commerce et de l\u2019Industrie (CCI) a d\u00e9cern\u00e9 son prix \u00ab\u00a0Coup de C\u0153ur\u00a0\u00bb \u00e0 <strong>Anthony Raynal<\/strong>, g\u00e9rant de <strong>Bambee Bistrot<\/strong>, 72 avenue des \u00c9tats-Unis (quartier La Vache).<\/p>\n<p class=\" wall-content\">Suivez toute l\u2019actualit\u00e9 de vos villes et m\u00e9dias favoris en vous inscrivant \u00e0 <a href=\"https:\/\/moncompte.actu.fr\" title=\"D\u00e9couvez Mon Actu\" rel=\"nofollow noopener\" data-trk=\"{&quot;cta&quot;:{&quot;action&quot;:&quot;https:\\\/\\\/moncompte.actu.fr&quot;,&quot;category&quot;:&quot;mon compte&quot;,&quot;from&quot;:&quot;article footer&quot;,&quot;name&quot;:&quot;Mon actu&quot;,&quot;type&quot;:&quot;cta&quot;}}\" target=\"_blank\">Mon Actu<\/a>.<\/p>\n","protected":false},"excerpt":{"rendered":"Par R\u00e9daction de Toulouse Publi\u00e9 le 10 juil. 2025 \u00e0 14h34 Ce sont vos commer\u00e7ants pr\u00e9f\u00e9r\u00e9s \u00e0 Toulouse&hellip;\n","protected":false},"author":2,"featured_media":240092,"comment_status":"","ping_status":"","sticky":false,"template":"","format":"standard","meta":{"footnotes":""},"categories":[2816],"tags":[1111,11,215,33,1777,674,1011,27,12,2680,25,2312],"class_list":{"0":"post-240091","1":"post","2":"type-post","3":"status-publish","4":"format-standard","5":"has-post-thumbnail","7":"category-toulouse","8":"tag-actu","9":"tag-actualites","10":"tag-commerce","11":"tag-economie","12":"tag-eu","13":"tag-europe","14":"tag-fr","15":"tag-france","16":"tag-news","17":"tag-occitanie","18":"tag-republique-francaise","19":"tag-toulouse"},"share_on_mastodon":{"url":"https:\/\/pubeurope.com\/@fr\/114829146954191555","error":""},"_links":{"self":[{"href":"https:\/\/www.europesays.com\/fr\/wp-json\/wp\/v2\/posts\/240091","targetHints":{"allow":["GET"]}}],"collection":[{"href":"https:\/\/www.europesays.com\/fr\/wp-json\/wp\/v2\/posts"}],"about":[{"href":"https:\/\/www.europesays.com\/fr\/wp-json\/wp\/v2\/types\/post"}],"author":[{"embeddable":true,"href":"https:\/\/www.europesays.com\/fr\/wp-json\/wp\/v2\/users\/2"}],"replies":[{"embeddable":true,"href":"https:\/\/www.europesays.com\/fr\/wp-json\/wp\/v2\/comments?post=240091"}],"version-history":[{"count":0,"href":"https:\/\/www.europesays.com\/fr\/wp-json\/wp\/v2\/posts\/240091\/revisions"}],"wp:featuredmedia":[{"embeddable":true,"href":"https:\/\/www.europesays.com\/fr\/wp-json\/wp\/v2\/media\/240092"}],"wp:attachment":[{"href":"https:\/\/www.europesays.com\/fr\/wp-json\/wp\/v2\/media?parent=240091"}],"wp:term":[{"taxonomy":"category","embeddable":true,"href":"https:\/\/www.europesays.com\/fr\/wp-json\/wp\/v2\/categories?post=240091"},{"taxonomy":"post_tag","embeddable":true,"href":"https:\/\/www.europesays.com\/fr\/wp-json\/wp\/v2\/tags?post=240091"}],"curies":[{"name":"wp","href":"https:\/\/api.w.org\/{rel}","templated":true}]}}