{"id":240093,"date":"2025-07-10T13:21:15","date_gmt":"2025-07-10T13:21:15","guid":{"rendered":"https:\/\/www.europesays.com\/fr\/240093\/"},"modified":"2025-07-10T13:21:15","modified_gmt":"2025-07-10T13:21:15","slug":"les-lions-rassurants-pour-kinghorn-toulouse-peut-souffler","status":"publish","type":"post","link":"https:\/\/www.europesays.com\/fr\/240093\/","title":{"rendered":"Les Lions rassurants pour Kinghorn, Toulouse peut souffler"},"content":{"rendered":"<p>Le Stade Toulousain peut \u00eatre soulag\u00e9 ! Et les Lions aussi par la m\u00eame occasion. <strong>Ces derniers ont donn\u00e9 des nouvelles rassurantes de <a href=\"https:\/\/www.xvovalie.com\/tag\/blair-kinghorn\/\" target=\"_blank\" rel=\"noopener\">Blair Kinghorn<\/a><\/strong>, sorti apr\u00e8s 24 minutes de jeu hier lors de la victoire contre les Brumbies (24-36). Touch\u00e9 \u00e0 un genou, <strong>l\u2019arri\u00e8re <a href=\"https:\/\/www.xvovalie.com\/xv-du-chardon\/\" target=\"_blank\" rel=\"noopener\">\u00e9cossais<\/a> de 28 ans craignait pour la suite de sa tourn\u00e9e<\/strong>, voire plus.<\/p>\n<p>Si <a href=\"https:\/\/www.xvovalie.com\/tag\/andy-farrell\/\" target=\"_blank\" rel=\"noopener\">Andy Farrell<\/a> <strong>avait voulu se montrer confiant<\/strong> tout comme son adjoint John Dalziel, l\u2019inqui\u00e9tude restait de mise tant que les r\u00e9sultats des examens n\u2019\u00e9taient pas connus. La s\u00e9lection britannique a confirm\u00e9 que <strong>le joueur serait de retour prochainement \u00e0 l\u2019entra\u00eenement<\/strong> : \u201cBlair Kinghorn a re\u00e7u des nouvelles positives apr\u00e8s un scanner sur une blessure au genou subie contre les Brumbies \u00e0 Canberra mercredi soir. L\u2019\u00e9quipe m\u00e9dicale des Lions va g\u00e9rer son retour \u00e0 l\u2019entra\u00eenement dans les prochains jours\u201c. <\/p>\n<p>Une bonne nouvelle donc. \u00c0 voir d\u00e9sormais si le joueur sera apte \u00e0 temps pour d\u00e9fier l\u2019Australie, <strong>lui qui semblait tenir la corde<\/strong> \u00e0 l\u2019arri\u00e8re devant Hugo Keenan.<\/p>\n<p>La compo pour samedi connue, Farrell dans le groupe<\/p>\n<p>Dans ce m\u00eame communiqu\u00e9, les Lions ont indiqu\u00e9 que l\u2019Irlandais Jamie Osborne, actuellement avec l\u2019Irlande au <a data-ilj-link-preview=\"true\" data-featured-image=\"\" data-excerpt=\"Le rugby est relativement nouveau au Portugal, avec la premi\u00e8re \u00e9quipe nationale cr\u00e9\u00e9e en 1935. Depuis lors, le rugby portugais a connu des hauts et des bas, mais les joueurs et les supporters portugais ont toujours \u00e9t\u00e9 passionn\u00e9s. Le Portugal a connu ses plus grands succ\u00e8s dans les ann\u00e9es 1990 et 2000, remportant plusieurs tournois\u2026\" href=\"https:\/\/www.xvovalie.com\/portugal\/\" target=\"_blank\" rel=\"noopener\">Portugal<\/a>, <strong>rejoindrait l\u2019\u00e9quipe comme partenaire d\u2019entra\u00eenement<\/strong>.<\/p>\n<p>Les Lions d\u00e9fient <strong>une formation mixte compos\u00e9e de joueurs australiens et <a data-ilj-link-preview=\"true\" data-featured-image=\"\" data-excerpt=\"Les All Blacks, l&#039;\u00e9quipe nationale de rugby de la Nouvelle-Z\u00e9lande, est l&#039;une des \u00e9quipes les plus dominantes de l&#039;histoire du sport. Depuis leur cr\u00e9ation en 1903, ils ont remport\u00e9 de nombreux titres majeurs, notamment la Coupe du Monde de Rugby \u00e0 trois reprises, en 1987, 2011 et 2015. Les n\u00e9o-z\u00e9landais ont une r\u00e9putation mondiale de\u2026\" href=\"https:\/\/www.xvovalie.com\/all-blacks-nouvelle-zelande\/\" target=\"_blank\" rel=\"noopener\">n\u00e9o-z\u00e9landais<\/a><\/strong> appel\u00e9e l\u2019AUNZ XV ce samedi \u00e0 Adela\u00efde (12h00). Pour ce choc int\u00e9ressant \u00e0 suivre, du fait de l\u2019inconnu de l\u2019adversit\u00e9, <strong>Hugo Keenan sera bien \u00e9videmment titularis\u00e9 \u00e0 l\u2019arri\u00e8re<\/strong> alors que <a href=\"https:\/\/www.xvovalie.com\/tag\/marcus-smith\/\" target=\"_blank\" rel=\"noopener\">Marcus Smith<\/a> prendra une nouvelle fois place sur le banc, Fin Smith \u00e9tant titularis\u00e9 \u00e0 l\u2019ouverture. <\/p>\n<p>Le ph\u00e9nom\u00e8ne <a href=\"https:\/\/www.xvovalie.com\/tag\/henry-pollock\/\" target=\"_blank\" rel=\"noopener\">Henry Pollock<\/a> portera lui le num\u00e9ro 6 alors qu\u2019Owen Farrell, dont la convocation fut critiqu\u00e9e, <strong>sera rempla\u00e7ant<\/strong>. <a href=\"https:\/\/www.xvovalie.com\/tag\/maro-itoje\/\" target=\"_blank\" rel=\"noopener\">Maro Itoje<\/a> mis au repos, sans surprise c\u2019est <strong>Tadhg Beirne qui endossera le r\u00f4le de capitaine<\/strong>. <\/p>\n<p><strong>La composition des Lions Britanniques &amp; Irlandais : <\/strong><\/p>\n<p>15. Keenan\u00a0; 14. Hansen, 13. <a href=\"https:\/\/www.xvovalie.com\/tag\/eddie-jones\/\" target=\"_blank\" rel=\"noopener\">Jones<\/a>, 12. Tuipulotu, 11. Van der Merwe\u00a0; 10. Smith, 9. White\u00a0; 7. Morgan, 8. Earl, 6. Pollock\u00a0; 5. Beirne (c), 4. Ryan\u00a0; 3. Stuart, 2. Cowan-Dickie, 1. Schoeman.<\/p>\n<p><strong>Rempla\u00e7ants\u00a0<\/strong>: 16. Kelleher, 17. <a href=\"https:\/\/www.xvovalie.com\/tag\/andrew-porter\/\" target=\"_blank\" rel=\"noopener\">Porter<\/a>, 18. Bealham, 19. Cummings, 20. Van der Flier, 21. Mitchell, 22. Smith, 23. Farrell.<\/p>\n<p>Biberonn\u00e9 au rugby, tomb\u00e9 malade de ce sport lors de la Coupe du Monde 2003, alors que je savais \u00e0 peine marcher, je suis le seul sudiste ayant reni\u00e9 le Stade Toulousain pour l\u2019autre Stade\u2026 Fran\u00e7ais. Condamn\u00e9 \u00e0 souffrir avec mon club de c\u0153ur, j\u2019esp\u00e8re vous transmettre mon amour pour la balle ovale \u00e0 travers XV Ovalie !<\/p>\n","protected":false},"excerpt":{"rendered":"Le Stade Toulousain peut \u00eatre soulag\u00e9 ! Et les Lions aussi par la m\u00eame occasion. Ces derniers ont&hellip;\n","protected":false},"author":2,"featured_media":240094,"comment_status":"","ping_status":"","sticky":false,"template":"","format":"standard","meta":{"footnotes":""},"categories":[2816],"tags":[1111,11,15022,1777,674,1011,27,33728,12,2680,25,6107,476,478,2312],"class_list":{"0":"post-240093","1":"post","2":"type-post","3":"status-publish","4":"format-standard","5":"has-post-thumbnail","7":"category-toulouse","8":"tag-actu","9":"tag-actualites","10":"tag-blair-kinghorn","11":"tag-eu","12":"tag-europe","13":"tag-fr","14":"tag-france","15":"tag-lions-britanniques","16":"tag-news","17":"tag-occitanie","18":"tag-republique-francaise","19":"tag-rugby-international","20":"tag-stade-toulousain","21":"tag-top-14","22":"tag-toulouse"},"share_on_mastodon":{"url":"https:\/\/pubeurope.com\/@fr\/114829150488275195","error":""},"_links":{"self":[{"href":"https:\/\/www.europesays.com\/fr\/wp-json\/wp\/v2\/posts\/240093","targetHints":{"allow":["GET"]}}],"collection":[{"href":"https:\/\/www.europesays.com\/fr\/wp-json\/wp\/v2\/posts"}],"about":[{"href":"https:\/\/www.europesays.com\/fr\/wp-json\/wp\/v2\/types\/post"}],"author":[{"embeddable":true,"href":"https:\/\/www.europesays.com\/fr\/wp-json\/wp\/v2\/users\/2"}],"replies":[{"embeddable":true,"href":"https:\/\/www.europesays.com\/fr\/wp-json\/wp\/v2\/comments?post=240093"}],"version-history":[{"count":0,"href":"https:\/\/www.europesays.com\/fr\/wp-json\/wp\/v2\/posts\/240093\/revisions"}],"wp:featuredmedia":[{"embeddable":true,"href":"https:\/\/www.europesays.com\/fr\/wp-json\/wp\/v2\/media\/240094"}],"wp:attachment":[{"href":"https:\/\/www.europesays.com\/fr\/wp-json\/wp\/v2\/media?parent=240093"}],"wp:term":[{"taxonomy":"category","embeddable":true,"href":"https:\/\/www.europesays.com\/fr\/wp-json\/wp\/v2\/categories?post=240093"},{"taxonomy":"post_tag","embeddable":true,"href":"https:\/\/www.europesays.com\/fr\/wp-json\/wp\/v2\/tags?post=240093"}],"curies":[{"name":"wp","href":"https:\/\/api.w.org\/{rel}","templated":true}]}}