{"id":240101,"date":"2025-07-10T13:25:11","date_gmt":"2025-07-10T13:25:11","guid":{"rendered":"https:\/\/www.europesays.com\/fr\/240101\/"},"modified":"2025-07-10T13:25:11","modified_gmt":"2025-07-10T13:25:11","slug":"on-est-completement-sequestres-a-marseille-la-colere-des-habitants-bloques-malgre-la-fin-des-incendies","status":"publish","type":"post","link":"https:\/\/www.europesays.com\/fr\/240101\/","title":{"rendered":"\u00ab\u00a0On est compl\u00e8tement s\u00e9questr\u00e9s\u00a0\u00bb : \u00e0 Marseille, la col\u00e8re des habitants bloqu\u00e9s malgr\u00e9 la fin des incendies"},"content":{"rendered":"<ul class=\"jsx-862013697 ArticleChapo__List\">\n<li class=\"jsx-862013697 ArticleChapo__List_Item flex\">\u00c0 Marseille (Bouches-du-Rh\u00f4ne), des quartiers comme l&rsquo;Estaque ont encore \u00e9t\u00e9 boucl\u00e9s ce jeudi matin, alors que le gigantesque incendie \u00e9tait enfin fix\u00e9.<\/li>\n<li class=\"jsx-862013697 ArticleChapo__List_Item flex\">Les pompiers voulaient v\u00e9rifier l&rsquo;\u00e9tat des maisons et des appartements qui ont \u00e9t\u00e9 touch\u00e9s, et peuvent \u00eatre fragilis\u00e9s.<\/li>\n<li class=\"jsx-862013697 ArticleChapo__List_Item flex\">Tous les habitants ne le comprenaient pas.<\/li>\n<\/ul>\n<p><a href=\"https:\/\/www.tf1info.fr\/actualite\/incendie-dans-l-aude-2-000-hectares-parcourus-par-l-incendie-14315\/\" rel=\"noopener\" class=\"jsx-484472199 Link jsx-1428418400 jsx-27126556\" target=\"_blank\"><\/p>\n<p style=\"font-weight:400\" class=\"jsx-1837267516\">Suivez la couverture compl\u00e8te<\/p>\n<p style=\"font-weight:800\" class=\"jsx-1837267516\">Incendies en France : l&rsquo;\u00e9t\u00e9 2025 de tous les dangers<\/p>\n<p><\/a><\/p>\n<p data-module=\"article-paragraph\" class=\"jsx-3046738180 Paragraph Paragraph__End\">Personne n&rsquo;entre, personne ne sort. <a href=\"https:\/\/www.tf1info.fr\/meteo\/en-direct-incendies-dans-le-sud-de-la-france-a-marseille-les-habitants-du-16-arrondissement-confines-a-narbonne-feu-pas-matrise-2381504.html\" target=\"_blank\" rel=\"noopener\">L&rsquo;incendie est fix\u00e9<\/a> depuis la veille au soir, mais le quartier de l&rsquo;Estaque, \u00e0 Marseille, \u00e9tait toujours confin\u00e9 jeudi matin. Une habitante voulait aller chercher sa grand-m\u00e8re de 94 ans. \u00ab\u00a0Elle n&rsquo;a pas de t\u00e9l\u00e9phone, elle n&rsquo;a pas d&rsquo;\u00e9lectricit\u00e9, je ne peux pas la joindre\u00a0\u00bb, argumente-t-elle. Apr\u00e8s une heure d&rsquo;attente et de n\u00e9gociation, les pompiers la laissent finalement passer, elle retrouve sa grand-m\u00e8re, sonn\u00e9e. \u00ab\u00a0Je suis soulag\u00e9e. Vous savez, j&rsquo;ai toujours v\u00e9cu en haut, donc \u00e7a me fait de la peine de partir comme \u00e7a,\u00a0\u00bb confie cette derni\u00e8re.\u00a0<\/p>\n<p data-module=\"article-paragraph\" class=\"jsx-3046738180 Paragraph\">La police municipale bloque l&rsquo;acc\u00e8s aux quartiers qui ont br\u00fbl\u00e9. De l&rsquo;autre c\u00f4t\u00e9 du barrage, les pompiers sont en train d&rsquo;\u00e9valuer s&rsquo;il existe un risque sur les b\u00e2timents avant d&rsquo;autoriser les habitants \u00e0 regagner leur maison.\u00a0<\/p>\n<p data-module=\"article-paragraph\" class=\"jsx-3046738180 Paragraph Paragraph__End\">Le barrage fonctionne dans les deux sens. M\u00eame si leur maison a \u00e9t\u00e9 \u00e9pargn\u00e9e par le feu, les habitants confin\u00e9s de l&rsquo;autre c\u00f4t\u00e9 n&rsquo;ont pas le droit de sortir. \u00ab\u00a0On est compl\u00e8tement s\u00e9questr\u00e9s. On ne peut pas descendre, on ne peut pas monter. On n&rsquo;a pas d&rsquo;\u00e9lectricit\u00e9. On a les frigos qui commencent \u00e0 pourrir. On ne sait m\u00eame pas comment on va faire pour manger. \u00c7a fait deux jours qu&rsquo;on mange des conserves\u00a0\u00bb, s&rsquo;exasp\u00e8re un habitant. \u00a0<\/p>\n<p><a href=\"https:\/\/www.tf1info.fr\/environnement-ecologie\/reportage-video-le-paysage-maintenant-est-lunaire-les-images-vues-du-ciel-des-feux-a-marseille-2381953.html\" rel=\"noopener\" class=\"jsx-3308031228 Link flex\" target=\"_blank\"><img decoding=\"async\" src=\"https:\/\/www.europesays.com\/fr\/wp-content\/uploads\/2025\/07\/ravages-incendie-marseille-b9ef81-0@1x.jpeg\" alt=\"Les d\u00e9g\u00e2ts des feux qui ont br\u00fbl\u00e9 des quartiers de Marseille, le 9 juillet 2025\" loading=\"lazy\" importance=\"low\" fetchpriority=\"low\" class=\"\" aria-hidden=\"true\"\/><\/p>\n<p class=\"jsx-3657663356 ReadMoreArticle__Title\">Lire aussi<\/p>\n<p class=\"jsx-3657663356\">\u00ab\u00a0Il n&rsquo;y a plus un arbre, c&rsquo;est un cr\u00e8ve-c\u0153ur\u00a0\u00bb : les ravages de l&rsquo;incendie \u00e0 Marseille vus du ciel<\/p>\n<p><\/a><\/p>\n<p data-module=\"article-paragraph\" class=\"jsx-3046738180 Paragraph Paragraph__End\">Le feu a touch\u00e9 la deuxi\u00e8me ville de France. 750 hectares br\u00fbl\u00e9s, 89 maisons touch\u00e9es par les flammes, dont plusieurs dizaines sont inhabitables. Les pompiers ne constatent aucune reprise de feu ce jeudi. T\u00f4t le matin, avant que les acc\u00e8s ne soient bloqu\u00e9s, l&rsquo;une de nos \u00e9quipes a rencontr\u00e9 un sinistr\u00e9 chez lui. Sa terrasse a enti\u00e8rement br\u00fbl\u00e9, comme on le voit dans le reportage du JT de TF1 en t\u00eate de cet article. \u00ab\u00a0Il y a plus grave que \u00e7a. Le monsieur est en face, il a tout perdu. C&rsquo;est une vie enti\u00e8re qui part.\u00a0\u00bb<\/p>\n<p data-module=\"article-paragraph\" class=\"jsx-3046738180 Paragraph Paragraph__End\">\u00c0 midi, les consignes ont \u00e9t\u00e9 un peu all\u00e9g\u00e9es. Un furet bless\u00e9 par les flammes a pu \u00eatre \u00e9vacu\u00e9 chez le v\u00e9t\u00e9rinaire. Puis, au compte-gouttes, quelques habitants ont \u00e9t\u00e9 autoris\u00e9s \u00e0 r\u00e9cup\u00e9rer des affaires essentielles, comme des m\u00e9dicaments. Tous esp\u00e8rent que le barrage sera lev\u00e9 dans la journ\u00e9e.<\/p>\n<p>La r\u00e9daction de TF1info  | Reportage Chlo\u00e9 BARBAUX, Benjamin REY, Julien CLOUZEAU<\/p>\n","protected":false},"excerpt":{"rendered":"\u00c0 Marseille (Bouches-du-Rh\u00f4ne), des quartiers comme l&rsquo;Estaque ont encore \u00e9t\u00e9 boucl\u00e9s ce jeudi matin, alors que le gigantesque&hellip;\n","protected":false},"author":2,"featured_media":240102,"comment_status":"","ping_status":"","sticky":false,"template":"","format":"standard","meta":{"footnotes":""},"categories":[2814],"tags":[1111,11,1921,1777,674,1011,27,1310,37774,1922,5008,884,12,4775,882,25,133,14529],"class_list":{"0":"post-240101","1":"post","2":"type-post","3":"status-publish","4":"format-standard","5":"has-post-thumbnail","7":"category-marseille","8":"tag-actu","9":"tag-actualites","10":"tag-article-video","11":"tag-eu","12":"tag-europe","13":"tag-fr","14":"tag-france","15":"tag-incendie","16":"tag-incendies-en-france-lete-2025-de-tous-les-dangers","17":"tag-info","18":"tag-le-13h","19":"tag-marseille","20":"tag-news","21":"tag-pompier","22":"tag-provence-alpes-cote-dazur","23":"tag-republique-francaise","24":"tag-video","25":"tag-video-regions"},"share_on_mastodon":{"url":"https:\/\/pubeurope.com\/@fr\/114829166132462397","error":""},"_links":{"self":[{"href":"https:\/\/www.europesays.com\/fr\/wp-json\/wp\/v2\/posts\/240101","targetHints":{"allow":["GET"]}}],"collection":[{"href":"https:\/\/www.europesays.com\/fr\/wp-json\/wp\/v2\/posts"}],"about":[{"href":"https:\/\/www.europesays.com\/fr\/wp-json\/wp\/v2\/types\/post"}],"author":[{"embeddable":true,"href":"https:\/\/www.europesays.com\/fr\/wp-json\/wp\/v2\/users\/2"}],"replies":[{"embeddable":true,"href":"https:\/\/www.europesays.com\/fr\/wp-json\/wp\/v2\/comments?post=240101"}],"version-history":[{"count":0,"href":"https:\/\/www.europesays.com\/fr\/wp-json\/wp\/v2\/posts\/240101\/revisions"}],"wp:featuredmedia":[{"embeddable":true,"href":"https:\/\/www.europesays.com\/fr\/wp-json\/wp\/v2\/media\/240102"}],"wp:attachment":[{"href":"https:\/\/www.europesays.com\/fr\/wp-json\/wp\/v2\/media?parent=240101"}],"wp:term":[{"taxonomy":"category","embeddable":true,"href":"https:\/\/www.europesays.com\/fr\/wp-json\/wp\/v2\/categories?post=240101"},{"taxonomy":"post_tag","embeddable":true,"href":"https:\/\/www.europesays.com\/fr\/wp-json\/wp\/v2\/tags?post=240101"}],"curies":[{"name":"wp","href":"https:\/\/api.w.org\/{rel}","templated":true}]}}