{"id":240103,"date":"2025-07-10T13:26:09","date_gmt":"2025-07-10T13:26:09","guid":{"rendered":"https:\/\/www.europesays.com\/fr\/240103\/"},"modified":"2025-07-10T13:26:09","modified_gmt":"2025-07-10T13:26:09","slug":"canicule-comment-faire-face-aux-coupures-de-courant-dans-lest-lyonnais","status":"publish","type":"post","link":"https:\/\/www.europesays.com\/fr\/240103\/","title":{"rendered":"Canicule : comment faire face aux coupures de courant dans l&rsquo;Est lyonnais ?"},"content":{"rendered":"<p>La situation n&rsquo;est pas nouvelle, et le probl\u00e8me bien connu. Certains c\u00e2bles plus fragiles supportent moins bien les grosses vagues de chaleur, ce qui entra\u00eene des coupures d&rsquo;\u00e9lectricit\u00e9. Les \u00e9lus de l&rsquo;Est lyonnais demandent \u00e0 Enedis de r\u00e9agir.<\/p>\n<p>Ce sont des coupures de courtes dur\u00e9es, souvent plusieurs minutes et jusqu&rsquo;\u00e0 deux heures maximum. Bron, D\u00e9cines-Charpieu mais aussi V\u00e9nissieux ont \u00e9t\u00e9 touch\u00e9s par ce ph\u00e9nom\u00e8ne entre fin juin et d\u00e9but juillet. <\/p>\n<p>D&rsquo;autres agglom\u00e9rations, \u00e0 commencer par <b>Paris<\/b>, ont connu le m\u00eame probl\u00e8me. <\/p>\n<p>Un type de c\u00e2ble moins r\u00e9sistant \u00e0 la chaleur<\/p>\n<p>\u00ab\u00a0Nous savons que les techniciens d&rsquo;Enedis font tout leur possible pour r\u00e9tablir le courant et je salue leur r\u00e9activit\u00e9. Mais nous devons nous interroger : comment faire en sorte de s&rsquo;adapter ? Il faut aller plus vite dans le renouvellement de certains c\u00e2bles\u00a0\u00bb, note <b>Pierre-Alain Millet<\/b>, vice-pr\u00e9sident du Syndicat de gestion des \u00e9nergies en r\u00e9gion lyonnaise (SiGerLy).<\/p>\n<p>D&rsquo;autant que, souligne l&rsquo;\u00e9lu, ces vagues de chaleurs sont amen\u00e9es \u00e0 se reproduire. <\/p>\n<p>\u00ab\u00a0Nous avons un plan d&rsquo;investissement pour justement intervenir sur certains de ces c\u00e2bles, souligne <b>Benoit Vignat<\/b>, responsable Enedis sur la M\u00e9tropole de Lyon. Mais cela ne se fait pas en un claquement de doigt. En attendant, nous sommes pr\u00eat \u00e0 intervenir, 24 heures sur 24, pour r\u00e9tablir le courant au plus vite.\u00a0\u00bb<\/p>\n<p>Les \u00e9changes sont en tout cas engag\u00e9 entre Enedis et le SiGERLy pour am\u00e9liorer encore davantage la situation dans les ann\u00e9es \u00e0 venir.<\/p>\n<p><img loading=\"lazy\" decoding=\"async\" src=\"https:\/\/www.europesays.com\/fr\/wp-content\/uploads\/2025\/07\/1752153969_418_img\" width=\"350\" height=\"200\" border=\"0\" title=\"Camion de pompiers.\"\/><\/p>\n<p>\u25baFaits divers<\/p>\n<p style=\"font-size: 22px;\"><b>Pr\u00e8s de Lyon : six hectares de v\u00e9g\u00e9tation partent en fum\u00e9e<\/b><\/p>\n<p>Un incendie s&rsquo;est d\u00e9clar\u00e9, ce mercredi 9 juillet,&#8230;<\/p>\n<p><\/p>\n","protected":false},"excerpt":{"rendered":"La situation n&rsquo;est pas nouvelle, et le probl\u00e8me bien connu. Certains c\u00e2bles plus fragiles supportent moins bien les&hellip;\n","protected":false},"author":2,"featured_media":240104,"comment_status":"","ping_status":"","sticky":false,"template":"","format":"standard","meta":{"footnotes":""},"categories":[1889],"tags":[1111,11,2430,10205,13208,37958,22298,3674,1777,674,1011,27,2428,12,25],"class_list":{"0":"post-240103","1":"post","2":"type-post","3":"status-publish","4":"format-standard","5":"has-post-thumbnail","7":"category-lyon","8":"tag-actu","9":"tag-actualites","10":"tag-auvergne-rhone-alpes","11":"tag-canicules","12":"tag-chaleur","13":"tag-coupures","14":"tag-courant","15":"tag-enedis","16":"tag-eu","17":"tag-europe","18":"tag-fr","19":"tag-france","20":"tag-lyon","21":"tag-news","22":"tag-republique-francaise"},"share_on_mastodon":{"url":"https:\/\/pubeurope.com\/@fr\/114829170075365647","error":""},"_links":{"self":[{"href":"https:\/\/www.europesays.com\/fr\/wp-json\/wp\/v2\/posts\/240103","targetHints":{"allow":["GET"]}}],"collection":[{"href":"https:\/\/www.europesays.com\/fr\/wp-json\/wp\/v2\/posts"}],"about":[{"href":"https:\/\/www.europesays.com\/fr\/wp-json\/wp\/v2\/types\/post"}],"author":[{"embeddable":true,"href":"https:\/\/www.europesays.com\/fr\/wp-json\/wp\/v2\/users\/2"}],"replies":[{"embeddable":true,"href":"https:\/\/www.europesays.com\/fr\/wp-json\/wp\/v2\/comments?post=240103"}],"version-history":[{"count":0,"href":"https:\/\/www.europesays.com\/fr\/wp-json\/wp\/v2\/posts\/240103\/revisions"}],"wp:featuredmedia":[{"embeddable":true,"href":"https:\/\/www.europesays.com\/fr\/wp-json\/wp\/v2\/media\/240104"}],"wp:attachment":[{"href":"https:\/\/www.europesays.com\/fr\/wp-json\/wp\/v2\/media?parent=240103"}],"wp:term":[{"taxonomy":"category","embeddable":true,"href":"https:\/\/www.europesays.com\/fr\/wp-json\/wp\/v2\/categories?post=240103"},{"taxonomy":"post_tag","embeddable":true,"href":"https:\/\/www.europesays.com\/fr\/wp-json\/wp\/v2\/tags?post=240103"}],"curies":[{"name":"wp","href":"https:\/\/api.w.org\/{rel}","templated":true}]}}