{"id":240105,"date":"2025-07-10T13:27:08","date_gmt":"2025-07-10T13:27:08","guid":{"rendered":"https:\/\/www.europesays.com\/fr\/240105\/"},"modified":"2025-07-10T13:27:08","modified_gmt":"2025-07-10T13:27:08","slug":"a-lyon-un-feu-dartifice-ecoresponsable-et-soucieux-des-oiseaux-pour-le-14-juillet","status":"publish","type":"post","link":"https:\/\/www.europesays.com\/fr\/240105\/","title":{"rendered":"\u00c0 Lyon, un feu d\u2019artifice \u00ab\u00e9coresponsable\u00bb et soucieux \u00abdes oiseaux\u00bb pour le 14 juillet"},"content":{"rendered":"<p>La municipalit\u00e9 \u00e9cologiste promet un spectacle pyrotechnique \u00ab\u00e9coresponsable et soucieux de la protection de la faune et la flore\u00bb pour le 14 juillet \u00e0 Lyon.<\/p>\n<p class=\"fig-paragraph\">Apr\u00e8s \u00abLes feux olympiques\u00bb en 2024 pour rendre hommage aux valeurs du sport \u00e0 quelques semaines des JO,\u00a0<a href=\"http:\/\/www.lefigaro.fr\/lyon\/stationnement-payant-feu-d-artifice-du-14-juillet-supprime-les-pistes-de-la-mairie-de-lyon-pour-boucler-son-budget-de-crise-20250114\" data-fig-type=\"NewsFlash\" data-gtm-custom-categorie=\"navigation\" data-gtm-custom-action=\"crossclick\" data-gtm-custom-label=\"Contextuel\" data-gtm-event=\"customEventSPE\" data-fig-domain=\"LEFIGARO\" target=\"_blank\" rel=\"noopener\">la ville de Lyon va proposer ce lundi 14 juillet<\/a>\u00a0un nouveau tableau intitul\u00e9 \u00abLyon au plus pr\u00e8s des \u00e9toiles\u00bb. Un feu d\u2019artifice de 20 minutes 30, tir\u00e9 depuis la\u00a0<a href=\"http:\/\/www.lefigaro.fr\/lyon\/la-porte-monumentale-d-acces-a-la-cite-antique-de-lugdunum-revelee-sous-la-colline-de-fourviere-parmi-d-autres-vestiges-exceptionnels-20250412\" data-fig-type=\"NewsFlash\" data-gtm-custom-categorie=\"navigation\" data-gtm-custom-action=\"crossclick\" data-gtm-custom-label=\"Contextuel\" data-gtm-event=\"customEventSPE\" data-fig-domain=\"LEFIGARO\" target=\"_blank\" rel=\"noopener\">colline de Fourvi\u00e8re<\/a>, con\u00e7u comme \u00abune exp\u00e9rience qui invite \u00e0 r\u00eaver, \u00e0 s\u2019\u00e9merveiller et \u00e0 contempler l\u2019immensit\u00e9 du ciel \u00e9toil\u00e9 ; au-del\u00e0 de notre perception habituelle\u00bb, indique la ville dans un communiqu\u00e9.<\/p>\n<p class=\"fig-paragraph\">Un show pyrotechnique \u00ab\u00e9coresponsable et soucieux de la protection de la faune et la flore\u00bb annonce par ailleurs la collectivit\u00e9. Ainsi, les bombes utilis\u00e9es seront principalement en papier et carton recycl\u00e9, 100% biod\u00e9gradables. \u00abElles sont \u00e9tudi\u00e9es pour ne pas g\u00e9n\u00e9rer de d\u00e9chets (pas de retomb\u00e9es)\u00bb, pr\u00e9cise la commune. Et d\u2019ajouter\u00a0: \u00abPar ailleurs, une attention toute particuli\u00e8re est accord\u00e9e \u00e0 la faune et \u00e0 la flore. En effet, la soci\u00e9t\u00e9 con\u00e7oit ses spectacles en pr\u00e9voyant une mont\u00e9e sonore en puissance progressive afin d\u2019accoutumer les oiseaux comme si un orage approchait. Ils vont ainsi s\u2019abriter, peut-\u00eatre fuir pour se r\u00e9fugier ailleurs le temps du spectacle.\u00bb<\/p>\n<p>                                    <a class=\"fig-a11y-skip a11y-hidden\" href=\"#fig-a11y-skip-main-inarticle\"><br \/>\n        Passer la publicit\u00e9<br \/>\n    <\/a><\/p>\n<p class=\"fig-paragraph\">Dans le c\u0153ur de ville, quatre zones de circulation et de s\u00e9curit\u00e9 vont \u00eatre mises en place. Une zone bleue sur la colline de Fourvi\u00e8re o\u00f9 la circulation automobile sera interdite de 19h \u00e0 minuit et l\u2019acc\u00e8s pi\u00e9ton de 20h \u00e0 minuit, une zone rouge dans les secteurs o\u00f9 le spectacle sera visible o\u00f9 la circulation des v\u00e9hicules sera interdite \u00e0 partir de 19h. Et deux zones (rose et jaune) en presqu\u2019\u00eele o\u00f9 la circulation sera r\u00e9glement\u00e9e. Attention, les sorties et les entr\u00e9es des parkings priv\u00e9s ou publics seront interdites aux horaires indiqu\u00e9s sans d\u00e9rogation possible.<\/p>\n","protected":false},"excerpt":{"rendered":"La municipalit\u00e9 \u00e9cologiste promet un spectacle pyrotechnique \u00ab\u00e9coresponsable et soucieux de la protection de la faune et la&hellip;\n","protected":false},"author":2,"featured_media":240106,"comment_status":"","ping_status":"","sticky":false,"template":"","format":"standard","meta":{"footnotes":""},"categories":[1889],"tags":[10915,1111,11,2430,51,1777,674,1011,27,2428,12,25],"class_list":{"0":"post-240105","1":"post","2":"type-post","3":"status-publish","4":"format-standard","5":"has-post-thumbnail","7":"category-lyon","8":"tag-14-juillet","9":"tag-actu","10":"tag-actualites","11":"tag-auvergne-rhone-alpes","12":"tag-ecologie","13":"tag-eu","14":"tag-europe","15":"tag-fr","16":"tag-france","17":"tag-lyon","18":"tag-news","19":"tag-republique-francaise"},"share_on_mastodon":{"url":"https:\/\/pubeurope.com\/@fr\/114829173970955486","error":""},"_links":{"self":[{"href":"https:\/\/www.europesays.com\/fr\/wp-json\/wp\/v2\/posts\/240105","targetHints":{"allow":["GET"]}}],"collection":[{"href":"https:\/\/www.europesays.com\/fr\/wp-json\/wp\/v2\/posts"}],"about":[{"href":"https:\/\/www.europesays.com\/fr\/wp-json\/wp\/v2\/types\/post"}],"author":[{"embeddable":true,"href":"https:\/\/www.europesays.com\/fr\/wp-json\/wp\/v2\/users\/2"}],"replies":[{"embeddable":true,"href":"https:\/\/www.europesays.com\/fr\/wp-json\/wp\/v2\/comments?post=240105"}],"version-history":[{"count":0,"href":"https:\/\/www.europesays.com\/fr\/wp-json\/wp\/v2\/posts\/240105\/revisions"}],"wp:featuredmedia":[{"embeddable":true,"href":"https:\/\/www.europesays.com\/fr\/wp-json\/wp\/v2\/media\/240106"}],"wp:attachment":[{"href":"https:\/\/www.europesays.com\/fr\/wp-json\/wp\/v2\/media?parent=240105"}],"wp:term":[{"taxonomy":"category","embeddable":true,"href":"https:\/\/www.europesays.com\/fr\/wp-json\/wp\/v2\/categories?post=240105"},{"taxonomy":"post_tag","embeddable":true,"href":"https:\/\/www.europesays.com\/fr\/wp-json\/wp\/v2\/tags?post=240105"}],"curies":[{"name":"wp","href":"https:\/\/api.w.org\/{rel}","templated":true}]}}