{"id":240123,"date":"2025-07-10T13:37:11","date_gmt":"2025-07-10T13:37:11","guid":{"rendered":"https:\/\/www.europesays.com\/fr\/240123\/"},"modified":"2025-07-10T13:37:11","modified_gmt":"2025-07-10T13:37:11","slug":"le-royaume-uni-prevoit-dinvestir-e163-mlns-dans-eutelsat-boursorama","status":"publish","type":"post","link":"https:\/\/www.europesays.com\/fr\/240123\/","title":{"rendered":"Le Royaume-Uni pr\u00e9voit d&#039;investir \u20ac163 mlns dans Eutelsat &#8211; Boursorama"},"content":{"rendered":"<ol>\n<li><a href=\"https:\/\/news.google.com\/rss\/articles\/CBMizwFBVV95cUxPZnF4OUZFM2Y1aU1kdEdhVnBCTUdkbmhLbmhOSmNiTlJGNGJpalJiME02UWdQSW9PR3F4OG9zU2ZmWDdIdzZwSWVGWmxGdWZmMHBCYmE3LUZyVDU1Z3RST2dhbE1MZjhXeV9naVkwVmFlU052RVgxYUZWQTlBbU82LXVqMV9IWTB2c2gxSWdhRS1PTGp4QjFNTkRxZHJCRWFVMDMxd1dGcmlDU1dCclNPY3NSUnZUamdybFpvSWstcDNpTDJ3N3hZY0N3Q1VKU0nSAdQBQVVfeXFMTVF2YXQySXRjaFFBTTNkenRLb3o1LTdZMzJmYllsRzEyVVhjclJfdkVidnRWNHBXZktMeXJxUzhxSnVrdW5vMHVTb3gyNGJQYVJGcmJHZE1XYmpybjVGZWZvUUtZVjZtc1NtY1R1eU1CZnMtLURsUXA5RjV1V08xTEtZMlY2ckI3TGJEeXR0UnR4bHhSRW1GWlEyMFRhNnBqdFBWdHJwNFM2OXBoWUlOZzlWalJ1ODFaMl8ya0F0bml5V1RwQzFBSTJ4TXo4TE5ISjZKMDI?oc=5\" target=\"_blank\" rel=\"nofollow noopener\">Le Royaume-Uni pr\u00e9voit d&rsquo;investir \u20ac163 mlns dans Eutelsat<\/a>&nbsp;&nbsp;Boursorama<\/li>\n<li><a href=\"https:\/\/news.google.com\/rss\/articles\/CBMi2gFBVV95cUxOdDNCYzR6NkNuX2VzeEZobnhaeE1PQmp3SXdyOGFza3JRdEJhMkViNHkzVzJqYW5QNnZXYzhCZms5cEJuRVE5SzM3ejI3YWh4SURfNS1JQ3FmMjdndWV2TEdCSGZQRDIxajVrZnlvWnNaN0o2bXZXZUo5bEF5ZDFQMWdYcWJSOUM4cEVSUnI0WXVfWWgzRm51U25Oa3FZb2tqSnB0UUhrSDVEbnFUbVF1SkNWSUJqZU9ZZGwzYlpjeWdnSG5Zbi1HUlBCY0FvWno1RUEzZUdSN2RrQQ?oc=5\" target=\"_blank\" rel=\"nofollow noopener\">Spatial : face \u00e0 Starlink, Paris et Londres se serrent les coudes autour d&rsquo;Eutelsat<\/a>&nbsp;&nbsp;Les Echos<\/li>\n<li><a href=\"https:\/\/news.google.com\/rss\/articles\/CBMilwJBVV95cUxNUmtEYl81bHF3WklsM1VZaHBZaGRsOXY2ckZzNW12SjhhdWJCcWowMnl1VjVTbTVFZGFkaTFPR3ZmNUVLOVdQemE2Mm9wYzh0dUIxanluOVFGRmltOVE5MWFUMmRHdlVhUno5czRfbVJLd1F3RWM4amd6bkFVREJDa3p6MGFIRzBCT0ZHR1pwVllTdFNDSklnSDUxTFo2UnhRcUhEcjhmcVY4Yk5rWGZqSncyNURNRlJqdmllWXpBMmZMMUhEaHltdERlb2xaa0RXNWdKeml0enV2NGFuWld1ZG93Rl9LYjF1akVQbWxBdXI3MFUydm9WV3hRZG5BdFQwU2dNaG5hRXY5WkptRjFyN0o5RXJTdmc?oc=5\" target=\"_blank\" rel=\"nofollow noopener\">Une alternative europ\u00e9enne \u00e0 Starlink: Londres va injecter 163 millions d&rsquo;euros dans Eutelsat aux c\u00f4t\u00e9s de Paris<\/a>&nbsp;&nbsp;BFMTV<\/li>\n<li><a href=\"https:\/\/news.google.com\/rss\/articles\/CBMinwFBVV95cUxPX1VIVEtqMDM0WWJVWDZGV19VbTgxUG93aVlWeTVFRDhtcU12N1hsMVZMRS1jNEJrd18ydFFhdjlOaUhoVTFkSU8wS3VXLS1mLWo1RkxxSzhibUhxaUYyaDhkQVQ3ZzU1Rk11WHBPWG4yREJsMmNlXzBnb0taY1J0RXFlazhlMnFSeExtRVd1bVU5ZEMzLXU3LVFlMmdvdWM?oc=5\" target=\"_blank\" rel=\"nofollow noopener\">Macron annonce le soutien du Royaume-Uni \u00e0 Eutelsat<\/a>&nbsp;&nbsp;L&rsquo;Usine Nouvelle<\/li>\n<li><a href=\"https:\/\/news.google.com\/rss\/articles\/CBMi4wFBVV95cUxQMzJqZ21vbjViTWIzU0lWVmVrTXNrYTlleTRoMzI0cXg2cnFSUVRnSFNnbVpyOHUwOUc2Rm5KdkVwZk5iMXV6LWxuLXRZRHhpcXIzQ0drWHJJakJMSEtQRElWdDNIMjVaNHJIZExRQkxpTWdrbTRGVVVCM0ltZEppMmVBXzBsME5zem1fWlRSLWtsSWs5SUc4Y1Zjam1qVHJ1Y1QxQ01DZEtha3ZOTzhLanhreWpDOTNWOEtNck94Q2xDekZmM0tFWDcyeTA2UEk2Zm9tM19jcHI2WmRCZHFwbGxYVQ?oc=5\" target=\"_blank\" rel=\"nofollow noopener\">Eutelsat confirme que le Royaume-Uni est pr\u00eat \u00e0 prendre part \u00e0 l&rsquo;augmentation de capital<\/a>&nbsp;&nbsp;Boursier.com<\/li>\n<\/ol>\n","protected":false},"excerpt":{"rendered":"Le Royaume-Uni pr\u00e9voit d&rsquo;investir \u20ac163 mlns dans Eutelsat&nbsp;&nbsp;Boursorama Spatial : face \u00e0 Starlink, Paris et Londres se serrent&hellip;\n","protected":false},"author":2,"featured_media":8765,"comment_status":"","ping_status":"","sticky":false,"template":"","format":"standard","meta":{"footnotes":""},"categories":[1588],"tags":[400,11,398,408,405,1777,674,403,402,399,404,12,473,1853,401,406,1851,1850,1852,407],"class_list":{"0":"post-240123","1":"post","2":"type-post","3":"status-publish","4":"format-standard","5":"has-post-thumbnail","7":"category-royaume-uni","8":"tag-action-cac-40","9":"tag-actualites","10":"tag-bourse-de-paris","11":"tag-boursorama","12":"tag-cotations","13":"tag-eu","14":"tag-europe","15":"tag-indices-devises","16":"tag-investir","17":"tag-investissement","18":"tag-marche-boursier","19":"tag-news","20":"tag-royaume-uni","21":"tag-royaume-uni-de-grande-bretagne-et-dirlande-du-nord","22":"tag-sicav","23":"tag-trackers","24":"tag-uk","25":"tag-united-kingdom","26":"tag-united-kingdom-of-great-britain-and-northern-ireland","27":"tag-warrants"},"share_on_mastodon":{"url":"https:\/\/pubeurope.com\/@fr\/114829213342549471","error":""},"_links":{"self":[{"href":"https:\/\/www.europesays.com\/fr\/wp-json\/wp\/v2\/posts\/240123","targetHints":{"allow":["GET"]}}],"collection":[{"href":"https:\/\/www.europesays.com\/fr\/wp-json\/wp\/v2\/posts"}],"about":[{"href":"https:\/\/www.europesays.com\/fr\/wp-json\/wp\/v2\/types\/post"}],"author":[{"embeddable":true,"href":"https:\/\/www.europesays.com\/fr\/wp-json\/wp\/v2\/users\/2"}],"replies":[{"embeddable":true,"href":"https:\/\/www.europesays.com\/fr\/wp-json\/wp\/v2\/comments?post=240123"}],"version-history":[{"count":0,"href":"https:\/\/www.europesays.com\/fr\/wp-json\/wp\/v2\/posts\/240123\/revisions"}],"wp:featuredmedia":[{"embeddable":true,"href":"https:\/\/www.europesays.com\/fr\/wp-json\/wp\/v2\/media\/8765"}],"wp:attachment":[{"href":"https:\/\/www.europesays.com\/fr\/wp-json\/wp\/v2\/media?parent=240123"}],"wp:term":[{"taxonomy":"category","embeddable":true,"href":"https:\/\/www.europesays.com\/fr\/wp-json\/wp\/v2\/categories?post=240123"},{"taxonomy":"post_tag","embeddable":true,"href":"https:\/\/www.europesays.com\/fr\/wp-json\/wp\/v2\/tags?post=240123"}],"curies":[{"name":"wp","href":"https:\/\/api.w.org\/{rel}","templated":true}]}}