{"id":240124,"date":"2025-07-10T13:38:12","date_gmt":"2025-07-10T13:38:12","guid":{"rendered":"https:\/\/www.europesays.com\/fr\/240124\/"},"modified":"2025-07-10T13:38:12","modified_gmt":"2025-07-10T13:38:12","slug":"travailleur-force-en-allemagne-nazie-albert-corrieri-marseillais-de-103-ans-mene-un-combat-judiciaire","status":"publish","type":"post","link":"https:\/\/www.europesays.com\/fr\/240124\/","title":{"rendered":"Travailleur forc\u00e9 en Allemagne nazie, Albert Corrieri, Marseillais de 103 ans, m\u00e8ne un combat judiciaire"},"content":{"rendered":"<p>Albert Corrieri, 103 ans, se dit \u00ab\u00a0extr\u00eamement d\u00e9\u00e7u\u00a0\u00bb \u00e0 l&rsquo;annonce de la d\u00e9cision de la cour administrative d&rsquo;appel de Marseille. Pour le centenaire, <strong>\u00ab\u00a0la souffrance des victimes du STO reste non reconnue\u00a0\u00bb<\/strong>. Une souffrance qui poursuit Albert Corrieri depuis le 13 mars 1943, ce jour o\u00f9 celui qui a alors 21 ans est arr\u00eat\u00e9 sur le Vieux-Port par des soldats nazis et envoy\u00e9 de force en Allemagne. Il y travaillera dix-huit mois, \u00ab\u00a0douze heures par jour, sans vacances ni salaire\u00a0\u00bb et ne pourra rentrer en France que d\u00e9but 1945, \u00ab\u00a0apr\u00e8s avoir fr\u00f4l\u00e9 la mort plusieurs fois lors des bombardements alli\u00e9s\u00a0\u00bb.<\/p>\n","protected":false},"excerpt":{"rendered":"Albert Corrieri, 103 ans, se dit \u00ab\u00a0extr\u00eamement d\u00e9\u00e7u\u00a0\u00bb \u00e0 l&rsquo;annonce de la d\u00e9cision de la cour administrative d&rsquo;appel&hellip;\n","protected":false},"author":2,"featured_media":240125,"comment_status":"","ping_status":"","sticky":false,"template":"","format":"standard","meta":{"footnotes":""},"categories":[1587],"tags":[17,11,11801,672,1102,1804,37960,1805,1803,7821,1777,674,1801,761,37959,12,16,1802,25651],"class_list":{"0":"post-240124","1":"post","2":"type-post","3":"status-publish","4":"format-standard","5":"has-post-thumbnail","7":"category-allemagne","8":"tag-17","9":"tag-actualites","10":"tag-albert","11":"tag-allemagne","12":"tag-breakingnews","13":"tag-bundesrepublik-deutschland","14":"tag-corrieri","15":"tag-de","16":"tag-deutschland","17":"tag-envoye","18":"tag-eu","19":"tag-europe","20":"tag-germany","21":"tag-marseillais","22":"tag-nazie","23":"tag-news","24":"tag-region","25":"tag-republique-federale-dallemagne","26":"tag-sto"},"share_on_mastodon":{"url":"https:\/\/pubeurope.com\/@fr\/114829217293123049","error":""},"_links":{"self":[{"href":"https:\/\/www.europesays.com\/fr\/wp-json\/wp\/v2\/posts\/240124","targetHints":{"allow":["GET"]}}],"collection":[{"href":"https:\/\/www.europesays.com\/fr\/wp-json\/wp\/v2\/posts"}],"about":[{"href":"https:\/\/www.europesays.com\/fr\/wp-json\/wp\/v2\/types\/post"}],"author":[{"embeddable":true,"href":"https:\/\/www.europesays.com\/fr\/wp-json\/wp\/v2\/users\/2"}],"replies":[{"embeddable":true,"href":"https:\/\/www.europesays.com\/fr\/wp-json\/wp\/v2\/comments?post=240124"}],"version-history":[{"count":0,"href":"https:\/\/www.europesays.com\/fr\/wp-json\/wp\/v2\/posts\/240124\/revisions"}],"wp:featuredmedia":[{"embeddable":true,"href":"https:\/\/www.europesays.com\/fr\/wp-json\/wp\/v2\/media\/240125"}],"wp:attachment":[{"href":"https:\/\/www.europesays.com\/fr\/wp-json\/wp\/v2\/media?parent=240124"}],"wp:term":[{"taxonomy":"category","embeddable":true,"href":"https:\/\/www.europesays.com\/fr\/wp-json\/wp\/v2\/categories?post=240124"},{"taxonomy":"post_tag","embeddable":true,"href":"https:\/\/www.europesays.com\/fr\/wp-json\/wp\/v2\/tags?post=240124"}],"curies":[{"name":"wp","href":"https:\/\/api.w.org\/{rel}","templated":true}]}}