{"id":24013,"date":"2025-04-14T10:15:18","date_gmt":"2025-04-14T10:15:18","guid":{"rendered":"https:\/\/www.europesays.com\/fr\/24013\/"},"modified":"2025-04-14T10:15:18","modified_gmt":"2025-04-14T10:15:18","slug":"arsenal-se-cogne-sur-brentford-premier-league-j32-arsenal-brentford-1-1","status":"publish","type":"post","link":"https:\/\/www.europesays.com\/fr\/24013\/","title":{"rendered":"Arsenal se cogne sur Brentford &#8211; Premier League &#8211; J32 &#8211; Arsenal-Brentford (1-1)"},"content":{"rendered":"<p>\t\t\t\u00a0<img decoding=\"async\" loading=\"lazy\" class=\"blason blason-grand\" src=\"https:\/\/www.europesays.com\/fr\/wp-content\/uploads\/2025\/04\/1744625718_254_grande.jpg\"\/> Arsenal 1-1 Brentford <img decoding=\"async\" loading=\"lazy\" class=\"blason blason-grand\" src=\"https:\/\/www.europesays.com\/fr\/wp-content\/uploads\/2025\/04\/1744625718_813_grande.jpg\"\/><\/p>\n<p>Buts : Partey (61e) pour les Gunners \/\/ Wissa (74e) pour les Bees<\/p>\n<p>Soir de f\u00eate, \u00e0 Liverpool.<\/p>\n<p>D\u00e9j\u00e0 distanc\u00e9 par les Reds dans la course au titre en Premier League, Arsenal a rat\u00e9 l\u2019opportunit\u00e9 d\u2019entretenir un semblant de suspense. La faute \u00e0 une \u00e9quipe de Brentford venue gratter un point \u00e0 l\u2019Emirates Stadium (1-1), face \u00e0 des Gunners dont le rendez-vous majeur de la semaine aura lieu ce mercredi au Santiago-Bernab\u00e9u. Les Londoniens ont pourtant pens\u00e9 prendre rapidement les devants, mais le but de Kieran Tierney a \u00e9t\u00e9 refus\u00e9 pour hors-jeu alors que Mark Flekken a multipli\u00e9 les parades devant Leandro Trossard ou Gabriel Martinelli.<\/p>\n<p>Wissa r\u00e9pond \u00e0 Partey<\/p>\n<p>C\u2019est finalement sur un contre men\u00e9 \u00e0 grandes enjamb\u00e9es par Declan Rice, au d\u00e9calage pour Thomas Partey, qu\u2019Arsenal a trouv\u00e9 la faille <strong>(1-0, 61e)<\/strong>. Le plus dur \u00e9tait fait ? Pas vraiment puisque Yoane Wissa n\u2019a eu besoin que d\u2019une grosse dizaine de minutes pour remettre les deux \u00e9quipes \u00e0 \u00e9galit\u00e9, en pivot en pleine surface <strong>(1-1, 74e)<\/strong>. Ce partage des points offre dix longueurs de marge \u00e0 Liverpool en t\u00eate du championnat avant m\u00eame d\u2019accueillir West Ham ce dimanche, tandis que Brentford reste tranquillement blotti dans le milieu de tableau.<\/p>\n<p>Il faut signer o\u00f9, pour avoir <a target=\"_blank\" href=\"https:\/\/www.sofoot.com\/breves\/cest-officiel-il-ne-devrait-pas-y-avoir-de-remontada-pour-le-real-madrid-contre-arsenal-en-ligue-des-champions\" rel=\"nofollow noopener\">le m\u00eame score \u00e0 Madrid<\/a> ?<\/p>\n<p>\t\t\t\t\t\t\t\t\t\t<a class=\"lien-connexe\" href=\"https:\/\/www.sofoot.com\/breves\/premier-league-arsenal-evite-le-piege-tendu-par-brentford-et-revient-a-six-points-de-liverpool\" rel=\"nofollow noopener\" target=\"_blank\">Arsenal \u00e9vite le pi\u00e8ge \u00e0 Brentford<\/a>\t\t\t\t\t<\/p>\n","protected":false},"excerpt":{"rendered":"\u00a0 Arsenal 1-1 Brentford Buts : Partey (61e) pour les Gunners \/\/ Wissa (74e) pour les Bees Soir&hellip;\n","protected":false},"author":2,"featured_media":24014,"comment_status":"","ping_status":"","sticky":false,"template":"","format":"standard","meta":{"footnotes":""},"categories":[1410],"tags":[47,61,69,65,64,63,1011,27,68,66,62,70,67,60],"class_list":{"0":"post-24013","1":"post","2":"type-post","3":"status-publish","4":"format-standard","5":"has-post-thumbnail","7":"category-football","8":"tag-actualite","9":"tag-actus-football","10":"tag-bundesliga","11":"tag-championnats-europeens","12":"tag-equipe-de-france","13":"tag-football","14":"tag-fr","15":"tag-france","16":"tag-ligua","17":"tag-ligue-1","18":"tag-news-foot","19":"tag-premier-league","20":"tag-serie-a","21":"tag-sports"},"share_on_mastodon":{"url":"https:\/\/pubeurope.com\/@fr\/114335798028238605","error":""},"_links":{"self":[{"href":"https:\/\/www.europesays.com\/fr\/wp-json\/wp\/v2\/posts\/24013","targetHints":{"allow":["GET"]}}],"collection":[{"href":"https:\/\/www.europesays.com\/fr\/wp-json\/wp\/v2\/posts"}],"about":[{"href":"https:\/\/www.europesays.com\/fr\/wp-json\/wp\/v2\/types\/post"}],"author":[{"embeddable":true,"href":"https:\/\/www.europesays.com\/fr\/wp-json\/wp\/v2\/users\/2"}],"replies":[{"embeddable":true,"href":"https:\/\/www.europesays.com\/fr\/wp-json\/wp\/v2\/comments?post=24013"}],"version-history":[{"count":0,"href":"https:\/\/www.europesays.com\/fr\/wp-json\/wp\/v2\/posts\/24013\/revisions"}],"wp:featuredmedia":[{"embeddable":true,"href":"https:\/\/www.europesays.com\/fr\/wp-json\/wp\/v2\/media\/24014"}],"wp:attachment":[{"href":"https:\/\/www.europesays.com\/fr\/wp-json\/wp\/v2\/media?parent=24013"}],"wp:term":[{"taxonomy":"category","embeddable":true,"href":"https:\/\/www.europesays.com\/fr\/wp-json\/wp\/v2\/categories?post=24013"},{"taxonomy":"post_tag","embeddable":true,"href":"https:\/\/www.europesays.com\/fr\/wp-json\/wp\/v2\/tags?post=24013"}],"curies":[{"name":"wp","href":"https:\/\/api.w.org\/{rel}","templated":true}]}}