{"id":240137,"date":"2025-07-10T13:46:12","date_gmt":"2025-07-10T13:46:12","guid":{"rendered":"https:\/\/www.europesays.com\/fr\/240137\/"},"modified":"2025-07-10T13:46:12","modified_gmt":"2025-07-10T13:46:12","slug":"attissogbe-est-impressionne-par-une-star-des-all-blacks","status":"publish","type":"post","link":"https:\/\/www.europesays.com\/fr\/240137\/","title":{"rendered":"Attissogb\u00e9 est impressionn\u00e9 par une star des All Blacks"},"content":{"rendered":"<p>Le XV de France veut marquer les esprits. Apr\u00e8s avoir fait mieux que r\u00e9sister lors du premier test-match face \u00e0 la Nouvelle-Z\u00e9lande, samedi dernier \u00e0 Dunedin (31-27), les Bleus auront \u00e0 c\u0153ur de r\u00e9aliser un exploit pour leur nouvel affrontement.<\/p>\n<p>Attissogb\u00e9 fan de Jordan<\/p>\n<p>A Wellington, Fabien Galthi\u00e9 et son staff devraient proc\u00e9der \u00e0 une large revue d\u2019effectif, avec pas moins de dix changements par rapport au quinze de d\u00e9part. L\u2019un des rares rescap\u00e9s se nomme Th\u00e9o Attissogb\u00e9. Le Palois devrait glisser \u00e0 l\u2019aile et voudra confirmer sa prestation XXL \u00e0 Dunedin.<\/p>\n<p>En conf\u00e9rence de presse, Attissogb\u00e9 a confi\u00e9 son admiration pour son vis-\u00e0-vis lors du match pr\u00e9c\u00e9dent, Will Jordan.<\/p>\n<blockquote>\n<p>\u00ab\u00a0D\u00e9j\u00e0, il est grand\u00a0; il fait 1,88m et sous les ballons hauts, sera un adversaire tr\u00e8s difficile \u00e0 man\u0153uvrer. Et puis, c\u2019est un joueur impressionnant avec 40 essais marqu\u00e9s en un peu plus de quarante s\u00e9lections. Will Jordan est polyvalent, peut jouer ailier ou arri\u00e8re avec la m\u00eame facilit\u00e9. J\u2019aime beaucoup ce genre de joueur. Il d\u00e9gage beaucoup d\u2019aisance, sur le terrain.\u00a0\u00bb<\/p>\n<\/blockquote>\n<p>Partagez cette info avec vos amis et vos proches en cliquant ici<br \/>Pour r\u00e9sumer<\/p>\n<p>Th\u00e9o Attissogb\u00e9 a fait part en conf\u00e9rence de presse de son admiration pour un international n\u00e9o-z\u00e9landais, qu\u2019il devra surveiller avec attention ce dimanche. L&rsquo;ailier ou arri\u00e8re palois a lou\u00e9 les qualit\u00e9s de Will Jordan.<\/p>\n<p> <img decoding=\"async\" width=\"76\" height=\"76\" loading=\"lazy\" src=\"https:\/\/www.europesays.com\/fr\/wp-content\/uploads\/2025\/04\/avatar-quinze.png\" alt=\"Arnaud D\u00e9chelotte\"\/><\/p>\n","protected":false},"excerpt":{"rendered":"Le XV de France veut marquer les esprits. Apr\u00e8s avoir fait mieux que r\u00e9sister lors du premier test-match&hellip;\n","protected":false},"author":2,"featured_media":240138,"comment_status":"","ping_status":"","sticky":false,"template":"","format":"standard","meta":{"footnotes":""},"categories":[1416],"tags":[1011,27,479,1468,60],"class_list":{"0":"post-240137","1":"post","2":"type-post","3":"status-publish","4":"format-standard","5":"has-post-thumbnail","7":"category-rugby","8":"tag-fr","9":"tag-france","10":"tag-rugby","11":"tag-rugby-football","12":"tag-sports"},"share_on_mastodon":{"url":"https:\/\/pubeurope.com\/@fr\/114829248685961028","error":""},"_links":{"self":[{"href":"https:\/\/www.europesays.com\/fr\/wp-json\/wp\/v2\/posts\/240137","targetHints":{"allow":["GET"]}}],"collection":[{"href":"https:\/\/www.europesays.com\/fr\/wp-json\/wp\/v2\/posts"}],"about":[{"href":"https:\/\/www.europesays.com\/fr\/wp-json\/wp\/v2\/types\/post"}],"author":[{"embeddable":true,"href":"https:\/\/www.europesays.com\/fr\/wp-json\/wp\/v2\/users\/2"}],"replies":[{"embeddable":true,"href":"https:\/\/www.europesays.com\/fr\/wp-json\/wp\/v2\/comments?post=240137"}],"version-history":[{"count":0,"href":"https:\/\/www.europesays.com\/fr\/wp-json\/wp\/v2\/posts\/240137\/revisions"}],"wp:featuredmedia":[{"embeddable":true,"href":"https:\/\/www.europesays.com\/fr\/wp-json\/wp\/v2\/media\/240138"}],"wp:attachment":[{"href":"https:\/\/www.europesays.com\/fr\/wp-json\/wp\/v2\/media?parent=240137"}],"wp:term":[{"taxonomy":"category","embeddable":true,"href":"https:\/\/www.europesays.com\/fr\/wp-json\/wp\/v2\/categories?post=240137"},{"taxonomy":"post_tag","embeddable":true,"href":"https:\/\/www.europesays.com\/fr\/wp-json\/wp\/v2\/tags?post=240137"}],"curies":[{"name":"wp","href":"https:\/\/api.w.org\/{rel}","templated":true}]}}