{"id":240143,"date":"2025-07-10T13:50:13","date_gmt":"2025-07-10T13:50:13","guid":{"rendered":"https:\/\/www.europesays.com\/fr\/240143\/"},"modified":"2025-07-10T13:50:13","modified_gmt":"2025-07-10T13:50:13","slug":"cette-fois-marc-ne-peut-absolument-pas-seviter-la-pression","status":"publish","type":"post","link":"https:\/\/www.europesays.com\/fr\/240143\/","title":{"rendered":"Cette fois, Marc ne peut absolument pas s&rsquo;\u00e9viter la pression"},"content":{"rendered":"<p><a href=\"https:\/\/fr.motorsport.com\/driver\/pecco-bagnaia\/109394\/\" target=\"_blank\" rel=\"noopener\">Pecco Bagnaia<\/a> avait de fortes attentes au Mugello et \u00e0 Assen, deux circuits qu&rsquo;il appr\u00e9cie et qui lui ont souvent r\u00e9ussi, alors que <a href=\"https:\/\/fr.motorsport.com\/driver\/marc-marquez\/92646\/\" target=\"_blank\" rel=\"noopener\">Marc M\u00e1rquez<\/a> les abordait avec un peu plus de r\u00e9serve. L&rsquo;Espagnol a finalement fait un carton plein sur les deux pistes, en remportant les deux sprints et les deux courses principales. Il sera logiquement l&rsquo;immense favori au Sachsenring, l&rsquo;un de ses jardins.<\/p>\n<p>M\u00e1rquez a gagn\u00e9 11 fois en Allemagne, dont huit en MotoGP. L&rsquo;an pass\u00e9, pour sa premi\u00e8re participation sur une Ducati, il a roul\u00e9 bless\u00e9 mais a r\u00e9alis\u00e9 une spectaculaire remont\u00e9e, de la 13e \u00e0 la deuxi\u00e8me place. Bagnaia sait que rivaliser ne sera pas simple, et se permet d&rsquo;aborder l&rsquo;\u00e9preuve l&rsquo;esprit lib\u00e9r\u00e9.<\/p>\n<p>\u00ab\u00a0Cette fois, Marc ne peut absolument pas s&rsquo;\u00e9viter la pression\u00a0\u00bb, a comment\u00e9 l&rsquo;Italien. \u00ab\u00a0C&rsquo;est la piste o\u00f9 tout le monde s&rsquo;attend \u00e0 ce qu&rsquo;il d\u00e9sint\u00e8gre tout le monde ! [rires] Je vais faire mon maximum, comme toujours. Je sais que mon potentiel peut \u00eatre \u00e9lev\u00e9, que notre moto correspond bien \u00e0 cette piste. Je vais essayer de faire mon travail, de faire le m\u00eame travail qu&rsquo;\u00e0 Assen, o\u00f9 nous avons connu notre meilleur week-end jusqu&rsquo;\u00e0 pr\u00e9sent, donc on verra.\u00a0\u00bb<\/p>\n<p>Mais Bagnaia a-t-il \u00e9t\u00e9 v\u00e9ritablement satisfait de cette troisi\u00e8me place aux Pays-Bas\u00a0? \u00ab\u00a0Non, parce que j&rsquo;\u00e9tais le plus rapide\u00a0\u00bb, a-t-il soulign\u00e9, restant <a href=\"https:\/\/fr.motorsport.com\/motogp\/news\/bagnaia-meilleur-rythme-ceux-devant\/10737813\/\" target=\"_blank\" rel=\"noopener\">sur la m\u00eame ligne qu&rsquo;apr\u00e8s l&rsquo;arriv\u00e9e<\/a>, avec la frustration de ne pas avoir pu exploiter son rythme\u00a0: \u00ab\u00a0Quand on est le plus rapide et qu&rsquo;on ne gagne pas, on ne peut pas \u00eatre satisfait. Si on regarde le week-end et qu&rsquo;on regarde mon rythme pendant les s\u00e9ances, j&rsquo;\u00e9tais plus rapide. Je n&rsquo;ai pas profit\u00e9 de ces performances pour mener et faire une course comme je les faisais avant, donc je ne peux pas \u00eatre pleinement satisfait\u00a0\u00bb.<\/p>\n<p>\u00ab\u00a0C&rsquo;\u00e9tait un bon week-end. Le positif du week-end \u00e0 Assen, c&rsquo;est que j&rsquo;ai \u00e9t\u00e9 performant d\u00e8s les EL1. Il faut juste repartir de l\u00e0 et essayer d&rsquo;avoir de meilleurs r\u00e9sultats. Finir sur le podium est toujours positif mais pas pour moi quand on fait un week-end comme \u00e7a. En Arag\u00f3n, oui, \u00e0 Assen, non.\u00a0\u00bb<\/p>\n<p>   <img decoding=\"async\" draggable=\"false\" src=\"https:\/\/www.europesays.com\/fr\/wp-content\/uploads\/2025\/07\/1752155413_332_francesco-bagnaia-ducati-team.jpg\" alt=\"Francesco Bagnaia, Ducati Team\" width=\"1200\" height=\"800\" loading=\"lazy\"\/> <\/p>\n<p class=\"title\">Pecco Bagnaia n&rsquo;a pas pu rester en t\u00eate longtemps \u00e0 Assen.<\/p>\n<p class=\"photographer\">Photo de: Gold and Goose Photography \/ LAT Images \/ via Getty Images<\/p>\n<p>Dans cette distinction entre circuits favorables et d\u00e9favorables, le Sachsenring ne peut pas v\u00e9ritablement \u00eatre class\u00e9 dans ceux que Bagnaia n&rsquo;appr\u00e9cie pas. Il menait avant de chuter en 2022, il a pris la deuxi\u00e8me place dans la roue de <a href=\"https:\/\/fr.motorsport.com\/driver\/jorge-martin\/109391\/\" target=\"_blank\" rel=\"noopener\">Jorge Mart\u00edn<\/a> en 2023, et s&rsquo;est impos\u00e9 en profitant de l&rsquo;erreur de l&rsquo;Espagnol l&rsquo;an pass\u00e9.\u00a0<\/p>\n<p>\u00ab\u00a0Je ne pense pas que le trac\u00e9 me convienne \u00e0 la perfection mais ces derni\u00e8res saisons, j&rsquo;ai toujours \u00e9t\u00e9 performant et j&rsquo;aime rouler ici. J&rsquo;aime les longs virages et le Waterfall. C&rsquo;est une bonne piste. Je sais que mon co\u00e9quipier est super rapide mais on va essayer de s&rsquo;amuser. Ce week-end, on a quelque chose de bien \u00e0 tester donc on verra.\u00a0\u00bb<\/p>\n<p>Bagnaia pourrait-il ainsi continuer \u00e0 am\u00e9liorer ses sensations au freinage ? Le pilote Ducati n&rsquo;a aucune certitude mais affiche son espoir\u00a0: \u00ab\u00a0J&rsquo;esp\u00e8re que je n&rsquo;aurai aucun effet [n\u00e9gatif] \u00e0 ce niveau mais on verra. Ce ne sont pas seulement les gros freinages [qui posent probl\u00e8me] mais aussi quand je dois entrer [en courbe] sur les freins. Sur cette piste, tous les virages sont comme \u00e7a, donc on verra. Ce n&rsquo;est pas une piste o\u00f9 il y a de gros mouvements sur l&rsquo;avant donc j&rsquo;aurai peut-\u00eatre de bonnes sensations.\u00a0\u00bb<\/p>\n<p>Lire aussi :<\/p>\n<p>Dans cet article<\/p>\n<p>Soyez le premier inform\u00e9 et souscrivez aux alertes mails pour recevoir les infos en temps r\u00e9el<\/p>\n<p>    S&rsquo;abonner aux alertes de news<\/p>\n","protected":false},"excerpt":{"rendered":"Pecco Bagnaia avait de fortes attentes au Mugello et \u00e0 Assen, deux circuits qu&rsquo;il appr\u00e9cie et qui lui&hellip;\n","protected":false},"author":2,"featured_media":240144,"comment_status":"","ping_status":"","sticky":false,"template":"","format":"standard","meta":{"footnotes":""},"categories":[1412],"tags":[4950,1451,1452,1453,1454,1455,1011,27,36254,1458,4951,36255,60],"class_list":{"0":"post-240143","1":"post","2":"type-post","3":"status-publish","4":"format-standard","5":"has-post-thumbnail","7":"category-f1","8":"tag-ducati-team","9":"tag-f1","10":"tag-formula-1","11":"tag-formula1","12":"tag-formule-1","13":"tag-formule1","14":"tag-fr","15":"tag-france","16":"tag-gp-dallemagne","17":"tag-motogp","18":"tag-pecco-bagnaia","19":"tag-sachsenring","20":"tag-sports"},"share_on_mastodon":{"url":"https:\/\/pubeurope.com\/@fr\/114829264367527909","error":""},"_links":{"self":[{"href":"https:\/\/www.europesays.com\/fr\/wp-json\/wp\/v2\/posts\/240143","targetHints":{"allow":["GET"]}}],"collection":[{"href":"https:\/\/www.europesays.com\/fr\/wp-json\/wp\/v2\/posts"}],"about":[{"href":"https:\/\/www.europesays.com\/fr\/wp-json\/wp\/v2\/types\/post"}],"author":[{"embeddable":true,"href":"https:\/\/www.europesays.com\/fr\/wp-json\/wp\/v2\/users\/2"}],"replies":[{"embeddable":true,"href":"https:\/\/www.europesays.com\/fr\/wp-json\/wp\/v2\/comments?post=240143"}],"version-history":[{"count":0,"href":"https:\/\/www.europesays.com\/fr\/wp-json\/wp\/v2\/posts\/240143\/revisions"}],"wp:featuredmedia":[{"embeddable":true,"href":"https:\/\/www.europesays.com\/fr\/wp-json\/wp\/v2\/media\/240144"}],"wp:attachment":[{"href":"https:\/\/www.europesays.com\/fr\/wp-json\/wp\/v2\/media?parent=240143"}],"wp:term":[{"taxonomy":"category","embeddable":true,"href":"https:\/\/www.europesays.com\/fr\/wp-json\/wp\/v2\/categories?post=240143"},{"taxonomy":"post_tag","embeddable":true,"href":"https:\/\/www.europesays.com\/fr\/wp-json\/wp\/v2\/tags?post=240143"}],"curies":[{"name":"wp","href":"https:\/\/api.w.org\/{rel}","templated":true}]}}