{"id":240149,"date":"2025-07-10T13:53:12","date_gmt":"2025-07-10T13:53:12","guid":{"rendered":"https:\/\/www.europesays.com\/fr\/240149\/"},"modified":"2025-07-10T13:53:12","modified_gmt":"2025-07-10T13:53:12","slug":"mort-de-chinois-marrant-lhumoriste-bun-hay-mean-avait-43-ans","status":"publish","type":"post","link":"https:\/\/www.europesays.com\/fr\/240149\/","title":{"rendered":"Mort de \u00ab Chinois marrant \u00bb, l\u2019humoriste Bun Hay Mean avait 43 ans"},"content":{"rendered":"<p>DISPARITION &#8211; C\u2019\u00e9tait l\u2019une des figures du stand-up fran\u00e7ais. L\u2019humoriste <a href=\"https:\/\/fr.news.yahoo.com\/ast%C3%A9rix-ob%C3%A9lix-d%C3%A9couvrent-l-empire-142955706.html\" data-ylk=\"slk:Bun Hay Mean;elm:context_link;itc:0;sec:content-canvas;outcm:mb_qualified_link;_E:mb_qualified_link;ct:story;\" class=\"link  yahoo-link\" rel=\"nofollow noopener\" target=\"_blank\">Bun Hay Mean<\/a> est d\u00e9c\u00e9d\u00e9 ce jeudi 10\u00a0juillet \u00e0 l\u2019\u00e2ge de 43\u00a0ans. Les secours l\u2019ont retrouv\u00e9 dans le XVIIe arrondissement de Paris, apr\u00e8s une chute mortelle de huit \u00e9tages, a d\u2019abord appris <a href=\"https:\/\/www.leparisien.fr\/culture-loisirs\/humour\/lhumoriste-bun-hay-mean-retrouve-mort-apres-une-chute-dun-immeuble-a-paris-10-07-2025-N5AZ7K6MCRCABBIV3WLAEHIHTQ.php\" rel=\"nofollow noopener\" target=\"_blank\" data-ylk=\"slk:Le Parisien;elm:context_link;itc:0;sec:content-canvas\" class=\"link \">Le Parisien<\/a>.<\/p>\n<p>\u00ab\u00a0C\u2019est avec une infinie tristesse que nous devons vous annoncer la disparition tragique de notre ami, notre immense artiste, Bun Hay Mean\u00a0\u00bb, a confirm\u00e9 son producteur, Philippe Delmas, dans un communiqu\u00e9.\u00a0\u00ab\u00a0D\u2019apr\u00e8s les \u00e9l\u00e9ments en notre possession, c\u2019est juste avant son d\u00e9part, et en essayant de r\u00e9cup\u00e9rer son t\u00e9l\u00e9phone tomb\u00e9 dans la goutti\u00e8re de son balcon, que Bun a gliss\u00e9 et fait une chute de plusieurs \u00e9tages\u00a0\u00bb, a-t-il affirm\u00e9. Le parquet de Paris a de son c\u00f4t\u00e9 ouvert une enqu\u00eate sur ce d\u00e9c\u00e8s, privil\u00e9giant \u00e9galement la piste accidentelle.<\/p>\n<p><a href=\"https:\/\/fr.news.yahoo.com\/ast%C3%A9rix-ob%C3%A9lix-l-empire-milieu-172146018.html\" data-ylk=\"slk:\u00ab\u00a0Ast\u00e9rix et Ob\u00e9lix\u00a0: L\u2019Empire du Milieu\u00a0\u00bb\u00a0: les avis divergent \u00e0 la sortie des salles;elm:context_link;itc:0;sec:content-canvas;outcm:mb_qualified_link;_E:mb_qualified_link;ct:story;\" class=\"link  yahoo-link\" rel=\"nofollow noopener\" target=\"_blank\"> \u00ab\u00a0Ast\u00e9rix et Ob\u00e9lix\u00a0: L\u2019Empire du Milieu\u00a0\u00bb\u00a0: les avis divergent \u00e0 la sortie des salles <\/a><\/p>\n<p>N\u00e9 d\u2019un p\u00e8re cambodgien et d\u2019une m\u00e8re chinoise, Bun Hay Mean avait notamment int\u00e9gr\u00e9 le Jamel Comedy Club en 2014. Un v\u00e9ritable acc\u00e9l\u00e9rateur pour sa carri\u00e8re, avec des spectacles comme Chinois marrant (2014) \u2013 le surnom qu\u2019il s\u2019\u00e9tait lui-m\u00eame donn\u00e9 dans la sc\u00e8ne parisienne \u2013 ou Bun Hay Mean (2016), o\u00f9 l\u2019humoriste jouait sur les st\u00e9r\u00e9otypes avec un ton sarcastique qui deviendra sa marque de fabrique.<\/p>\n<p>Mais sa r\u00e9v\u00e9lation aupr\u00e8s du grand public se fit surtout en 2023, pour son r\u00f4le dans le film Ast\u00e9rix &amp; Ob\u00e9lix\u00a0: l\u2019Empire du milieu, de Guillaume Canet, o\u00f9 il incarnait le r\u00f4le du m\u00e9chant principal.<\/p>\n<p><strong>Un nouveau spectacle \u00e9tait pr\u00e9vu<\/strong><\/p>\n<p>OL\u2019humoriste devait revenir sur sc\u00e8ne \u00e0 partir de la rentr\u00e9e pour un nouveau spectacle, Kill Bun, qui devait notamment revenir sur ses derni\u00e8res ann\u00e9es plus difficiles et faire office de \u00ab\u00a0renaissance\u00a0\u00bb.<\/p>\n<p>\u00ab\u00a0En souffrance\u00a0\u00bb, Bun Hay Mean avait en effet \u00e9t\u00e9 hospitalis\u00e9 \u00e0 la R\u00e9union en juin dernier, alors qu\u2019une vid\u00e9o l\u2019avait montr\u00e9 compl\u00e8tement hagard, sur une route, en marge d\u2019une date de sa tourn\u00e9e. Ce nouveau spectacle devait revenir sur cet \u00e9pisode, tout en gardant son humour caract\u00e9ristique. \u00ab\u00a0Je parle de sant\u00e9 mentale. C\u2019est un concentr\u00e9 de nouveaux sketchs et de ce qui m\u2019est arriv\u00e9 l\u2019\u00e9t\u00e9 dernier. J\u2019ai eu un coup de mou. C\u2019est une sorte de th\u00e9rapie finalement, il faut en rire pour passer \u00e0 autre chose\u00a0\u00bb, expliquait-il en janvier aupr\u00e8s de <a href=\"https:\/\/www.nicematin.com\/humour\/je-parle-de-sante-mentale-c-est-un-concentre-de-nouveaux-sketchs-et-de-ce-qui-m-est-arrive-l-ete-dernier-bun-hay-mean-de-retour-sur-scene-avec-kill-bun--970304\" rel=\"nofollow noopener\" target=\"_blank\" data-ylk=\"slk:Nice-Matin;elm:context_link;itc:0;sec:content-canvas\" class=\"link \">Nice-Matin<\/a>.<\/p>\n<p><a href=\"https:\/\/fr.news.yahoo.com\/julian-mcmahon-mort-l-acteur-064809382.html\" data-ylk=\"slk:Julian McMahon est mort, l\u2019acteur de \u00ab\u00a0Nip\/Tuck\u00a0\u00bb et \u00ab\u00a0Charmed\u00a0\u00bb avait 56\u00a0ans;elm:context_link;itc:0;sec:content-canvas;outcm:mb_qualified_link;_E:mb_qualified_link;ct:story;\" class=\"link  yahoo-link\" rel=\"nofollow noopener\" target=\"_blank\"> Julian McMahon est mort, l\u2019acteur de \u00ab\u00a0Nip\/Tuck\u00a0\u00bb et \u00ab\u00a0Charmed\u00a0\u00bb avait 56\u00a0ans <\/a><\/p>\n<p><a href=\"https:\/\/fr.news.yahoo.com\/mort-lalo-schifrin-compositeur-musique-041007822.html\" data-ylk=\"slk:Mort de Lalo Schifrin, compositeur de la musique mythique de \u00ab\u00a0Mission impossible\u00a0\u00bb;elm:context_link;itc:0;sec:content-canvas;outcm:mb_qualified_link;_E:mb_qualified_link;ct:story;\" class=\"link  yahoo-link\" rel=\"nofollow noopener\" target=\"_blank\"> Mort de Lalo Schifrin, compositeur de la musique mythique de \u00ab\u00a0Mission impossible\u00a0\u00bb <\/a><\/p>\n","protected":false},"excerpt":{"rendered":"DISPARITION &#8211; C\u2019\u00e9tait l\u2019une des figures du stand-up fran\u00e7ais. L\u2019humoriste Bun Hay Mean est d\u00e9c\u00e9d\u00e9 ce jeudi 10\u00a0juillet&hellip;\n","protected":false},"author":2,"featured_media":240150,"comment_status":"","ping_status":"","sticky":false,"template":"","format":"standard","meta":{"footnotes":""},"categories":[1359],"tags":[37961,37963,58,59,1011,27,37965,37962,16394,973,37964,5451],"class_list":{"0":"post-240149","1":"post","2":"type-post","3":"status-publish","4":"format-standard","5":"has-post-thumbnail","7":"category-people","8":"tag-bun-hay-mean","9":"tag-chinois-marrant","10":"tag-divertissement","11":"tag-entertainment","12":"tag-fr","13":"tag-france","14":"tag-jamel-comedy-club","15":"tag-lempire-du-milieu","16":"tag-marque-de-fabrique","17":"tag-people","18":"tag-philippe-delmas","19":"tag-xviie-arrondissement-de-paris"},"share_on_mastodon":{"url":"https:\/\/pubeurope.com\/@fr\/114829276140737675","error":""},"_links":{"self":[{"href":"https:\/\/www.europesays.com\/fr\/wp-json\/wp\/v2\/posts\/240149","targetHints":{"allow":["GET"]}}],"collection":[{"href":"https:\/\/www.europesays.com\/fr\/wp-json\/wp\/v2\/posts"}],"about":[{"href":"https:\/\/www.europesays.com\/fr\/wp-json\/wp\/v2\/types\/post"}],"author":[{"embeddable":true,"href":"https:\/\/www.europesays.com\/fr\/wp-json\/wp\/v2\/users\/2"}],"replies":[{"embeddable":true,"href":"https:\/\/www.europesays.com\/fr\/wp-json\/wp\/v2\/comments?post=240149"}],"version-history":[{"count":0,"href":"https:\/\/www.europesays.com\/fr\/wp-json\/wp\/v2\/posts\/240149\/revisions"}],"wp:featuredmedia":[{"embeddable":true,"href":"https:\/\/www.europesays.com\/fr\/wp-json\/wp\/v2\/media\/240150"}],"wp:attachment":[{"href":"https:\/\/www.europesays.com\/fr\/wp-json\/wp\/v2\/media?parent=240149"}],"wp:term":[{"taxonomy":"category","embeddable":true,"href":"https:\/\/www.europesays.com\/fr\/wp-json\/wp\/v2\/categories?post=240149"},{"taxonomy":"post_tag","embeddable":true,"href":"https:\/\/www.europesays.com\/fr\/wp-json\/wp\/v2\/tags?post=240149"}],"curies":[{"name":"wp","href":"https:\/\/api.w.org\/{rel}","templated":true}]}}