{"id":240151,"date":"2025-07-10T13:54:12","date_gmt":"2025-07-10T13:54:12","guid":{"rendered":"https:\/\/www.europesays.com\/fr\/240151\/"},"modified":"2025-07-10T13:54:12","modified_gmt":"2025-07-10T13:54:12","slug":"deux-sculptures-de-lartiste-catalan-david-cabrefigue-viennent-detre-installees-sur-le-site-commercial-de-la-porte-despagne-cest-une-oeuvre-dart-qui-a-un-sens-pour-la-region","status":"publish","type":"post","link":"https:\/\/www.europesays.com\/fr\/240151\/","title":{"rendered":"Deux sculptures de l&rsquo;artiste catalan David Cabrefigue viennent d&rsquo;\u00eatre install\u00e9es sur le site commercial de la Porte d\u2019Espagne : \u00ab\u00a0C&rsquo;est une \u0153uvre d&rsquo;art qui a un sens pour la r\u00e9gion\u00a0\u00bb"},"content":{"rendered":"<p>\n                                                                Deux sculptures monumentales viennent d&rsquo;\u00eatre install\u00e9es sur le site commercial\u00a0 Au Shopping de la Porte d\u2019Espagne. Ce projet artistique, sign\u00e9 David\u00a0Cabrefigue, m\u00eale art urbain, territoire et rayonnement local.\u00a0\n                            <\/p>\n<p>Impossible de les rater ! Massifs, les nounours en acier thermolaqu\u00e9 rouge viennent d&rsquo;\u00eatre install\u00e9s sur le parking du site\u00a0Au Shopping Perpignan. Ces figures hybrides ont \u00e9t\u00e9 pens\u00e9es et fa\u00e7onn\u00e9es par l&rsquo;artiste catalan David Cabrefigue. \u00ab\u00a0La volont\u00e9 \u00e9tait de rappeler l&rsquo;enfance d&rsquo;abord, le nounours est un animal chaleureux\u00a0\u00bb,\u00a0explique l&rsquo;artiste d\u00e9taillant anecdotiquement que\u00a0le design de ces sculptures monumentales a \u00e9t\u00e9 inspir\u00e9\u00a0d&rsquo;une version miniature qu&rsquo;il avait cr\u00e9\u00e9e pour sa fille.<\/p>\n<p>Une \u0153uvre qui a du sens<\/p>\n<p>L&rsquo;interpr\u00e9tation est libre, mais le parapluie sur l&rsquo;une des sculptures et l&rsquo;impression de vent sur l&rsquo;autre ne sont pas l\u00e0 par hasard. \u00ab\u00a0J&rsquo;ai voulu rappeler la tramontane ou encore les rois de Majorque avec la couronne\u00a0\u00bb, poursuit-il. \u00ab\u00a0L&rsquo;objectif est d&rsquo;interroger sur la s\u00e9cheresse, mais aussi le rapport au vivant\u00a0\u00bb.\u00a0Pour Christelle\u00a0Kerboethau, de la galerie d&rsquo;art\u00a0La Distillerie 66 qui a chapeaut\u00e9\u00a0le projet :\u00a0\u00ab\u00a0C&rsquo;est une oeuvre d&rsquo;art qui a un sens pour la r\u00e9gion\u00a0\u00bb.\u00a0L&rsquo;artiste local, ancien ferronnier d&rsquo;art, n&rsquo;en est pas \u00e0 son premier coup d&rsquo;essai. C&rsquo;est lui qui a r\u00e9alis\u00e9 la sculpture de sir\u00e8ne sur l&rsquo;un des ronds-points de\u00a0Saint-Laurent-de-la-Salanque.\u00a0<\/p>\n<p>        <img decoding=\"async\" class=\"std-img__img responsive-img\" src=\"https:\/\/www.europesays.com\/fr\/wp-content\/uploads\/2025\/07\/1752155652_478_image.jpg\" alt=\"Les sculptures sont situ\u00e9es sur le parking site commercial Au Shopping de la Porte d\u2019Espagne\"\/><\/p>\n<p>                Les sculptures sont situ\u00e9es sur le parking site commercial Au Shopping de la Porte d\u2019Espagne<br \/>\n                                    L&rsquo;INDEPENDANT &#8211; MICHEL CLEMENTZ<\/p>\n<p>Amener l&rsquo;art dans la rue<\/p>\n<p>Int\u00e9grer l\u2019art au c\u0153ur de l\u2019exp\u00e9rience urbaine et commerciale. C&rsquo;\u00e9tait la volont\u00e9\u00a0groupe du Ceetrus, gestionnaire du site Au Shopping Perpignan, \u00e0 l&rsquo;origine de l&rsquo;appel \u00e0 projet. Apr\u00e8s la\u00a0fresque monumentale\u00a0de Ludo Lassalle, les\u00a0mobiliers urbains r\u00e9alis\u00e9s par Tonc\u00e9 et les fameuses sculptures de David Cabrefigue, c&rsquo;est un trompe-l\u2019\u0153il g\u00e9ant sign\u00e9 Vile qui prendra place sur l&rsquo;un des murs du parking du site. \u00ab\u00a0Des symboles des Pyr\u00e9nn\u00e9es Catalanes, comme le Canigou, le Castillet ou encore le Train jaune,\u00a0seront rappel\u00e9s sur cette fresque\u00a0\u00bb, d\u00e9taille Christelle\u00a0Kerboethau. \u00ab\u00a0En amenant l&rsquo;art dans la rue, l&rsquo;objectif est l&rsquo;ouvrir\u00a0\u00e0 tous\u00a0\u00bb.\u00a0<\/p>\n","protected":false},"excerpt":{"rendered":"Deux sculptures monumentales viennent d&rsquo;\u00eatre install\u00e9es sur le site commercial\u00a0 Au Shopping de la Porte d\u2019Espagne. Ce projet&hellip;\n","protected":false},"author":2,"featured_media":240152,"comment_status":"","ping_status":"","sticky":false,"template":"","format":"standard","meta":{"footnotes":""},"categories":[1358],"tags":[1348,1384,1385,1386,58,59,1011,27],"class_list":{"0":"post-240151","1":"post","2":"type-post","3":"status-publish","4":"format-standard","5":"has-post-thumbnail","7":"category-arts-et-design","8":"tag-arts","9":"tag-arts-and-design","10":"tag-arts-et-design","11":"tag-design","12":"tag-divertissement","13":"tag-entertainment","14":"tag-fr","15":"tag-france"},"share_on_mastodon":{"url":"https:\/\/pubeurope.com\/@fr\/114829280091303221","error":""},"_links":{"self":[{"href":"https:\/\/www.europesays.com\/fr\/wp-json\/wp\/v2\/posts\/240151","targetHints":{"allow":["GET"]}}],"collection":[{"href":"https:\/\/www.europesays.com\/fr\/wp-json\/wp\/v2\/posts"}],"about":[{"href":"https:\/\/www.europesays.com\/fr\/wp-json\/wp\/v2\/types\/post"}],"author":[{"embeddable":true,"href":"https:\/\/www.europesays.com\/fr\/wp-json\/wp\/v2\/users\/2"}],"replies":[{"embeddable":true,"href":"https:\/\/www.europesays.com\/fr\/wp-json\/wp\/v2\/comments?post=240151"}],"version-history":[{"count":0,"href":"https:\/\/www.europesays.com\/fr\/wp-json\/wp\/v2\/posts\/240151\/revisions"}],"wp:featuredmedia":[{"embeddable":true,"href":"https:\/\/www.europesays.com\/fr\/wp-json\/wp\/v2\/media\/240152"}],"wp:attachment":[{"href":"https:\/\/www.europesays.com\/fr\/wp-json\/wp\/v2\/media?parent=240151"}],"wp:term":[{"taxonomy":"category","embeddable":true,"href":"https:\/\/www.europesays.com\/fr\/wp-json\/wp\/v2\/categories?post=240151"},{"taxonomy":"post_tag","embeddable":true,"href":"https:\/\/www.europesays.com\/fr\/wp-json\/wp\/v2\/tags?post=240151"}],"curies":[{"name":"wp","href":"https:\/\/api.w.org\/{rel}","templated":true}]}}