{"id":240159,"date":"2025-07-10T13:59:15","date_gmt":"2025-07-10T13:59:15","guid":{"rendered":"https:\/\/www.europesays.com\/fr\/240159\/"},"modified":"2025-07-10T13:59:15","modified_gmt":"2025-07-10T13:59:15","slug":"apres-le-chikungunya-au-tour-de-la-dengue","status":"publish","type":"post","link":"https:\/\/www.europesays.com\/fr\/240159\/","title":{"rendered":"apr\u00e8s le chikungunya, au tour de la dengue"},"content":{"rendered":"<p>             <a href=\"https:\/\/ma-sante.news\/wp-content\/uploads\/2025\/07\/sante-publique-france-surveillance-moutsique-tigres-cas-autochtones-chikungunya-dengue-Ma-Sante-.jpg\" data-caption=\"Sant\u00e9 publique France alerte sur l\u2019impact du changement climatique et des flux internationaux comme facteurs aggravants. \u00a9 Freepik\" target=\"_blank\" rel=\"noopener\"><img loading=\"lazy\" decoding=\"async\" width=\"696\" height=\"394\" class=\"entry-thumb td-modal-image\" src=\"data:image\/svg+xml,%3Csvg%20xmlns=\" http:=\"\" data-lazy- data-lazy- alt=\"Une foule qui d\u00e9ambule dans la rue, sous la menace du moustique tigre.\" title=\"sante\u0301 publique france surveillance moutsique tigres cas autochtones chikungunya dengue Ma Sante\u0301\" data-lazy-src=\"https:\/\/www.europesays.com\/fr\/wp-content\/uploads\/2025\/07\/sante-publique-france-surveillance-moutsique-tigres-cas-autochtones-chikungunya-dengue-Ma-Sante--696.jpeg\"\/><\/a>Sant\u00e9 publique France alerte sur l\u2019impact du changement climatique et des flux internationaux comme facteurs aggravants. \u00a9 Freepik                                    \t\t\t             <a class=\"gofollow\" data-track=\"MjgsMCwxLDYw\" href=\"https:\/\/ma-sante.news\/inscrivez-vous-a-notre-newsletter\/\" target=\"_blank\" rel=\"noopener\"><img loading=\"lazy\" decoding=\"async\" width=\"1068\" height=\"131\" src=\"data:image\/svg+xml,%3Csvg%20xmlns=\" http:=\"\" data-lazy-src=\"https:\/\/www.europesays.com\/fr\/wp-content\/uploads\/2025\/03\/banniere-newsletter.png\"\/><\/a> <\/p>\n<p>L\u2019\u00e9t\u00e9 est l\u00e0, les moustiques aussi. Mais parmi eux, un petit intrus s\u00e8me la panique dans les bilans de sant\u00e9 publique : <a href=\"https:\/\/ma-sante.news\/le-moustique-tigre-sous-surveillance-une-hausse-des-cas-importes-de-dengue-et-chikungunya\/\" target=\"_blank\" rel=\"noopener\">Aedes albopictus, alias le moustique-tigre<\/a>, transmetteur de <a href=\"https:\/\/ma-sante.news\/moustique-tigre-la-france-tremble-face-aux-arboviroses\/\" target=\"_blank\" rel=\"noopener\">maladie arboviroses comme le chikungunya, la dengue ou le Zika<\/a>. Et cette saison 2025 bat d\u00e9j\u00e0 des records.<\/p>\n<p>Selon le dernier bulletin \u00e9pid\u00e9miologique national publi\u00e9 par Sant\u00e9 publique France le 9 juillet 2025, dix foyers de transmission autochtone (une personne infect\u00e9e localement, sans avoir voyag\u00e9 en zone tropicale ou \u00e9pid\u00e9mique) ont \u00e9t\u00e9 identifi\u00e9s entre le 1er mai et le 8 juillet. 9 foyers de chikungunya (25 cas au total) et 1 foyer de dengue (1 cas).<\/p>\n<p>C\u2019est une \u00e9volution marquante. <a href=\"https:\/\/ma-sante.news\/virus-tropicaux-pour-instant-pas-de-raison-etre-inquiet-apres-une-piqure-de-moustique\/\" target=\"_blank\" rel=\"noopener\">Jusqu\u2019ici, ces maladies dites \u201cexotiques\u201d restaient \u00e0 distance respectable<\/a>. Mais cette ann\u00e9e, elles circulent localement, et pas seulement dans les zones habituellement concern\u00e9es du sud. Le Grand Est et la Nouvelle-Aquitaine enregistrent leurs premiers<a href=\"https:\/\/ma-sante.news\/chikungunya-drome-corse-les-cas-autochtones-se-multiplient-en-france\/\" target=\"_blank\" rel=\"noopener\"> cas locaux de chikungunya.<\/a><\/p>\n<p>        En France, attraper la dengue sans voyager, c\u2019est d\u00e9sormais possible    <strong>Le moustique-tigre fait le lien<\/strong>    <\/p>\n<p>Comment est-ce possible ? Le vecteur, c\u2019est Aedes albopictus, le fameux moustique-tigre implant\u00e9 aujourd\u2019hui dans 81 d\u00e9partements fran\u00e7ais. Ce moustique, actif de mai \u00e0 novembre, peut transmettre le virus s\u2019il pique une personne infect\u00e9e m\u00eame si celle-ci est simplement revenue d\u2019un s\u00e9jour \u00e0 La R\u00e9union ou en Martinique.<\/p>\n<p>Et justement, les chiffres explosent c\u00f4t\u00e9 cas import\u00e9s (personnes ayant voyag\u00e9 r\u00e9cemment) :<\/p>\n<p>            <strong>Quel d\u00e9partement est le plus touch\u00e9 par ces cas autochtones ?<\/strong>    <\/p>\n<p>Parmi les \u00e9pisodes en cours, c\u2019est Salon-de-Provence (Bouches-du-Rh\u00f4ne) qui concentre le plus grand nombre de <a href=\"https:\/\/ma-sante.news\/chikungunya-un-premier-cas-autochtone-signale-en-france-metropolitaine\/\" target=\"_blank\" rel=\"noopener\">cas autochtones de chikungunya<\/a> :<\/p>\n<ul class=\"wp-block-list\">\n<li>12 cas recens\u00e9s entre le 16 et le 30 juin<\/li>\n<li>Certains patients habitent \u00e0 Grans et Lambesc, communes voisines<\/li>\n<\/ul>\n<p>Les autres foyers sont plus modestes mais tout aussi surveill\u00e9s :<\/p>\n<ul class=\"wp-block-list\">\n<li>3 cas \u00e0 Montoison (Dr\u00f4me)<\/li>\n<li>3 cas \u00e0 Grosseto-Prugna (Corse-du-Sud)<\/li>\n<li>1 cas \u00e0 Claix (Is\u00e8re) ou Lipsheim (Bas-Rhin)\u2026<\/li>\n<\/ul>\n<p>Le <a href=\"https:\/\/ma-sante.news\/dengue-premier-cas-autochtone-en-auvergne-rhone-alpes\/\" target=\"_blank\" rel=\"noopener\">cas autochtone de dengue<\/a>, quant \u00e0 lui, a \u00e9t\u00e9 identifi\u00e9 \u00e0 Saint-Chamond (Loire) d\u00e9but juillet.<\/p>\n<p>        Une vigilance renforc\u00e9e\u2026 mais jusqu\u2019o\u00f9 ?    <\/p>\n<p>D\u00e8s la d\u00e9tection d\u2019un cas, un protocole s\u2019enclenche :<\/p>\n<ul class=\"wp-block-list\">\n<li>Enqu\u00eate \u00e9pid\u00e9miologique et entomologique<\/li>\n<li>Traitement anti-moustiques (adulticides) dans un rayon de 300 m\u00e8tres<\/li>\n<li>Sensibilisation locale, porte-\u00e0-porte et mobilisation des professionnels de sant\u00e9<\/li>\n<li>Mesures de s\u00e9curit\u00e9 sur les dons de sang et produits issus du corps humain<\/li>\n<\/ul>\n<p>Mais ces mesures suffiront-elles si les cas se multiplient ? Car Sant\u00e9 publique France le reconna\u00eet : \u201cd\u2019autres foyers seront vraisemblablement identifi\u00e9s, y compris en dehors des zones habituelles de transmission\u201d.<\/p>\n<p>Et les conditions sont r\u00e9unies :<\/p>\n<p>            Petit rappel : c\u2019est quoi, le chikungunya et la dengue ?    <strong>Le chikungunya, souvent brutal :<\/strong>    <\/p>\n<p>Ce sont deux maladies virales tropicales, transmises par piq\u00fbre de moustique. Pour mieux les conna\u00eetre, il faut s\u2019informer sur les sympt\u00f4mes.\u00a0<\/p>\n<ul class=\"wp-block-list\">\n<li>Fi\u00e8vre \u00e9lev\u00e9e<\/li>\n<li>Douleurs articulaires tr\u00e8s intenses<\/li>\n<li>Fatigue persistante parfois plusieurs semaines<\/li>\n<li>Rarement mortel, mais tr\u00e8s invalidant<\/li>\n<\/ul>\n<p>        <strong>La dengue, surnomm\u00e9e \u201cgrippe tropicale\u201d :<\/strong>    <\/p>\n<ul class=\"wp-block-list\">\n<li>Fi\u00e8vre<\/li>\n<li>Douleurs musculaires, naus\u00e9es, maux de t\u00eate<\/li>\n<li>Dans de rares cas : h\u00e9morragies (forme s\u00e9v\u00e8re appel\u00e9e dengue h\u00e9morragique)<\/li>\n<\/ul>\n<p>Pas de traitement curatif, uniquement du repos, de l\u2019hydratation, du parac\u00e9tamol (surtout pas d\u2019aspirine), et surtout : \u00e9viter les piq\u00fbres pour ne pas entretenir la cha\u00eene de transmission.<\/p>\n<p>        Arboviroses : comment se prot\u00e9ger ?    <\/p>\n<p>Il n\u2019y a pas de vaccin disponible en France pour la population g\u00e9n\u00e9rale (hormis quelques cas tr\u00e8s cibl\u00e9s pour la dengue). Alors <a href=\"https:\/\/ma-sante.news\/moustique-tigre-nous-ne-sommes-pas-tous-egaux-face-a-la-menace\/\" target=\"_blank\" rel=\"noopener\">on revient aux basiques <\/a>:<\/p>\n<ul class=\"wp-block-list\">\n<li>R\u00e9pulsifs cutan\u00e9s efficaces<\/li>\n<li>V\u00eatements longs et couvrants<\/li>\n<li>Moustiquaires<\/li>\n<li>Suppression des eaux stagnantes autour du domicile (pots, soucoupes, goutti\u00e8res\u2026)<\/li>\n<\/ul>\n<p>Et surtout : consulter d\u00e8s les premiers sympt\u00f4mes si vous avez voyag\u00e9 r\u00e9cemment ou si un cas est signal\u00e9 pr\u00e8s de chez vous.<\/p>\n<blockquote class=\"wp-block-quote is-layout-flow wp-block-quote-is-layout-flow\">\n<p><strong>\u00c0 SAVOIR<\/strong><\/p>\n<p>Entre 2010 et 2024, seulement 4 \u00e9pisodes autochtones de chikungunya avaient \u00e9t\u00e9 identifi\u00e9s en France. En \u00e0 peine deux mois, 9 foyers sont d\u00e9j\u00e0 apparus en 2025.<\/p>\n<\/blockquote>\n<p>  <a class=\"gofollow\" data-track=\"MTIsMCwxLDYw\" href=\"https:\/\/ma-sante.news\/annonceurs\/\" target=\"_blank\" rel=\"noopener\"><img loading=\"lazy\" decoding=\"async\" width=\"2560\" height=\"2133\" src=\"data:image\/svg+xml,%3Csvg%20xmlns=\" http:=\"\" data-lazy-src=\"https:\/\/www.europesays.com\/fr\/wp-content\/uploads\/2025\/03\/pub-annonceurs-4-scaled.jpg\"\/><\/a>    <img loading=\"lazy\" decoding=\"async\" width=\"755\" height=\"495\" src=\"data:image\/svg+xml,%3Csvg%20xmlns=\" http:=\"\" data-lazy-src=\"https:\/\/www.europesays.com\/fr\/wp-content\/uploads\/2025\/03\/Image1.jpg\"\/>Inscrivez-vous \u00e0 notre newsletter <br \/>Ma Sant\u00e9                      <\/p>\n","protected":false},"excerpt":{"rendered":"Sant\u00e9 publique France alerte sur l\u2019impact du changement climatique et des flux internationaux comme facteurs aggravants. \u00a9 Freepik&hellip;\n","protected":false},"author":2,"featured_media":240160,"comment_status":"","ping_status":"","sticky":false,"template":"","format":"standard","meta":{"footnotes":""},"categories":[10],"tags":[6443,1011,27,72,511,71,21765],"class_list":{"0":"post-240159","1":"post","2":"type-post","3":"status-publish","4":"format-standard","5":"has-post-thumbnail","7":"category-sante","8":"tag-chikungunya","9":"tag-fr","10":"tag-france","11":"tag-health","12":"tag-moustique","13":"tag-sante","14":"tag-virus-dengue"},"share_on_mastodon":{"url":"https:\/\/pubeurope.com\/@fr\/114829299987120291","error":""},"_links":{"self":[{"href":"https:\/\/www.europesays.com\/fr\/wp-json\/wp\/v2\/posts\/240159","targetHints":{"allow":["GET"]}}],"collection":[{"href":"https:\/\/www.europesays.com\/fr\/wp-json\/wp\/v2\/posts"}],"about":[{"href":"https:\/\/www.europesays.com\/fr\/wp-json\/wp\/v2\/types\/post"}],"author":[{"embeddable":true,"href":"https:\/\/www.europesays.com\/fr\/wp-json\/wp\/v2\/users\/2"}],"replies":[{"embeddable":true,"href":"https:\/\/www.europesays.com\/fr\/wp-json\/wp\/v2\/comments?post=240159"}],"version-history":[{"count":0,"href":"https:\/\/www.europesays.com\/fr\/wp-json\/wp\/v2\/posts\/240159\/revisions"}],"wp:featuredmedia":[{"embeddable":true,"href":"https:\/\/www.europesays.com\/fr\/wp-json\/wp\/v2\/media\/240160"}],"wp:attachment":[{"href":"https:\/\/www.europesays.com\/fr\/wp-json\/wp\/v2\/media?parent=240159"}],"wp:term":[{"taxonomy":"category","embeddable":true,"href":"https:\/\/www.europesays.com\/fr\/wp-json\/wp\/v2\/categories?post=240159"},{"taxonomy":"post_tag","embeddable":true,"href":"https:\/\/www.europesays.com\/fr\/wp-json\/wp\/v2\/tags?post=240159"}],"curies":[{"name":"wp","href":"https:\/\/api.w.org\/{rel}","templated":true}]}}