{"id":240163,"date":"2025-07-10T14:01:08","date_gmt":"2025-07-10T14:01:08","guid":{"rendered":"https:\/\/www.europesays.com\/fr\/240163\/"},"modified":"2025-07-10T14:01:08","modified_gmt":"2025-07-10T14:01:08","slug":"le-producteur-de-chinois-marrant-nous-explique-les-circonstances-de-sa-chute-du-8e-etage","status":"publish","type":"post","link":"https:\/\/www.europesays.com\/fr\/240163\/","title":{"rendered":"le producteur de \u00ab\u00a0Chinois Marrant\u00a0\u00bb nous explique les circonstances de sa chute du 8e \u00e9tage"},"content":{"rendered":"<p>L\u2019<a href=\"https:\/\/www.laprovence.com\/article\/societe\/3913859535369414\/lhumoriste-bun-hay-mean-alias-chinois-marrant-retrouve-mort-au-pied-de-son-immeuble-a-paris\" target=\"_blank\" rel=\"nofollow noopener\">humoriste Bun Hay Mean, alias \u00ab\u00a0Chinois marrant\u00a0\u00bb<\/a>, ne se serait absolument pas suicid\u00e9. \u00ab\u00a0C\u2019est en voulant r\u00e9cup\u00e9rer son t\u00e9l\u00e9phone coinc\u00e9 vraisemblablement dans une goutti\u00e8re, avec un balai, qu\u2019il est malheureusement tomb\u00e9 du balcon\u00a0\u00bb, nous explique ce jeudi son producteur Philippe Delmas. Face aux interrogations des fans sur les r\u00e9seaux sociaux, il a tenu \u00e0 clarifier les circonstances du d\u00e9c\u00e8s tragique de l\u2019artiste de 43\u00a0ans. \u00ab\u00a0C\u2019est un accident fort regrettable. On peine encore \u00e0 y croire. Le choc est immense, pour sa famille, ses parents, fr\u00e8res et s\u0153urs qui vivent en Gironde, et pour nous \u00e9galement\u00a0\u00bb.<\/p>\n<p>En route pour Montr\u00e9al<\/p>\n<p>Bun Hay Mean qui devait prendre l\u2019avion pour le Canada en fin de matin\u00e9e a \u00e9t\u00e9 retrouv\u00e9 mort apr\u00e8s une chute de huit \u00e9tages dans le 17e arrondissement de Paris. \u00ab\u00a0Sa valise \u00e9tait pr\u00eate. Son r\u00e9gisseur qui l\u2019attendait n\u2019arrivait pas \u00e0 le joindre. Il \u00e9tait attendu ce vendredi soir \u00e0 l\u2019Olympia de Montr\u00e9al. Il \u00e9tait ravi de partir et allait tr\u00e8s bien. Nous \u00e9tions heureux pour lui de le voir remonter sur sc\u00e8ne apr\u00e8s une ann\u00e9e\u00a02024 en demi-teinte. Et il avait aussi une grosse tourn\u00e9e en pr\u00e9paration. Tout s\u2019arr\u00eate brutalement. C\u2019est terrible\u00a0\u00bb, poursuit Philippe Delmas.<\/p>\n<p>L\u2019humoriste connu du public, avait \u00e9t\u00e9 r\u00e9v\u00e9l\u00e9 dans le \u00ab\u00a0Jamel Comedy Club\u00a0\u00bb en\u00a02014. Il a \u00e9galement jou\u00e9 dans divers longs-m\u00e9trages, Problemos d\u2019Eric Judor et L\u2019Empire du Milieu de Guillaume Canet en\u00a02023.<\/p>\n","protected":false},"excerpt":{"rendered":"L\u2019humoriste Bun Hay Mean, alias \u00ab\u00a0Chinois marrant\u00a0\u00bb, ne se serait absolument pas suicid\u00e9. \u00ab\u00a0C\u2019est en voulant r\u00e9cup\u00e9rer son&hellip;\n","protected":false},"author":2,"featured_media":240164,"comment_status":"","ping_status":"","sticky":false,"template":"","format":"standard","meta":{"footnotes":""},"categories":[8],"tags":[17,1102,37976,17848,58,59,274,1011,27,37977,37979,37978,18,22284],"class_list":{"0":"post-240163","1":"post","2":"type-post","3":"status-publish","4":"format-standard","5":"has-post-thumbnail","7":"category-divertissement","8":"tag-17","9":"tag-breakingnews","10":"tag-bun","11":"tag-chinois","12":"tag-divertissement","13":"tag-entertainment","14":"tag-faits-divers-justice","15":"tag-fr","16":"tag-france","17":"tag-hay","18":"tag-marrant","19":"tag-mean","20":"tag-mort","21":"tag-producteur"},"share_on_mastodon":{"url":"https:\/\/pubeurope.com\/@fr\/114829307717485624","error":""},"_links":{"self":[{"href":"https:\/\/www.europesays.com\/fr\/wp-json\/wp\/v2\/posts\/240163","targetHints":{"allow":["GET"]}}],"collection":[{"href":"https:\/\/www.europesays.com\/fr\/wp-json\/wp\/v2\/posts"}],"about":[{"href":"https:\/\/www.europesays.com\/fr\/wp-json\/wp\/v2\/types\/post"}],"author":[{"embeddable":true,"href":"https:\/\/www.europesays.com\/fr\/wp-json\/wp\/v2\/users\/2"}],"replies":[{"embeddable":true,"href":"https:\/\/www.europesays.com\/fr\/wp-json\/wp\/v2\/comments?post=240163"}],"version-history":[{"count":0,"href":"https:\/\/www.europesays.com\/fr\/wp-json\/wp\/v2\/posts\/240163\/revisions"}],"wp:featuredmedia":[{"embeddable":true,"href":"https:\/\/www.europesays.com\/fr\/wp-json\/wp\/v2\/media\/240164"}],"wp:attachment":[{"href":"https:\/\/www.europesays.com\/fr\/wp-json\/wp\/v2\/media?parent=240163"}],"wp:term":[{"taxonomy":"category","embeddable":true,"href":"https:\/\/www.europesays.com\/fr\/wp-json\/wp\/v2\/categories?post=240163"},{"taxonomy":"post_tag","embeddable":true,"href":"https:\/\/www.europesays.com\/fr\/wp-json\/wp\/v2\/tags?post=240163"}],"curies":[{"name":"wp","href":"https:\/\/api.w.org\/{rel}","templated":true}]}}