{"id":240166,"date":"2025-07-10T14:03:17","date_gmt":"2025-07-10T14:03:17","guid":{"rendered":"https:\/\/www.europesays.com\/fr\/240166\/"},"modified":"2025-07-10T14:03:17","modified_gmt":"2025-07-10T14:03:17","slug":"cette-entreprise-emblematique-manchoise-est-placee-en-redressement-judiciaire-une-restructuration-engagee","status":"publish","type":"post","link":"https:\/\/www.europesays.com\/fr\/240166\/","title":{"rendered":"Cette entreprise embl\u00e9matique manchoise est plac\u00e9e en redressement judiciaire, une restructuration engag\u00e9e"},"content":{"rendered":"<p>            Par<br \/>\n        <strong><br \/>\n            <a href=\"https:\/\/actu.fr\/auteur\/redaction-pressemanche\" title=\"Consulter tous les articles de R\u00e9daction La Presse de la Manche\" rel=\"nofollow noopener\" target=\"_blank\">R\u00e9daction La Presse de la Manche<\/a><br \/>\n        <\/strong><\/p>\n<p>        Publi\u00e9 le<\/p>\n<p>            10 juil. 2025 \u00e0 11h21        <\/p>\n<p data-end=\"434\">Le tribunal de commerce de Coutances a prononc\u00e9, <b>mardi 1er\u00a0juillet 2025<\/b>, l\u2019ouverture d\u2019une proc\u00e9dure de redressement judiciaire \u00e0 l\u2019encontre de <a href=\"https:\/\/actu.fr\/normandie\/carentan-les-marais_50099\/unique-en-france-cette-entreprise-du-cotentin-a-concu-un-miroir-ultra-resistant_61210861.html\" rel=\"nofollow noopener\" target=\"_blank\">l\u2019entreprise Aurys Industries<\/a>, <b>fleuron de la transformation du verre plat <\/b>et unique producteur de miroirs en France, install\u00e9e \u00e0 <a href=\"https:\/\/actu.fr\/normandie\/carentan-les-marais_50099\" rel=\"nofollow noopener\" target=\"_blank\">Carentan<\/a> (Manche).<\/p>\n<p>150 salari\u00e9s<\/p>\n<p data-end=\"827\" class=\" wall-content\">Fond\u00e9e en 1972, l\u2019entreprise emploie aujourd\u2019hui quelque 150 salari\u00e9s. Reprise en 2021 par <b>Samir Bou Obeid<\/b> apr\u00e8s avoir \u00e9t\u00e9 longtemps une filiale du groupe <b>Saint-Gobain<\/b>, Aurys Industries a engag\u00e9 depuis plusieurs ann\u00e9es un important chantier de modernisation.<\/p>\n<p data-end=\"1259\" class=\" wall-content\">Avec plus de 4\u00a0millions d\u2019euros investis dans son outil industriel et la moiti\u00e9 de son chiffre d\u2019affaires r\u00e9alis\u00e9 \u00e0 l\u2019export (27\u00a0millions d\u2019euros en 2023), la soci\u00e9t\u00e9 avait atteint un \u00e9quilibre op\u00e9rationnel cette ann\u00e9e.<\/p>\n<p data-end=\"1259\" class=\" wall-content\">Pourtant, les effets prolong\u00e9s de la crise \u00e9nerg\u00e9tique et le ralentissement \u00e9conomique international ont contraint la direction \u00e0 solliciter une protection juridique aupr\u00e8s du tribunal de commerce.<\/p>\n<p>\u00ab\u2009Assurer la continuit\u00e9 de l\u2019activit\u00e9\u2009\u00bb<\/p>\n<p data-end=\"1561\" class=\" wall-content\">Dans un communiqu\u00e9 transmis il y a quelques jours, la direction d\u2019Aurys pr\u00e9cise que cette proc\u00e9dure de redressement judiciaire constitue une <b>\u00ab\u2009d\u00e9marche \u00e0 caract\u00e8re technique\u2009\u00bb<\/b>, visant \u00e0 \u00ab\u2009assurer la continuit\u00e9 de l\u2019activit\u00e9 tout en permettant \u00e0 l\u2019entreprise de<b> franchir une p\u00e9riode de transition financi\u00e8re\u2009\u00bb<\/b>.<\/p>\n<p data-end=\"1968\" class=\" wall-content\">Le redressement judiciaire est une proc\u00e9dure ouverte \u00e0 la demande d\u2019une entreprise en difficult\u00e9, mais qui n\u2019est pas encore en cessation d\u00e9finitive de paiement. Elle permet \u00e0 une soci\u00e9t\u00e9 de geler temporairement le paiement de ses dettes, tout en poursuivant son activit\u00e9 sous le contr\u00f4le d\u2019un administrateur judiciaire nomm\u00e9 par le tribunal.<\/p>\n<p>    <img   decoding=\"async\" loading=\"lazy\" class=\"size-large\" src=\"https:\/\/www.europesays.com\/fr\/wp-content\/uploads\/2025\/07\/af3e1a60d8686a34e1a60d868774e1v-960x640.jpg\" alt=\"Samir BouObeid, directeur g\u00e9n\u00e9ral d'Aurys.\" width=\"960\" height=\"640\"\/><br \/>\n    Samir Bou Obeid, directeur g\u00e9n\u00e9ral d\u2019Aurys. \u00a9Brigitte ACHER<\/p>\n<p data-end=\"2312\" class=\" wall-content\">\u00ab\u2009L\u2019objectif est de donner du temps \u00e0 l\u2019entreprise pour \u00e9tablir un<b> plan de redressement viable\u2009<\/b>: soit par le r\u00e9\u00e9chelonnement de ses dettes, soit par l\u2019entr\u00e9e de nouveaux partenaires financiers\u2009\u00bb, pr\u00e9cise la direction. Durant cette p\u00e9riode, d\u2019une dur\u00e9e initiale de six mois renouvelable, les cr\u00e9anciers ne peuvent plus engager de proc\u00e9dures de recouvrement.<\/p>\n<p>Une holding pour entrer au capital\u2009?<\/p>\n<p data-end=\"2674\" class=\" wall-content\">Dans le cas d\u2019Aurys, cette restructuration du passif s\u2019inscrit dans un plan de relance d\u00e9j\u00e0 amorc\u00e9, combinant innovation, strat\u00e9gie commerciale, et ouverture \u00e0 des partenaires industriels.<\/p>\n<p data-end=\"2674\" class=\" wall-content\">La direction annonce des discussions avanc\u00e9es avec une <b>holding industrielle<\/b>, susceptible d\u2019entrer au capital et de renforcer les fonds propres de l\u2019entreprise.<\/p>\n<p data-end=\"3382\" class=\" wall-content\">Cette mise en redressement judiciaire se veut un acte d\u2019anticipation et de gestion responsable, selon la direction. Elle permet \u00e0 l\u2019entreprise de pr\u00e9parer son avenir.<\/p>\n<p class=\" wall-content\">Labellis\u00e9e \u00ab\u2009Entreprise du Patrimoine Vivant\u2009\u00bb, Aurys incarne un savoir-faire ancestral h\u00e9rit\u00e9 des miroitiers normands de La Glacerie. Elle transforme chaque ann\u00e9e plus de 2\u00a0millions de m\u00b2 de verre et exporte ses produits dans 18 pays, dont le <b>Japon<\/b>.<\/p>\n<p class=\" wall-content\">Suivez toute l\u2019actualit\u00e9 de vos villes et m\u00e9dias favoris en vous inscrivant \u00e0 <a href=\"https:\/\/moncompte.actu.fr\" title=\"D\u00e9couvez Mon Actu\" rel=\"nofollow noopener\" data-trk=\"{&quot;cta&quot;:{&quot;action&quot;:&quot;https:\\\/\\\/moncompte.actu.fr&quot;,&quot;category&quot;:&quot;mon compte&quot;,&quot;from&quot;:&quot;article footer&quot;,&quot;name&quot;:&quot;Mon actu&quot;,&quot;type&quot;:&quot;cta&quot;}}\" target=\"_blank\">Mon Actu<\/a>.<\/p>\n","protected":false},"excerpt":{"rendered":"Par R\u00e9daction La Presse de la Manche Publi\u00e9 le 10 juil. 2025 \u00e0 11h21 Le tribunal de commerce&hellip;\n","protected":false},"author":2,"featured_media":240167,"comment_status":"","ping_status":"","sticky":false,"template":"","format":"standard","meta":{"footnotes":""},"categories":[6],"tags":[35,215,3168,33,34,1011,27],"class_list":{"0":"post-240166","1":"post","2":"type-post","3":"status-publish","4":"format-standard","5":"has-post-thumbnail","7":"category-economie","8":"tag-business","9":"tag-commerce","10":"tag-cotentin","11":"tag-economie","12":"tag-economy","13":"tag-fr","14":"tag-france"},"share_on_mastodon":{"url":"https:\/\/pubeurope.com\/@fr\/114829315555734881","error":""},"_links":{"self":[{"href":"https:\/\/www.europesays.com\/fr\/wp-json\/wp\/v2\/posts\/240166","targetHints":{"allow":["GET"]}}],"collection":[{"href":"https:\/\/www.europesays.com\/fr\/wp-json\/wp\/v2\/posts"}],"about":[{"href":"https:\/\/www.europesays.com\/fr\/wp-json\/wp\/v2\/types\/post"}],"author":[{"embeddable":true,"href":"https:\/\/www.europesays.com\/fr\/wp-json\/wp\/v2\/users\/2"}],"replies":[{"embeddable":true,"href":"https:\/\/www.europesays.com\/fr\/wp-json\/wp\/v2\/comments?post=240166"}],"version-history":[{"count":0,"href":"https:\/\/www.europesays.com\/fr\/wp-json\/wp\/v2\/posts\/240166\/revisions"}],"wp:featuredmedia":[{"embeddable":true,"href":"https:\/\/www.europesays.com\/fr\/wp-json\/wp\/v2\/media\/240167"}],"wp:attachment":[{"href":"https:\/\/www.europesays.com\/fr\/wp-json\/wp\/v2\/media?parent=240166"}],"wp:term":[{"taxonomy":"category","embeddable":true,"href":"https:\/\/www.europesays.com\/fr\/wp-json\/wp\/v2\/categories?post=240166"},{"taxonomy":"post_tag","embeddable":true,"href":"https:\/\/www.europesays.com\/fr\/wp-json\/wp\/v2\/tags?post=240166"}],"curies":[{"name":"wp","href":"https:\/\/api.w.org\/{rel}","templated":true}]}}