{"id":240168,"date":"2025-07-10T14:04:09","date_gmt":"2025-07-10T14:04:09","guid":{"rendered":"https:\/\/www.europesays.com\/fr\/240168\/"},"modified":"2025-07-10T14:04:09","modified_gmt":"2025-07-10T14:04:09","slug":"lue-annonce-un-accord-avec-israel-pour-etendre-laide-humanitaire","status":"publish","type":"post","link":"https:\/\/www.europesays.com\/fr\/240168\/","title":{"rendered":"l&rsquo;UE annonce un accord avec Isra\u00ebl pour \u00e9tendre l&rsquo;aide humanitaire"},"content":{"rendered":"<p>La chef de la diplomatie europ\u00e9enne vient d\u2019annoncer, ce jeudi 10 juillet sur X, un accord avec Isra\u00ebl pour \u00e9tendre l\u2019aide humanitaire \u00e0 Gaza.<\/p>\n<p class=\"fig-paragraph\"><a href=\"http:\/\/www.lefigaro.fr\/conjoncture\/un-partenaire-tres-difficile-rien-ne-va-plus-entre-l-union-europeenne-et-la-chine-20250707\" target=\"_blank\" data-fig-type=\"Article\" rel=\"noopener nofollow\" data-gtm-custom-categorie=\"navigation\" data-gtm-custom-action=\"crossclick\" data-gtm-custom-label=\"Contextuel\" data-gtm-event=\"customEventSPE\" data-fig-domain=\"LEFIGARO\">L\u2019Union europ\u00e9enne<\/a>\u00a0a trouv\u00e9 un accord avec Isra\u00ebl pour \u00e9tendre l&rsquo;aide humanitaire \u00e0 Gaza, a annonc\u00e9 jeudi 10 juillet la chef de la diplomatie europ\u00e9enne\u00a0<a href=\"https:\/\/www.lefigaro.fr\/tag\/kaja-kallas\" target=\"_blank\" rel=\"sponsored noopener nofollow\" data-gtm-custom-categorie=\"navigation\" data-gtm-custom-action=\"crossclick\" data-gtm-custom-label=\"Contextuel\" data-gtm-event=\"customEventSPE\">Kaja Kallas<\/a>.<\/p>\n<p class=\"fig-paragraph\">\u00abCet accord signifie que davantage de points de passage seront ouverts, que plus de camions d&rsquo;aide et de nourriture entreront dans\u00a0<a href=\"http:\/\/www.lefigaro.fr\/flash-actu\/cinq-soldats-israeliens-tues-au-combat-dans-la-bande-de-gaza-20250708\" target=\"_blank\" data-fig-type=\"NewsFlash\" rel=\"noopener nofollow\" data-gtm-custom-categorie=\"navigation\" data-gtm-custom-action=\"crossclick\" data-gtm-custom-label=\"Contextuel\" data-gtm-event=\"customEventSPE\" data-fig-domain=\"LEFIGARO\">la bande de Gaza<\/a> \u00bb, a assur\u00e9 Kallas sur X. \u00abNous comptons sur Isra\u00ebl pour mettre en \u0153uvre toutes les mesures convenues\u00bb, a-t-elle ajout\u00e9, pr\u00e9cisant qu&rsquo;elles entreraient en vigueur \u00abdans les prochains jours\u00bb. L&rsquo;accord signifie \u00e9galement que \u00ables infrastructures vitales seront r\u00e9par\u00e9es et que les travailleurs humanitaires seront prot\u00e9g\u00e9s\u00bb, a encore expliqu\u00e9 la cheffe de la diplomatie europ\u00e9enne.<\/p>\n<p>                                    <a class=\"fig-a11y-skip a11y-hidden\" href=\"#fig-a11y-skip-main-inarticle\"><br \/>\n        Passer la publicit\u00e9<br \/>\n    <\/a><\/p>\n<p class=\"fig-paragraph\">Concr\u00e8tement, l&rsquo;accord pr\u00e9voit une \u00abaugmentation substantielle du nombre de camions transportant quotidiennement des produits alimentaires et non alimentaires entrant \u00e0 Gaza\u00bb, ainsi que l&rsquo;ouverture de \u00abnouveaux points de passage\u00bb au nord et au sud de la bande de Gaza, selon un communiqu\u00e9 rendu public par Kallas. La r\u00e9ouverture des voies d&rsquo;acheminement de l&rsquo;aide jordanienne et \u00e9gyptienne et la \u00abpossibilit\u00e9 de distribuer des produits alimentaires par l&rsquo;interm\u00e9diaire des boulangeries et des cuisines publiques dans toute la bande de Gaza\u00bb, selon ce texte. Les livraisons de carburant au b\u00e9n\u00e9fice des organisations humanitaires seront \u00e9galement reprises, \u00abjusqu&rsquo;\u00e0 un niveau op\u00e9rationnel\u00bb.<\/p>\n<p class=\"fig-paragraph\">La cheffe de la diplomatie devait remettre dans les jours prochains aux 27 de l&rsquo;UE une liste de mesures possibles \u00e0 prendre apr\u00e8s la d\u00e9cision de revoir l&rsquo;accord d&rsquo;association qui lie Isra\u00ebl aux Europ\u00e9ens. Un rapport de la\u00a0<a href=\"http:\/\/www.lefigaro.fr\/medias\/la-commission-europeenne-met-la-pression-sur-google-et-meta-en-appelant-a-la-conformite-20250319\" target=\"_blank\" data-fig-type=\"Article\" rel=\"noopener nofollow\" data-gtm-custom-categorie=\"navigation\" data-gtm-custom-action=\"crossclick\" data-gtm-custom-label=\"Contextuel\" data-gtm-event=\"customEventSPE\" data-fig-domain=\"LEFIGARO\">Commission europ\u00e9enne<\/a>, pr\u00e9sent\u00e9 fin juin aux ministres des Affaires \u00e9trang\u00e8res europ\u00e9ens, estime qu&rsquo;Isra\u00ebl a viol\u00e9 l&rsquo;article 2 de cet accord en mati\u00e8re de respect des droits de l&rsquo;homme.<\/p>\n<p class=\"fig-paragraph\">Certains pays europ\u00e9ens, dont l&rsquo;<a href=\"http:\/\/www.lefigaro.fr\/international\/2300-hectares-brules-armee-mobilisee-et-habitants-confines-les-images-de-l-incendie-devastateur-pres-de-tarragone-en-espagne-20250708\" target=\"_blank\" data-fig-type=\"NewsFlash\" rel=\"noopener nofollow\" data-gtm-custom-categorie=\"navigation\" data-gtm-custom-action=\"crossclick\" data-gtm-custom-label=\"Contextuel\" data-gtm-event=\"customEventSPE\" data-fig-domain=\"LEFIGARO\">Espagne<\/a>, r\u00e9clament en cons\u00e9quence une suspension de cet accord d&rsquo;association, au moins en partie, mais plusieurs autres s&rsquo;y opposent. Les dirigeants europ\u00e9ens, r\u00e9unis fin juin en sommet, avaient appel\u00e9 leurs ministres \u00e0 \u00abpoursuivre les discussions en vue d&rsquo;un suivi\u00bb mais \u00aben tenant compte de l&rsquo;\u00e9volution de la situation sur le terrain\u00bb.<\/p>\n","protected":false},"excerpt":{"rendered":"La chef de la diplomatie europ\u00e9enne vient d\u2019annoncer, ce jeudi 10 juillet sur X, un accord avec Isra\u00ebl&hellip;\n","protected":false},"author":2,"featured_media":240169,"comment_status":"","ping_status":"","sticky":false,"template":"","format":"standard","meta":{"footnotes":""},"categories":[5],"tags":[11,1011,27,665,14,664,12,364,28],"class_list":{"0":"post-240168","1":"post","2":"type-post","3":"status-publish","4":"format-standard","5":"has-post-thumbnail","7":"category-international","8":"tag-actualites","9":"tag-fr","10":"tag-france","11":"tag-gaza","12":"tag-international","13":"tag-israel","14":"tag-news","15":"tag-union-europeenne","16":"tag-world"},"share_on_mastodon":{"url":"https:\/\/pubeurope.com\/@fr\/114829319474200208","error":""},"_links":{"self":[{"href":"https:\/\/www.europesays.com\/fr\/wp-json\/wp\/v2\/posts\/240168","targetHints":{"allow":["GET"]}}],"collection":[{"href":"https:\/\/www.europesays.com\/fr\/wp-json\/wp\/v2\/posts"}],"about":[{"href":"https:\/\/www.europesays.com\/fr\/wp-json\/wp\/v2\/types\/post"}],"author":[{"embeddable":true,"href":"https:\/\/www.europesays.com\/fr\/wp-json\/wp\/v2\/users\/2"}],"replies":[{"embeddable":true,"href":"https:\/\/www.europesays.com\/fr\/wp-json\/wp\/v2\/comments?post=240168"}],"version-history":[{"count":0,"href":"https:\/\/www.europesays.com\/fr\/wp-json\/wp\/v2\/posts\/240168\/revisions"}],"wp:featuredmedia":[{"embeddable":true,"href":"https:\/\/www.europesays.com\/fr\/wp-json\/wp\/v2\/media\/240169"}],"wp:attachment":[{"href":"https:\/\/www.europesays.com\/fr\/wp-json\/wp\/v2\/media?parent=240168"}],"wp:term":[{"taxonomy":"category","embeddable":true,"href":"https:\/\/www.europesays.com\/fr\/wp-json\/wp\/v2\/categories?post=240168"},{"taxonomy":"post_tag","embeddable":true,"href":"https:\/\/www.europesays.com\/fr\/wp-json\/wp\/v2\/tags?post=240168"}],"curies":[{"name":"wp","href":"https:\/\/api.w.org\/{rel}","templated":true}]}}