{"id":240174,"date":"2025-07-10T14:07:10","date_gmt":"2025-07-10T14:07:10","guid":{"rendered":"https:\/\/www.europesays.com\/fr\/240174\/"},"modified":"2025-07-10T14:07:10","modified_gmt":"2025-07-10T14:07:10","slug":"il-avait-remporte-un-prix-dhumour-a-saint-etienne","status":"publish","type":"post","link":"https:\/\/www.europesays.com\/fr\/240174\/","title":{"rendered":"il avait remport\u00e9 un Prix d&rsquo;humour \u00e0 Saint-\u00c9tienne"},"content":{"rendered":"<p>\u00ab\u00a0Je suis triste. C\u2019\u00e9tait quelqu\u2019un de profond\u00e9ment humain et humaniste dans son \u00e2me. \u00bb<\/p>\n<p>Au t\u00e9l\u00e9phone, Farid Bouabdellah a du mal \u00e0 cacher son \u00e9motion au moment d\u2019\u00e9voquer Bun Hay Mean, retrouv\u00e9 mort apr\u00e8s une chute d\u2019un immeuble \u00e0 Paris ce jeudi matin. L\u2019artiste de 43 ans devait prendre l\u2019avion pour Montr\u00e9al o\u00f9 il \u00e9tait attendu pour pr\u00e9senter son nouveau show, Kill Bun, vendredi soir.<\/p>\n<p>  \u00ab\u00a0Il avait un univers \u00e0 part\u00a0\u00bb<\/p>\n<p>Bun Hay Mean et le directeur du festival ArcomiK se connaissaient depuis longtemps. Depuis 2009 pr\u00e9cis\u00e9ment lorsque l\u2019humoriste, alors \u00e2g\u00e9 de 27 ans, avait remport\u00e9, \u00e0 Saint-\u00c9tienne, la finale du \u00ab\u00a0Tremplin nouveaux talents\u00a0\u00bb du festival des arts burlesques (ancien nom d\u2019ArcomiK).<\/p>\n<p>Sur la sc\u00e8ne du Nouveau th\u00e9\u00e2tre Beaulieu, il avait jou\u00e9 un extrait de son spectacle La France aux Chinois.<\/p>\n<p>Gr\u00e2ce \u00e0 cette victoire, Bun Hay Mean avait int\u00e9gr\u00e9 la programmation de l\u2019\u00e9dition 2010\u00a0: \u00ab\u00a0Cette ann\u00e9e-l\u00e0, on avait aussi organis\u00e9 une repr\u00e9sentation au sein de la prison de La Talaudi\u00e8re. \u00c0 l\u2019\u00e9poque, il faisait r\u00e9guli\u00e8rement de dates au sein des \u00e9tablissements p\u00e9nitentiaires\u00a0\u00bb.<\/p>\n<p>\u00ab On perd l&rsquo;un des meilleurs\u00a0\u00bb<\/p>\n<p>R\u00e9v\u00e9l\u00e9 par le Jamel Comedy Club en 2014, \u00ab Chinois marrant\u00a0\u00bb \u00e9tait devenu un habitu\u00e9 d\u2019ArcomiK\u00a0: \u00ab\u00a0Il a d\u00fb venir au moins six fois au festival, d\u00e9taille Farid Bouabdellah. \u00c0 chaque nouveau show, il \u00e9tait l\u00e0. Il faisait partie de la famille. Le 28\u00a0f\u00e9vrier 2024, on l\u2019avait encore programm\u00e9 \u00e0 la salle Aristide-Briand de Saint-Chamond. \u00bb<\/p>\n<p>L\u2019artiste \u00e9tait \u00e0 l\u2019affiche du prochain festival d\u2019humour lig\u00e9rien le 20\u00a0f\u00e9vrier 2026, au Centre de Congr\u00e8s de Saint-\u00c9tienne, pour pr\u00e9senter Kill Bun. Le com\u00e9dien avait \u00e9galement incarn\u00e9 un prince dans Ast\u00e9rix et Ob\u00e9lix\u00a0: L\u2019Empire du Milieu, de <a href=\"https:\/\/www.leprogres.fr\/p\/guillaume-canet\" target=\"_blank\" rel=\"nofollow noopener\">Guillaume Canet<\/a> (2023).<\/p>\n<p>Pour Farid Bouabdellah : \u00ab\u00a0On perd l\u2019un des meilleurs. Il avait un univers \u00e0 part. Il ne copiait personne, il \u00e9tait tr\u00e8s intelligent et tr\u00e8s militant.\u00a0\u00bb<\/p>\n","protected":false},"excerpt":{"rendered":"\u00ab\u00a0Je suis triste. C\u2019\u00e9tait quelqu\u2019un de profond\u00e9ment humain et humaniste dans son \u00e2me. \u00bb Au t\u00e9l\u00e9phone, Farid Bouabdellah&hellip;\n","protected":false},"author":2,"featured_media":240175,"comment_status":"","ping_status":"","sticky":false,"template":"","format":"standard","meta":{"footnotes":""},"categories":[9653],"tags":[1111,11,2430,1687,7539,1777,674,107,1011,27,3367,12,25,4001,7538,3140],"class_list":{"0":"post-240174","1":"post","2":"type-post","3":"status-publish","4":"format-standard","5":"has-post-thumbnail","7":"category-saint-etienne","8":"tag-actu","9":"tag-actualites","10":"tag-auvergne-rhone-alpes","11":"tag-culture-loisirs","12":"tag-edition-loire-sud","13":"tag-eu","14":"tag-europe","15":"tag-fil-info","16":"tag-fr","17":"tag-france","18":"tag-loire","19":"tag-news","20":"tag-republique-francaise","21":"tag-saint-etienne","22":"tag-saint-etienne-ville","23":"tag-spectacle"},"share_on_mastodon":{"url":"https:\/\/pubeurope.com\/@fr\/114829331255769266","error":""},"_links":{"self":[{"href":"https:\/\/www.europesays.com\/fr\/wp-json\/wp\/v2\/posts\/240174","targetHints":{"allow":["GET"]}}],"collection":[{"href":"https:\/\/www.europesays.com\/fr\/wp-json\/wp\/v2\/posts"}],"about":[{"href":"https:\/\/www.europesays.com\/fr\/wp-json\/wp\/v2\/types\/post"}],"author":[{"embeddable":true,"href":"https:\/\/www.europesays.com\/fr\/wp-json\/wp\/v2\/users\/2"}],"replies":[{"embeddable":true,"href":"https:\/\/www.europesays.com\/fr\/wp-json\/wp\/v2\/comments?post=240174"}],"version-history":[{"count":0,"href":"https:\/\/www.europesays.com\/fr\/wp-json\/wp\/v2\/posts\/240174\/revisions"}],"wp:featuredmedia":[{"embeddable":true,"href":"https:\/\/www.europesays.com\/fr\/wp-json\/wp\/v2\/media\/240175"}],"wp:attachment":[{"href":"https:\/\/www.europesays.com\/fr\/wp-json\/wp\/v2\/media?parent=240174"}],"wp:term":[{"taxonomy":"category","embeddable":true,"href":"https:\/\/www.europesays.com\/fr\/wp-json\/wp\/v2\/categories?post=240174"},{"taxonomy":"post_tag","embeddable":true,"href":"https:\/\/www.europesays.com\/fr\/wp-json\/wp\/v2\/tags?post=240174"}],"curies":[{"name":"wp","href":"https:\/\/api.w.org\/{rel}","templated":true}]}}