{"id":240178,"date":"2025-07-10T14:09:22","date_gmt":"2025-07-10T14:09:22","guid":{"rendered":"https:\/\/www.europesays.com\/fr\/240178\/"},"modified":"2025-07-10T14:09:22","modified_gmt":"2025-07-10T14:09:22","slug":"dansez-a-la-pepiniere-est-de-retour","status":"publish","type":"post","link":"https:\/\/www.europesays.com\/fr\/240178\/","title":{"rendered":"\u00ab Dansez \u00e0 la p\u00e9pini\u00e8re \u00bb est de retour"},"content":{"rendered":"<p> \u00ab Dansez \u00e0 la P\u00e9pini\u00e8re \u00bb s\u2019installe jusqu\u2019 au 30 ao\u00fbt, \u00e0 l\u2019auditorium du parc nanc\u00e9ien. Que vous soyez danseur confirm\u00e9 ou que vous souhaitiez esquisser vos premiers pas, ces soir\u00e9es gratuites sont ouvertes \u00e0 tous. L\u2019association Plaisir Tango, anime les mercredis d\u2019\u00e9t\u00e9 de 19 h \u00e0 22 h. Pour son pr\u00e9sident, Jean-Pierre Cifra, ces soir\u00e9es sont bien plus qu\u2019un simple rendez-vous : \u00ab C\u2019est une vitrine, l\u2019occasion de faire d\u00e9couvrir le Tango en plein air. \u00bb <\/p>\n<p> Mais l\u2019\u00e9t\u00e9 de la danse ne s\u2019arr\u00eate pas l\u00e0. D\u2019autres associations participent comme les Amis du foyer Ren\u00e9 II qui organisent des th\u00e9s dansant les lundis, mercredis et vendredis de 14 h 30 \u00e0 18 h 30. Ainsi que l\u2019association Cap Danse qui propose de la salsa et de la bachata les jeudis ainsi que du rock, les dimanches. Ou encore le ballet de Lorraine qui sera pr\u00e9sent les 26 et 28 ao\u00fbt, pour partager un moment autour de la danse contemporaine. <\/p>\n<p> Jean-Pierre Cifra rappelle que l\u2019ambiance y est conviviale, o\u00f9 presque une cinquantaine de personnes viennent danser sur une piste am\u00e9nag\u00e9e par la ville. Et poursuit : \u00ab Ils sont tout autant \u00e0 pr\u00e9f\u00e9rer profiter de la brasserie en nous observant danser. \u00bb <\/p>\n<p class=\"note\">Le programme complet est \u00e0 retrouver sur https:\/\/www.nancy.fr\/agenda<\/p>\n","protected":false},"excerpt":{"rendered":"\u00ab Dansez \u00e0 la P\u00e9pini\u00e8re \u00bb s\u2019installe jusqu\u2019 au 30 ao\u00fbt, \u00e0 l\u2019auditorium du parc nanc\u00e9ien. Que vous&hellip;\n","protected":false},"author":2,"featured_media":240179,"comment_status":"","ping_status":"","sticky":false,"template":"","format":"standard","meta":{"footnotes":""},"categories":[9635],"tags":[1111,11,7782,1687,1704,1777,674,1011,27,775,1702,1703,12,4043,25,953],"class_list":{"0":"post-240178","1":"post","2":"type-post","3":"status-publish","4":"format-standard","5":"has-post-thumbnail","7":"category-nancy","8":"tag-actu","9":"tag-actualites","10":"tag-balades-et-randonnees","11":"tag-culture-loisirs","12":"tag-edition-nancy-et-agglomeration","13":"tag-eu","14":"tag-europe","15":"tag-fr","16":"tag-france","17":"tag-grand-est","18":"tag-nancy","19":"tag-nancy-ville-54b","20":"tag-news","21":"tag-repas-et-the-dansant","22":"tag-republique-francaise","23":"tag-soiree"},"share_on_mastodon":{"url":"https:\/\/pubeurope.com\/@fr\/114829339153555256","error":""},"_links":{"self":[{"href":"https:\/\/www.europesays.com\/fr\/wp-json\/wp\/v2\/posts\/240178","targetHints":{"allow":["GET"]}}],"collection":[{"href":"https:\/\/www.europesays.com\/fr\/wp-json\/wp\/v2\/posts"}],"about":[{"href":"https:\/\/www.europesays.com\/fr\/wp-json\/wp\/v2\/types\/post"}],"author":[{"embeddable":true,"href":"https:\/\/www.europesays.com\/fr\/wp-json\/wp\/v2\/users\/2"}],"replies":[{"embeddable":true,"href":"https:\/\/www.europesays.com\/fr\/wp-json\/wp\/v2\/comments?post=240178"}],"version-history":[{"count":0,"href":"https:\/\/www.europesays.com\/fr\/wp-json\/wp\/v2\/posts\/240178\/revisions"}],"wp:featuredmedia":[{"embeddable":true,"href":"https:\/\/www.europesays.com\/fr\/wp-json\/wp\/v2\/media\/240179"}],"wp:attachment":[{"href":"https:\/\/www.europesays.com\/fr\/wp-json\/wp\/v2\/media?parent=240178"}],"wp:term":[{"taxonomy":"category","embeddable":true,"href":"https:\/\/www.europesays.com\/fr\/wp-json\/wp\/v2\/categories?post=240178"},{"taxonomy":"post_tag","embeddable":true,"href":"https:\/\/www.europesays.com\/fr\/wp-json\/wp\/v2\/tags?post=240178"}],"curies":[{"name":"wp","href":"https:\/\/api.w.org\/{rel}","templated":true}]}}