{"id":240184,"date":"2025-07-10T14:12:21","date_gmt":"2025-07-10T14:12:21","guid":{"rendered":"https:\/\/www.europesays.com\/fr\/240184\/"},"modified":"2025-07-10T14:12:21","modified_gmt":"2025-07-10T14:12:21","slug":"quel-xv-type-et-quelle-rotation-pour-la-saison-2025-2026-2","status":"publish","type":"post","link":"https:\/\/www.europesays.com\/fr\/240184\/","title":{"rendered":"Quel XV type et quelle rotation pour la saison 2025-2026 ?"},"content":{"rendered":"<p style=\"text-align: justify;\"><strong>TOP 14 \u2013 Pour la saison 2025-2026, Toulon devrait s\u2019appuyer sur un XV type solide et une rotation ma\u00eetris\u00e9e. Un pack robuste, une charni\u00e8re Serin-Garcia dynamique et une ligne de trois-quarts polyvalente offrent au staff de nombreuses options. Cette profondeur permettra de g\u00e9rer les efforts et viser la performance sur tous les terrains.<\/strong><\/p>\n<p style=\"text-align: justify;\">\u00c0 l\u2019aube de la saison 2025-2026, le <a href=\"https:\/\/dicodusport.fr\/blog\/transferts-rc-toulon-2025-arrivees-departs-et-prolongations\/\" rel=\"nofollow noopener\" target=\"_blank\"><strong>RC Toulon<\/strong><\/a> affiche une ambition claire, port\u00e9e par un recrutement solide et des prolongations importantes. Entre cadres confirm\u00e9s et jeunes prometteurs, le groupe promet une belle densit\u00e9 pour rivaliser sur tous les fronts.<\/p>\n<p>Un pack solide et plut\u00f4t stable<\/p>\n<p style=\"text-align: justify;\">La premi\u00e8re ligne sera le socle du pack varois, avec <strong>Jean-Baptiste Gros<\/strong>, <strong>Teddy Baubigny<\/strong> et <strong>Kyle Sinckler<\/strong>, arriv\u00e9 l\u2019\u00e9t\u00e9 dernier d\u2019Angleterre. <strong>Dany Priso <\/strong>et\u00a0<strong>Daniel Brennan<\/strong>, <strong>Beka Gigashvili<\/strong> ou encore le nouveau venu, <a href=\"https:\/\/dicodusport.fr\/blog\/transferts-nikoloz-narmania-quitte-biarritz-pour-signer-en-top-14\/\" rel=\"nofollow noopener\" target=\"_blank\"><strong>Nikoloz Narmania<\/strong><\/a>, viendront compl\u00e9ter un secteur cl\u00e9. Au talon, <strong>Micka\u00ebl Ivaldi<\/strong> et <strong>Federico Lucchesi<\/strong> assureront la rotation derri\u00e8re Baubigny.<\/p>\n<p style=\"text-align: justify;\">En deuxi\u00e8me ligne, <a href=\"https:\/\/dicodusport.fr\/blog\/transferts-toulon-matthias-halagahu-a-tranche-pour-son-avenir\/\" rel=\"nofollow noopener\" target=\"_blank\"><strong>Matthias Halagahu<\/strong><\/a>\u00a0et <strong>David Ribbans<\/strong> formeront une paire exp\u00e9riment\u00e9e et redoutable. Pierre Mignoni pourra s\u2019appuyer sur <strong>Swan Rebbadj<\/strong>, <strong>Brian Alainu\u2019uese<\/strong> ou encore <strong>Corentin M\u00e9zou<\/strong>, jeune talent fran\u00e7ais, pour faire tourner.<\/p>\n<p style=\"text-align: justify;\">La troisi\u00e8me ligne promet d\u2019\u00eatre l\u2019une des plus physiques du championnat, avec <strong>Lewis Ludlam<\/strong> et <strong>Zach Mercer<\/strong>, deux recrues anglaises aux profils puissants, \u00e9paul\u00e9es par le jeune <strong>Patrick Tuifua<\/strong>. Une densit\u00e9 qui sera \u00e9galement incarn\u00e9e <strong>Esteban Abadie<\/strong>, le futur revenant <strong>Charles Ollivon<\/strong>, <strong>Jules Coulon<\/strong> ou encore <strong>Jo\u00e9 Quere Karaba<\/strong>, permettant au staff de g\u00e9rer au mieux la charge physique sur une saison exigeante.<\/p>\n<p><a href=\"https:\/\/dicodusport.fr\/blog\/transferts-patrick-tuifua-signe-en-top-14\/\" class=\"vlp-link\" title=\"Transferts : Patrick Tuifua signe en Top 14 !\" rel=\"nofollow noopener\" target=\"_blank\"><img loading=\"lazy\" decoding=\"async\" style=\"max-width: 792px;\" width=\"792\" height=\"445\" class=\"attachment-800x445 size-800x445 perfmatters-lazy\" alt=\"Transferts Patrick Tuifua signe en Top 14 !\" src=\"https:\/\/www.europesays.com\/fr\/wp-content\/uploads\/2025\/07\/Transferts-Patrick-Tuifua-signe-en-Top-14-.png\"  data-\/><\/p>\n<p>Transferts : Patrick Tuifua signe en Top 14 !<\/p>\n<p>TRANSFERTS RUGBY &#8211; Fortement convoit\u00e9, Patrick Tuifua \u00e9voluera bien en Top 14 la saison prochaine, puisque Toulon vient d&rsquo;annoncer son recrutement pour les trois prochaines ann\u00e9es.<\/p>\n<p>Lire l&rsquo;article<\/p>\n<p>dicodusport.fr<\/p>\n<p>Une charni\u00e8re new look<\/p>\n<p style=\"text-align: justify;\">La charni\u00e8re devrait \u00eatre conduite \u00e0 <strong>Baptiste Serin<\/strong> et \u00e0 <a href=\"https:\/\/dicodusport.fr\/blog\/transferts-mateo-garcia-va-quitter-lubb-pour-un-autre-club-de-top-14\/\" rel=\"nofollow noopener\" target=\"_blank\"><strong>Mat\u00e9o Garcia<\/strong><\/a>, arriv\u00e9 de l\u2019UBB, un duo appel\u00e9 \u00e0 dynamiser le jeu apr\u00e8s le d\u00e9part de Dan Biggar. <strong>Clovis Le Bail<\/strong>, arriv\u00e9 en provenance du <strong>Racing 92<\/strong> et <strong>Ben White<\/strong> seront pr\u00eats \u00e0 suppl\u00e9er Serin, tandis qu\u2019<strong>Enzo Herv\u00e9<\/strong>, <a href=\"https:\/\/dicodusport.fr\/blog\/transferts-toulon-enzo-herve-refuse-le-stade-francais-louis-carbonel-bloque\/\" rel=\"nofollow noopener\" target=\"_blank\">un temps pressenti au Stade Fran\u00e7ais<\/a>, et surtout <strong>Paolo Garbisi<\/strong>, apporteront des alternatives \u00e0 l\u2019ouverture.<\/p>\n<p>Une ligne de trois-quarts redoutable<\/p>\n<p style=\"text-align: justify;\">Au centre, <strong>Toulon<\/strong> misera sur l\u2019arriv\u00e9e du Transalpin <strong>Juan Ignacio Brex<\/strong>. <strong>Antoine Frisch<\/strong>, <strong>Mathieu Sma\u00efli<\/strong>, ainsi que <strong>J\u00e9r\u00e9my Sinzelle<\/strong> et <strong>Ma\u2019a Nonu<\/strong>, prolong\u00e9s pour une ultime saison, devraient apporter de la solidit\u00e9 au centre du terrain. Le minot <strong>Oliver Cowie<\/strong> aura aussi sa chance. Aux ailes, <strong>Gabin Villi\u00e8re<\/strong> et <strong>Ga\u00ebl Dr\u00e9an<\/strong> devraient avoir la faveur du staff varois. Mais certains \u00e9l\u00e9ments polyvalents, comme <strong>Setariki Tuicuvu<\/strong> (centre, arri\u00e8re, ailier) et la recrue <a href=\"https:\/\/dicodusport.fr\/blog\/transferts-brive-mathis-ferte-tout-proche-de-signer-en-top-14\/\" rel=\"nofollow noopener\" target=\"_blank\"><strong>Mathis Fert\u00e9<\/strong><\/a> (arri\u00e8re, ailier, demi de m\u00eal\u00e9e) pourraient bousculer la hi\u00e9rarchie. \u00c0 l\u2019arri\u00e8re, <strong>Melvyn Jaminet<\/strong> et <strong>Marius Domon<\/strong> se partageront le poste.<\/p>\n<p>\n<a href=\"https:\/\/dicodusport.fr\/blog\/offres\/abonnements-sans-pub\/\" rel=\"nofollow noopener\" target=\"_blank\"><img loading=\"lazy\" decoding=\"async\" class=\"alignnone size-full wp-image-501284 perfmatters-lazy\" alt=\"\" width=\"1200\" height=\"200\" src=\"https:\/\/www.europesays.com\/fr\/wp-content\/uploads\/2025\/04\/Abonnements-sans-pubs-Dicodusport.png\"\/><\/a><br \/><a href=\"https:\/\/dicodusport.fr\/blog\/offres\/abonnements-sans-pub\/\" rel=\"nofollow noopener\" target=\"_blank\"><img loading=\"lazy\" decoding=\"async\" class=\"alignnone size-full wp-image-501296 perfmatters-lazy\" alt=\"\" width=\"400\" height=\"400\" src=\"https:\/\/www.europesays.com\/fr\/wp-content\/uploads\/2025\/04\/Abonnements-sans-pubs-Dicodusport-mobile.png\"\/><\/a><\/p>\n<p><a href=\"https:\/\/dicodusport.fr\/blog\/asm-clermont-quel-xv-type-et-quelle-rotation-pour-la-saison-2025-2026\/\" class=\"vlp-link\" title=\"ASM Clermont : Quel XV type et quelle rotation pour la saison 2025-2026 ?\" rel=\"nofollow noopener\" target=\"_blank\"><img loading=\"lazy\" decoding=\"async\" style=\"max-width: 792px;\" width=\"792\" height=\"445\" class=\"attachment-800x445 size-800x445 perfmatters-lazy\" alt=\"ASM Clermont Quel XV type et quelle rotation pour la saison 2025-2026\" src=\"https:\/\/www.europesays.com\/fr\/wp-content\/uploads\/2025\/07\/ASM-Clermont-Quel-XV-type-et-quelle-rotation-pour-la-saison-2025-2026-.png\"  data-\/><\/p>\n<p>ASM Clermont : Quel XV type et quelle rotation pour la saison 2025-2026 ?<\/p>\n<p>D\u00e9couvrez le XV type de l\u2019ASM Clermont pour la saison 2025\u20132026, les recrues, les d\u00e9parts et les options de rotation poste par poste.<\/p>\n<p>Lire l&rsquo;article<\/p>\n<p>dicodusport.fr<\/p>\n<p>Vers une saison ambitieuse<\/p>\n<p style=\"text-align: justify;\">Cette profondeur d\u2019effectif devrait permettre \u00e0 <strong>Toulon<\/strong> de g\u00e9rer efficacement le turn-over et d\u2019aborder sereinement le <strong>Top 14<\/strong> et la <strong>Champions Cup<\/strong>. Sur le papier, le m\u00e9lange entre jeunesse et exp\u00e9rience offre un \u00e9quilibre propice \u00e0 la performance. Le d\u00e9fi sera d\u00e9sormais de trouver la coh\u00e9sion n\u00e9cessaire sur le terrain, pour faire fonctionner cet effectif \u00e9toff\u00e9 et maintenir une intensit\u00e9 constante tout au long de la saison.<\/p>\n<p>Le XV type probable du RC Toulon<\/p>\n<p style=\"text-align: center;\">1. Gros \u2013 2. Baubigny \u2013 3. Sinckler<br \/>4. Halagahu \u2013 5. Ribbans<br \/>6\u202f. Ludlam \u2013 8. Mercer \u2013 7. Tuifua<br \/>9. Serin \u2013 10. Garcia<br \/>11. Villi\u00e8re \u2013 12. Brex \u2013 13. Sinzelle \u2013 14. Dr\u00e9an<br \/>15. Jaminet<\/p>\n<p style=\"text-align: justify;\"><strong>PS : Il s\u2019agit d\u2019un XV type, et non d\u2019une composition d\u2019\u00e9quipe. Les quotas JIFF ne sont pas pris en compte ici.<\/strong><\/p>\n","protected":false},"excerpt":{"rendered":"TOP 14 \u2013 Pour la saison 2025-2026, Toulon devrait s\u2019appuyer sur un XV type solide et une rotation&hellip;\n","protected":false},"author":2,"featured_media":240185,"comment_status":"","ping_status":"","sticky":false,"template":"","format":"standard","meta":{"footnotes":""},"categories":[9619],"tags":[1111,11,2113,1777,674,1011,27,12,882,8177,25,478,2310],"class_list":{"0":"post-240184","1":"post","2":"type-post","3":"status-publish","4":"format-standard","5":"has-post-thumbnail","7":"category-toulon","8":"tag-actu","9":"tag-actualites","10":"tag-breve","11":"tag-eu","12":"tag-europe","13":"tag-fr","14":"tag-france","15":"tag-news","16":"tag-provence-alpes-cote-dazur","17":"tag-rc-toulon","18":"tag-republique-francaise","19":"tag-top-14","20":"tag-toulon"},"share_on_mastodon":{"url":"https:\/\/pubeurope.com\/@fr\/114829351096594188","error":""},"_links":{"self":[{"href":"https:\/\/www.europesays.com\/fr\/wp-json\/wp\/v2\/posts\/240184","targetHints":{"allow":["GET"]}}],"collection":[{"href":"https:\/\/www.europesays.com\/fr\/wp-json\/wp\/v2\/posts"}],"about":[{"href":"https:\/\/www.europesays.com\/fr\/wp-json\/wp\/v2\/types\/post"}],"author":[{"embeddable":true,"href":"https:\/\/www.europesays.com\/fr\/wp-json\/wp\/v2\/users\/2"}],"replies":[{"embeddable":true,"href":"https:\/\/www.europesays.com\/fr\/wp-json\/wp\/v2\/comments?post=240184"}],"version-history":[{"count":0,"href":"https:\/\/www.europesays.com\/fr\/wp-json\/wp\/v2\/posts\/240184\/revisions"}],"wp:featuredmedia":[{"embeddable":true,"href":"https:\/\/www.europesays.com\/fr\/wp-json\/wp\/v2\/media\/240185"}],"wp:attachment":[{"href":"https:\/\/www.europesays.com\/fr\/wp-json\/wp\/v2\/media?parent=240184"}],"wp:term":[{"taxonomy":"category","embeddable":true,"href":"https:\/\/www.europesays.com\/fr\/wp-json\/wp\/v2\/categories?post=240184"},{"taxonomy":"post_tag","embeddable":true,"href":"https:\/\/www.europesays.com\/fr\/wp-json\/wp\/v2\/tags?post=240184"}],"curies":[{"name":"wp","href":"https:\/\/api.w.org\/{rel}","templated":true}]}}