{"id":240198,"date":"2025-07-10T14:21:10","date_gmt":"2025-07-10T14:21:10","guid":{"rendered":"https:\/\/www.europesays.com\/fr\/240198\/"},"modified":"2025-07-10T14:21:10","modified_gmt":"2025-07-10T14:21:10","slug":"une-epaisse-fumee-visible-a-des-kilometres","status":"publish","type":"post","link":"https:\/\/www.europesays.com\/fr\/240198\/","title":{"rendered":"une \u00e9paisse fum\u00e9e visible \u00e0 des kilom\u00e8tres"},"content":{"rendered":"<p>            Par<br \/>\n        <strong><br \/>\n            <a href=\"https:\/\/actu.fr\/auteur\/redaction-jv\" title=\"Consulter tous les articles de R\u00e9daction Vitr\u00e9\" rel=\"nofollow noopener\" target=\"_blank\">R\u00e9daction Vitr\u00e9<\/a><br \/>\n        <\/strong><\/p>\n<p>        Publi\u00e9 le<\/p>\n<p>            10 juil. 2025 \u00e0 16h16        <\/p>\n<p>Une <b>\u00e9paisse fum\u00e9e<\/b> est visible \u00e0 plusieurs kilom\u00e8tres dans le secteur de Rennes (Ille-et-Vilaine), ce<b> jeudi 10\u00a0juillet<\/b> 2025.<\/p>\n<p class=\" wall-content\">Dans l\u2019apr\u00e8s-midi, un d\u00e9part de feu a \u00e9t\u00e9 signal\u00e9 \u00e0 <b>Domloup<\/b>, une commune situ\u00e9e au sud-est de la capitale bretonne.<\/p>\n<p>Un champ de bl\u00e9 de 10 hectares<\/p>\n<p class=\" wall-content\">Selon les informations du centre op\u00e9rationnel d\u00e9partemental d\u2019incendie et de secours (Codis), le feu est parti d\u2019un <b>champ de bl\u00e9 de 10 hectares<\/b> qui \u00e9tait en cours de <b>moisson<\/b>.<\/p>\n<p class=\" wall-content\">\u00c0 16\u2009h, les sapeurs-pompiers \u00e9taient sur place et aucune information n\u2019\u00e9tait communiqu\u00e9e au sujet de la surface br\u00fbl\u00e9e.<\/p>\n<p class=\" wall-content\">Plus d\u2019informations \u00e0 venir\u2026<\/p>\n<p class=\" wall-content\">Suivez toute l\u2019actualit\u00e9 de vos villes et m\u00e9dias favoris en vous inscrivant \u00e0 <a href=\"https:\/\/moncompte.actu.fr\" title=\"D\u00e9couvez Mon Actu\" rel=\"nofollow noopener\" data-trk=\"{&quot;cta&quot;:{&quot;action&quot;:&quot;https:\\\/\\\/moncompte.actu.fr&quot;,&quot;category&quot;:&quot;mon compte&quot;,&quot;from&quot;:&quot;article footer&quot;,&quot;name&quot;:&quot;Mon actu&quot;,&quot;type&quot;:&quot;cta&quot;}}\" target=\"_blank\">Mon Actu<\/a>.<\/p>\n","protected":false},"excerpt":{"rendered":"Par R\u00e9daction Vitr\u00e9 Publi\u00e9 le 10 juil. 2025 \u00e0 16h16 Une \u00e9paisse fum\u00e9e est visible \u00e0 plusieurs kilom\u00e8tres&hellip;\n","protected":false},"author":2,"featured_media":240199,"comment_status":"","ping_status":"","sticky":false,"template":"","format":"standard","meta":{"footnotes":""},"categories":[2821],"tags":[1111,11,829,1777,674,118,1011,27,1310,12,584,25],"class_list":{"0":"post-240198","1":"post","2":"type-post","3":"status-publish","4":"format-standard","5":"has-post-thumbnail","7":"category-rennes","8":"tag-actu","9":"tag-actualites","10":"tag-bretagne","11":"tag-eu","12":"tag-europe","13":"tag-faits-divers","14":"tag-fr","15":"tag-france","16":"tag-incendie","17":"tag-news","18":"tag-rennes","19":"tag-republique-francaise"},"share_on_mastodon":{"url":"https:\/\/pubeurope.com\/@fr\/114829386443882898","error":""},"_links":{"self":[{"href":"https:\/\/www.europesays.com\/fr\/wp-json\/wp\/v2\/posts\/240198","targetHints":{"allow":["GET"]}}],"collection":[{"href":"https:\/\/www.europesays.com\/fr\/wp-json\/wp\/v2\/posts"}],"about":[{"href":"https:\/\/www.europesays.com\/fr\/wp-json\/wp\/v2\/types\/post"}],"author":[{"embeddable":true,"href":"https:\/\/www.europesays.com\/fr\/wp-json\/wp\/v2\/users\/2"}],"replies":[{"embeddable":true,"href":"https:\/\/www.europesays.com\/fr\/wp-json\/wp\/v2\/comments?post=240198"}],"version-history":[{"count":0,"href":"https:\/\/www.europesays.com\/fr\/wp-json\/wp\/v2\/posts\/240198\/revisions"}],"wp:featuredmedia":[{"embeddable":true,"href":"https:\/\/www.europesays.com\/fr\/wp-json\/wp\/v2\/media\/240199"}],"wp:attachment":[{"href":"https:\/\/www.europesays.com\/fr\/wp-json\/wp\/v2\/media?parent=240198"}],"wp:term":[{"taxonomy":"category","embeddable":true,"href":"https:\/\/www.europesays.com\/fr\/wp-json\/wp\/v2\/categories?post=240198"},{"taxonomy":"post_tag","embeddable":true,"href":"https:\/\/www.europesays.com\/fr\/wp-json\/wp\/v2\/tags?post=240198"}],"curies":[{"name":"wp","href":"https:\/\/api.w.org\/{rel}","templated":true}]}}