{"id":240200,"date":"2025-07-10T14:22:10","date_gmt":"2025-07-10T14:22:10","guid":{"rendered":"https:\/\/www.europesays.com\/fr\/240200\/"},"modified":"2025-07-10T14:22:10","modified_gmt":"2025-07-10T14:22:10","slug":"strasbourg-harpe-et-percussions-bousculent-les-codes-de-la-musique-classique-a-saint-pierre-le-jeune","status":"publish","type":"post","link":"https:\/\/www.europesays.com\/fr\/240200\/","title":{"rendered":"Strasbourg. Harpe et percussions bousculent les codes de la musique classique \u00e0 Saint-Pierre-le-Jeune"},"content":{"rendered":"<p>La harpiste Pauline Haas et ses complices Fran\u00e7ois Hagenmuller et Mathias Romang aux percussions, proposeront, lors d\u2019un concert intitul\u00e9 De cordes et lames \u00e0 Saint-Pierre-le-Jeune protestant, de bousculer les codes de la musique classique. Du c\u00f4t\u00e9 du programme, ils interpr\u00e9teront des \u0153uvres ayant pour fil rouge d\u2019avoir \u00e9t\u00e9 inspir\u00e9es \u00e0 leur compositeur par la musique populaire.<\/p>\n<p>On pourra appr\u00e9cier les \u00ab\u00a0carnets de voyages\u00a0\u00bb de Berio, m\u00e9lodies glan\u00e9es au hasard, le regard p\u00e9n\u00e9trant de Ravel sur les \u00e9ternelles \u00e9nigmes laiss\u00e9es par la mort et l\u2019alchimie savante des rythmes am\u00e9rindiens et des harmonies modernes chez Piazolla et Marquez.<\/p>\n<p>  Voyage \u00e0 travers diff\u00e9rentes m\u00e9lodies du monde<\/p>\n<p>C\u2019est une nouvelle lecture de ces chefs-d\u2019\u0153uvre que propose <a href=\"https:\/\/www.dna.fr\/culture-loisirs\/2024\/12\/24\/une-promesse-de-voyage-musical-tenue\" target=\"_blank\" rel=\"nofollow noopener\">le trio insolite de harpe et percussions<\/a> o\u00f9 la voix vient unifier l\u2019ensemble. Le programme se d\u00e9roule tel un voyage initiatique \u00e0 travers diff\u00e9rentes cultures et m\u00e9lodies du monde.<\/p>\n<p>Pauline Haas est la seule fran\u00e7aise 1er\u00a0 prix du concours international Lily Laskine, alors qu\u2019elle n\u2019avait que 13 ans. Elle a \u00e9galement \u00e9t\u00e9 <a href=\"https:\/\/www.dna.fr\/loisirs\/2012\/02\/21\/une-petite-victoire\" target=\"_blank\" rel=\"nofollow noopener\">nomm\u00e9e aux Victoires de la musique classique 2012<\/a> dans la cat\u00e9gorie R\u00e9v\u00e9lation soliste instrumental.<\/p>\n<p>Sa curiosit\u00e9 l\u2019am\u00e8ne \u00e0 d\u00e9couvrir un vaste r\u00e9pertoire allant de la musique ancienne \u00e0 la cr\u00e9ation contemporaine, mais \u00e9galement \u00e0 cr\u00e9er elle-m\u00eame de nombreuses transcriptions et compositions repoussant les limites de la harpe.<\/p>\n<p>Apr\u00e8s l\u2019obtention de ses dipl\u00f4mes de musique de chambre et de percussion au conservatoire de Strasbourg, Fran\u00e7ois Hagenmuller poursuit ses \u00e9tudes sup\u00e9rieures de musique \u00e0 la Haute \u00e9cole des arts du Rhin (HEAR) jusqu\u2019\u00e0 l\u2019obtention en 2015 du Dipl\u00f4me national sup\u00e9rieur de musicien professionnel (DNSPM).<\/p>\n<p>Passionn\u00e9 de jazz, il \u00e9tudie ce style musical avec Pascal Schumacher au conservatoire de la ville de Luxembourg. Il est membre fondateur du Baka Lab\u2019 (ensemble de percussion) et du groupe Klezmhear (musique du monde).<\/p>\n<p>N\u00e9 en 1990, Mathias Romang d\u00e9marre la musique \u00e0 l\u2019\u00e2ge de quatre ans par le piano et la batterie. Apr\u00e8s un passage au Conservatoire de Strasbourg, il se perfectionne \u00e0 la Haute \u00e9cole des arts du Rhin (HEAR).<\/p>\n<p>Passionn\u00e9 d\u2019orchestre et de musique de chambre, Mathias Romang se produit r\u00e9guli\u00e8rement avec des ensembles tels que l\u2019Orchestre philharmonique de Strasbourg ou l\u2019Orchestre philharmonique royal de Li\u00e8ge, et co-fonde en 2011 le groupe de percussions Baka Trio.<\/p>\n<p class=\"note\">Concert De cordes et lames , ce vendredi 11\u00a0juillet \u00e0 20\u00a0h, dans la nef puis le clo\u00eetre de l\u2019\u00e9glise coll\u00e9giale Saint-Pierre-le-Jeune, place du m\u00eame nom. En amont \u00e0 18\u00a0h\u00a030, R\u00e9my Kick proposera une visite guid\u00e9e centr\u00e9e sur le jub\u00e9 de l\u2019\u00e9glise. Entr\u00e9e libre, plateau pour chacun des \u00e9v\u00e9nements.<\/p>\n","protected":false},"excerpt":{"rendered":"La harpiste Pauline Haas et ses complices Fran\u00e7ois Hagenmuller et Mathias Romang aux percussions, proposeront, lors d\u2019un concert&hellip;\n","protected":false},"author":2,"featured_media":240201,"comment_status":"","ping_status":"","sticky":false,"template":"","format":"standard","meta":{"footnotes":""},"categories":[2820],"tags":[1111,11,1687,2880,1777,674,107,1011,27,775,873,12,25,640,2879],"class_list":{"0":"post-240200","1":"post","2":"type-post","3":"status-publish","4":"format-standard","5":"has-post-thumbnail","7":"category-strasbourg","8":"tag-actu","9":"tag-actualites","10":"tag-culture-loisirs","11":"tag-edition-strasbourg","12":"tag-eu","13":"tag-europe","14":"tag-fil-info","15":"tag-fr","16":"tag-france","17":"tag-grand-est","18":"tag-musique","19":"tag-news","20":"tag-republique-francaise","21":"tag-strasbourg","22":"tag-strasbourg-ville"},"share_on_mastodon":{"url":"https:\/\/pubeurope.com\/@fr\/114829390291749604","error":""},"_links":{"self":[{"href":"https:\/\/www.europesays.com\/fr\/wp-json\/wp\/v2\/posts\/240200","targetHints":{"allow":["GET"]}}],"collection":[{"href":"https:\/\/www.europesays.com\/fr\/wp-json\/wp\/v2\/posts"}],"about":[{"href":"https:\/\/www.europesays.com\/fr\/wp-json\/wp\/v2\/types\/post"}],"author":[{"embeddable":true,"href":"https:\/\/www.europesays.com\/fr\/wp-json\/wp\/v2\/users\/2"}],"replies":[{"embeddable":true,"href":"https:\/\/www.europesays.com\/fr\/wp-json\/wp\/v2\/comments?post=240200"}],"version-history":[{"count":0,"href":"https:\/\/www.europesays.com\/fr\/wp-json\/wp\/v2\/posts\/240200\/revisions"}],"wp:featuredmedia":[{"embeddable":true,"href":"https:\/\/www.europesays.com\/fr\/wp-json\/wp\/v2\/media\/240201"}],"wp:attachment":[{"href":"https:\/\/www.europesays.com\/fr\/wp-json\/wp\/v2\/media?parent=240200"}],"wp:term":[{"taxonomy":"category","embeddable":true,"href":"https:\/\/www.europesays.com\/fr\/wp-json\/wp\/v2\/categories?post=240200"},{"taxonomy":"post_tag","embeddable":true,"href":"https:\/\/www.europesays.com\/fr\/wp-json\/wp\/v2\/tags?post=240200"}],"curies":[{"name":"wp","href":"https:\/\/api.w.org\/{rel}","templated":true}]}}