{"id":240220,"date":"2025-07-10T14:32:13","date_gmt":"2025-07-10T14:32:13","guid":{"rendered":"https:\/\/www.europesays.com\/fr\/240220\/"},"modified":"2025-07-10T14:32:13","modified_gmt":"2025-07-10T14:32:13","slug":"village-dete-2025-a-roubaix-un-ete-festif-et-gratuit-au-parc-des-sports","status":"publish","type":"post","link":"https:\/\/www.europesays.com\/fr\/240220\/","title":{"rendered":"Village d\u2019\u00e9t\u00e9 2025 \u00e0 Roubaix : un \u00e9t\u00e9 festif et gratuit au Parc des Sports"},"content":{"rendered":"<p data-start=\"2632\" data-end=\"3018\">Du lundi au vendredi, des ateliers vari\u00e9s sont propos\u00e9s dans diff\u00e9rents endroits de Roubaix. De 14h \u00e0 17h, les familles peuvent participer \u00e0 des s\u00e9ances sportives dans le cadre du programme \u201cBougez en famille\u201d. Puis, de 15h \u00e0 17h, d\u2019autres ateliers th\u00e9matiques et sportives viennent enrichir l\u2019exp\u00e9rience : d\u00e9couvertes scientifiques, jeux de culture g\u00e9n\u00e9rale, activit\u00e9s musicales ou encore rencontres autour de la nature.<\/p>\n<p data-start=\"3020\" data-end=\"3433\">Les week-ends prennent une dimension encore plus festive. Chaque samedi apr\u00e8s-midi, une boom anim\u00e9e par un DJ fait danser les enfants d\u00e8s 15h. La journ\u00e9e se poursuit avec une soir\u00e9e \u00e0 th\u00e8me, tant\u00f4t karaok\u00e9, tant\u00f4t concert, qui prolonge la magie jusqu\u2019\u00e0 23h. Le dimanche, l\u2019ambiance musicale reste de mise avec un concert live organis\u00e9 de 17h \u00e0 19h, id\u00e9al pour terminer la semaine sur une note joyeuse et d\u00e9tendue.<\/p>\n<p data-start=\"3435\" data-end=\"3690\">Le <a href=\"https:\/\/www.ville-roubaix.fr\/agenda\/piscine-ephemere-7762197\" target=\"_blank\" rel=\"noopener\">bassin d\u2019apprentissage \u00e9ph\u00e9m\u00e8re<\/a> vient compl\u00e9ter l\u2019offre d\u2019activit\u00e9s. Il permet aux enfants de se familiariser avec l\u2019eau dans un cadre s\u00e9curis\u00e9 et ludique, tout en profitant d\u2019un moment de fra\u00eecheur en plein \u00e9t\u00e9.<\/p>\n<p data-start=\"3692\" data-end=\"3968\">Au-del\u00e0 des jeux, des animations et des spectacles, le Village d\u2019\u00e9t\u00e9 est avant tout un lieu de partage et de joie. Que l\u2019on vienne pour s\u2019amuser, se d\u00e9tendre ou simplement passer un bon moment ensemble, chacun y trouve sa place dans une ambiance accueillante et bienveillante.<\/p>\n","protected":false},"excerpt":{"rendered":"Du lundi au vendredi, des ateliers vari\u00e9s sont propos\u00e9s dans diff\u00e9rents endroits de Roubaix. De 14h \u00e0 17h,&hellip;\n","protected":false},"author":2,"featured_media":240221,"comment_status":"","ping_status":"","sticky":false,"template":"","format":"standard","meta":{"footnotes":""},"categories":[2815],"tags":[9835,1111,11,1777,674,1011,27,811,37980,1307,12,37981,37982,25,37983],"class_list":{"0":"post-240220","1":"post","2":"type-post","3":"status-publish","4":"format-standard","5":"has-post-thumbnail","7":"category-lille","8":"tag-activites","9":"tag-actu","10":"tag-actualites","11":"tag-eu","12":"tag-europe","13":"tag-fr","14":"tag-france","15":"tag-hauts-de-france","16":"tag-les-rendez-vous-de-lete","17":"tag-lille","18":"tag-news","19":"tag-parc-des-sports","20":"tag-piscine-ephemere","21":"tag-republique-francaise","22":"tag-village-ete"},"share_on_mastodon":{"url":"https:\/\/pubeurope.com\/@fr\/114829430047066606","error":""},"_links":{"self":[{"href":"https:\/\/www.europesays.com\/fr\/wp-json\/wp\/v2\/posts\/240220","targetHints":{"allow":["GET"]}}],"collection":[{"href":"https:\/\/www.europesays.com\/fr\/wp-json\/wp\/v2\/posts"}],"about":[{"href":"https:\/\/www.europesays.com\/fr\/wp-json\/wp\/v2\/types\/post"}],"author":[{"embeddable":true,"href":"https:\/\/www.europesays.com\/fr\/wp-json\/wp\/v2\/users\/2"}],"replies":[{"embeddable":true,"href":"https:\/\/www.europesays.com\/fr\/wp-json\/wp\/v2\/comments?post=240220"}],"version-history":[{"count":0,"href":"https:\/\/www.europesays.com\/fr\/wp-json\/wp\/v2\/posts\/240220\/revisions"}],"wp:featuredmedia":[{"embeddable":true,"href":"https:\/\/www.europesays.com\/fr\/wp-json\/wp\/v2\/media\/240221"}],"wp:attachment":[{"href":"https:\/\/www.europesays.com\/fr\/wp-json\/wp\/v2\/media?parent=240220"}],"wp:term":[{"taxonomy":"category","embeddable":true,"href":"https:\/\/www.europesays.com\/fr\/wp-json\/wp\/v2\/categories?post=240220"},{"taxonomy":"post_tag","embeddable":true,"href":"https:\/\/www.europesays.com\/fr\/wp-json\/wp\/v2\/tags?post=240220"}],"curies":[{"name":"wp","href":"https:\/\/api.w.org\/{rel}","templated":true}]}}