{"id":240222,"date":"2025-07-10T14:33:09","date_gmt":"2025-07-10T14:33:09","guid":{"rendered":"https:\/\/www.europesays.com\/fr\/240222\/"},"modified":"2025-07-10T14:33:09","modified_gmt":"2025-07-10T14:33:09","slug":"stars-et-concerts-gratuits-vers-lille-et-dans-le-nord","status":"publish","type":"post","link":"https:\/\/www.europesays.com\/fr\/240222\/","title":{"rendered":"stars et concerts gratuits vers Lille et dans le Nord"},"content":{"rendered":"<p>            Par<br \/>\n        <strong><br \/>\n            <a href=\"https:\/\/actu.fr\/auteur\/amandine-vachez\" title=\"Consulter tous les articles de Amandine Vachez\" rel=\"nofollow noopener\" target=\"_blank\">Amandine Vachez<\/a><br \/>\n        <\/strong><\/p>\n<p>        Publi\u00e9 le<\/p>\n<p>            10 juil. 2025 \u00e0 16h10        <\/p>\n<p>T\u00eates d\u2019affiche ou <a href=\"https:\/\/actu.fr\/loisirs-culture\/concert\" rel=\"nofollow noopener\" target=\"_blank\">concerts<\/a> th\u00e9matiques\u2009: les \u00e9v\u00e9nements sont aussi nombreux que vari\u00e9s, pour c\u00e9l\u00e9brer la F\u00eate nationale, dans la m\u00e9tropole de <a href=\"https:\/\/actu.fr\/lille\/\" rel=\"nofollow noopener\" target=\"_blank\">Lille<\/a> et dans le Nord. En plus du d\u00e9fil\u00e9 hommage traditionnel, de belles f\u00eates sont organis\u00e9es. On vous donne un aper\u00e7u du programme des <b>concerts et bals gratuits<\/b>, qui se cl\u00f4turent bien souvent par un <a href=\"https:\/\/actu.fr\/hauts-de-france\/lille_59350\/fete-nationale-ou-voir-des-feux-dartifice-a-lille-et-dans-le-nord-pour-le-14-juillet_62878323.html\" rel=\"nofollow noopener\" target=\"_blank\">feu d\u2019artifice<\/a>, pour\u00a0le <b>14-Juillet\u00a02025\u2009<\/b>!<\/p>\n<p>Assia, Willy Denzey, Patrick S\u00e9bastien et La Petite Culotte dans la m\u00e9tropole lilloise<\/p>\n<p class=\" wall-content\">Voici une s\u00e9lection du programme dans des villes de la m\u00e9tropole lilloise (il y en aura pour tous les go\u00fbts ou presque\u2009!) :<\/p>\n<ul class=\" wall-content\">\n<li><b>Haubourdin (et Loos)\u2009:<\/b> dimanche 13\u00a0juillet \u2013 parc du ch\u00e2teau de la Pierrette \u2013 d\u00e8s 20\u2009h\u200930, avec Logan Waeles, (nordiste dans \u00ab\u2009N\u2019oubliez pas les paroles\u2009\u00bb), la star des ann\u00e9es 80 Sloane et Vinc\u00e8 dit La petite Culotte. La soir\u00e9e se cl\u00f4turera avec un feu d\u2019artifice, pr\u00e9vu \u00e0 23\u2009h\u200915 \u2013 <a href=\"https:\/\/actu.fr\/hauts-de-france\/loos_59360\/haubourdin-un-chanteur-a-lenorme-tube-et-une-star-des-annees-80-en-concert-gratuit-dans-le-parc-dun-chateau_62858085.html\" rel=\"nofollow noopener\" target=\"_blank\">plus d\u2019infos<\/a>\u2009;<\/li>\n<li><b>Hellemmes\u2009:<\/b> lundi 14\u00a0juillet \u2013 place Hentg\u00e8s \u2013 concert d\u00e8s 19\u2009h, avec Stuck in Yesterday (rock) et un karaok\u00e9 g\u00e9ant, puis Imagination \u00e0 21\u2009h, avant un DJ set et show laser \u2013 <a href=\"https:\/\/actu.fr\/hauts-de-france\/lille_59350\/hellemmes-leur-tube-a-fait-le-tour-du-monde-un-groupe-star-des-annees-80-en-concert-gratuit-le-14-juillet_62627132.html\" rel=\"nofollow noopener\" target=\"_blank\">plus d\u2019infos<\/a>\u2009;<\/li>\n<li><b>La Madeleine\u2009:<\/b> dimanche 13\u00a0juillet \u2013 place des Fusill\u00e9s et D\u00e9port\u00e9s \u2013 d\u00e8s 20\u2009h\u200930 avec G\u00e9n\u00e9ration 2000, puis 4 stars de cette d\u00e9cennie\u2009: Assia, \u00c8ve Angeli, Indra\u00a0et\u00a0N\u00e2diya, avant un feu d\u2019artifice pr\u00e9vu \u00e0 23\u2009h \u2013<b> <\/b><a href=\"https:\/\/actu.fr\/hauts-de-france\/la-madeleine_59368\/concert-du-14-juillet-la-madeleine-voit-grand-avec-quatre-chanteuses-mythiques-des-annees-2000_62785611.html\" rel=\"nofollow noopener\" target=\"_blank\">plus d\u2019infos<\/a>\u2009;<\/li>\n<li><b>Lambersart\u2009: <\/b>lundi 14\u00a0juillet \u2013 plaine du Colys\u00e9e (sur les berges de la De\u00fble) \u2013 bal populaire de 22\u2009h \u00e0 minuit en cl\u00f4ture d\u2019une journ\u00e9e festive, avec un feu d\u2019artifice tir\u00e9 vers 23\u2009h \u2013 <a href=\"https:\/\/lambersart.fr\/decouvrez-le-programme-du-14-juillet-0\" rel=\"nofollow noopener\" target=\"_blank\">plus d\u2019infos<\/a>\u2009;<\/li>\n<li><b>Lille\u2009: <\/b>bals populaires dans les quartiers\u2009: bal du Faubourg (vendredi 11\u00a0juillet de 19\u2009h \u00e0 23\u2009h, 15 avenue Verhaeren\u2009; bal pop de Lille-Moulins (samedi 12\u00a0juillet de 14\u2009h \u00e0 22\u2009h\u200930, place Vanhoenacker\u2009; bal 4 Malik (samedi 12\u00a0juillet de 15\u2009h \u00e0 minuit, place Saint Charles \u00e0 Bois-Blancs) autour du th\u00e8me de la f\u00eate foraine\u2009; bal pop du Vieux-Lille (samedi 12\u00a0juillet de 18\u2009h \u00e0 2\u2009h, esplanade du Champ de Mars)\u2009; bal du Petit Maroc (samedi 12\u00a0juillet de 1\u00e8h \u00e0 minuit, parvis salle Mariotte) \u2013 <a href=\"https:\/\/www.lille.fr\/A-l-affiche\/Actualites\/Festivites-du-14-juillet-a-Lille\" rel=\"nofollow noopener\" target=\"_blank\">plus d\u2019infos<\/a>\u2009;<\/li>\n<li><b>Lomme\u2009:<\/b> lundi 14\u00a0juillet \u2013 Parc naturel urbain \u2013 d\u00e8s 20\u2009h\u200930 concert d\u2019un groupe tribute des Gipsy Kings, puis Julie Pietri, avant un feu d\u2019artifice \u00e0 23\u2009h \u2013 <a href=\"https:\/\/www.calameo.com\/read\/004801840b6a97e5af43a\" rel=\"nofollow noopener\" target=\"_blank\">plus d\u2019infos<\/a>\u2009;<\/li>\n<li><b>Lys-lez-Lannoy\u2009:<\/b> lundi 14\u00a0juillet \u2013 espace culturel Agora-Maurice Codron \u2013 d\u00e8s 18\u2009h\u200930 DJ Amaury, puis concerts \u00e0 partir de 20\u2009h, avec\u2009: Quentin Goncalv\u00e8s (ann\u00e9es 80 \u00e0 2000), puis Assia et Willy Denzey, avant un feu d\u2019artifice \u00e0 23\u2009h (ferme du Gauquier) \u2013 <a href=\"https:\/\/lyslezlannoy.fr\/agenda\/fete-nationale\/\" rel=\"nofollow noopener\" target=\"_blank\">plus d\u2019infos<\/a>\u2009;<\/li>\n<li><b>Marcq-en-Bar\u0153ul\u2009: <\/b>dimanche 13\u00a0juillet \u2013 Hippodrome \u2013 d\u00e8s 18\u2009h\u200930 avec Timoth\u00e9 Milton, Colt et J\u00e9r\u00e9my Fr\u00e9rot, avant un feu d\u2019artifice tir\u00e9 \u00e0 23\u2009h \u2013 <a href=\"https:\/\/actu.fr\/hauts-de-france\/marcq-en-baroeul_59378\/marcq-en-baroeul-voici-la-star-francaise-qui-sera-en-concert-gratuit-pour-les-fetes-du-14-juillet_62779244.html\" rel=\"nofollow noopener\" target=\"_blank\">plus d\u2019infos<\/a>\u2009;<\/li>\n<li><b>Mons-en-Bar\u0153ul\u2009: <\/b>dimanche 13\u00a0juillet \u2013 \u00e9co-parc du Baroeul \u2013 soir\u00e9e musicale d\u00e8s 18\u2009h\u200930 sur la th\u00e9matique \u00ab\u2009Fiesta\u2009\u00bb, avec de la musique (batucada), des jongleurs de feu et\u2026 un barbecue\u2009! Un feu d\u2019artifice est pr\u00e9vu en cl\u00f4ture \u2013 <a href=\"https:\/\/www.monsenbaroeul.fr\/agenda\/soiree-musicale-et-pyrotechnique-du-13-juillet\" rel=\"nofollow noopener\" target=\"_blank\">plus d\u2019infos<\/a>\u2009;<\/li>\n<li><b>Roncq\u2009: <\/b>lundi 14\u00a0juillet \u2013 parking de La Source \u2013 village de food-trucks et buvette associative d\u00e8s 18\u2009h\u200930, d\u00e9but des concerts \u00e0 21\u2009h avec des titres musicaux s\u00e9lectionn\u00e9s en amont par les habitants, un feu d\u2019artifice est pr\u00e9vu \u00e0 23\u2009h \u2013 <a href=\"https:\/\/www.roncq.fr\/actualite\/actualites?view=article&amp;id=13732&amp;catid=52\" rel=\"nofollow noopener\" target=\"_blank\">plus d\u2019infos<\/a>\u2009;<\/li>\n<li><b>Seclin\u2009: <\/b>samedi 12\u00a0juillet \u2013 Dr\u00e8ve de l\u2019h\u00f4pital (face \u00e0 l\u2019H\u00f4tel de Ville) \u2013 \u00ab\u2009Summer night\u2009\u00bb, avec plusieurs DJ d\u00e8s 18\u2009h\u2009: Paul Tomen, gagnant du \u00ab\u2009contest DJ Seclinois\u2009\u00bb, Adrian Verda, Gregor Salto, Siks puis, apr\u00e8s le feu d\u2019artifice (vers 23\u2009h), Waterm\u00e4t \u2013 <a href=\"https:\/\/www.calameo.com\/read\/007299534aa984e7a77ca\" rel=\"nofollow noopener\" target=\"_blank\">plus d\u2019infos<\/a>\u2009;<\/li>\n<li><b>Tourcoing\u2009: <\/b>dimanche 13\u00a0juillet \u2013 Grand-Place \u2013 apr\u00e8s des d\u00e9ambulations musicales depuis Tourcoing plage, quai de Bordeaux, un concert est pr\u00e9vu d\u00e8s 20\u2009h Grand-Place (pas d\u2019infos sur la programmation), avant un spectacle pyrotechnique \u00e0 23\u2009h, parvis Saint-Christophe \u2013 <a href=\"https:\/\/www.tourcoing.fr\/Actualites\/Fete-Nationale-du-14-juillet\" rel=\"nofollow noopener\" target=\"_blank\">plus d\u2019infos<\/a>\u2009;<\/li>\n<li><b>Wattrelos\u2009: <\/b>lundi 14\u00a0juillet \u2013 plaine Jean Broquet au parc du Lion \u2013 d\u00e8s 15\u2009h\u200930, s\u00e9rie de concerts avec Patrick S\u00e9bastien, Jos\u00e9 Va\u00e9 (sosie de Christophe Ma\u00e9) et Les Latinos Lovers \u2013 <a href=\"https:\/\/actu.fr\/hauts-de-france\/wattrelos_59650\/wattrelos-concert-gratuit-cette-star-de-la-tele-connue-pour-ses-tubes-festifs-au-parc-du-lion-le-14-juillet_62856359.html\" rel=\"nofollow noopener\" target=\"_blank\">plus d\u2019infos<\/a>.<\/li>\n<\/ul>\n<p>Kendji, Gims, Francky Vincent et Stars 80 dans le Nord<\/p>\n<p class=\" wall-content\">Voici les gros concerts pr\u00e9vus cette ann\u00e9e, ailleurs dans le Nord\u2009:<\/p>\n<ul class=\" wall-content\">\n<li><b>Hergnies\u2009: <\/b>lundi 14\u00a0juillet \u2013 place de la R\u00e9publique \u2013 d\u00e8s 20\u2009h\u200930 concert \u00ab\u2009back to the hits\u2009\u00bb, des ann\u00e9es 1970 \u00e0 aujourd\u2019hui, avec Francky Vincent notamment et avant un feu d\u2019artifice \u00e0 23\u2009h\u200930 \u2013 <a href=\"https:\/\/www.hergnies.fr\/\" rel=\"nofollow noopener\" target=\"_blank\">plus d\u2019infos<\/a>\u2009;<\/li>\n<li><b>Valenciennes\u2009: <\/b>lundi 14\u00a0juillet (apr\u00e8s le concert) \u2013 parking Lacuzon \u2013 Gims et, en premi\u00e8re partie d\u00e8s 19\u2009h des artistes locaux montants\u2009: Siena, Sleyfa, Malik et Emira \u2013\u00a0<a href=\"https:\/\/actu.fr\/hauts-de-france\/valenciennes_59606\/valenciennes-cet-artiste-aux-millions-dalbums-vendus-sera-en-concert-gratuit-le-14-juillet_62773898.html\" rel=\"nofollow noopener\" target=\"_blank\">plus d\u2019infos<\/a>\u2009;<\/li>\n<li><b>Vieux-Cond\u00e9\u2009: <\/b>dimanche 13\u00a0juillet \u2013 place de la R\u00e9publique \u2013 Kendji Girac, apr\u00e8s Ak Capa et Tracy, et avant un spectacle pyrotechnique pr\u00e9vu \u00e0 23\u2009h\u200930 (berges de l\u2019Escaut) \u2013 <a href=\"https:\/\/www.facebook.com\/villevieuxconde\" rel=\"nofollow noopener\" target=\"_blank\">plus d\u2019infos<\/a>\u2009;<\/li>\n<li><b>Wallers-Arenberg\u2009:<\/b> dimanche 13\u00a0juillet \u2013 site minier \u2013 concert d\u00e8s 20\u2009h, avec Limonade, puis Stars 80 (avec William de D\u00e9but de Soir\u00e9e, Patrick Hernandez, Cookie Dingler et Jean-Pierre Mader), puis DJ Ciss\u00e9 et Sloane \u2013 <a href=\"https:\/\/www.wallers-arenberg.fr\/mairie\/quoi-de-neuf\/nouvelles\/2025-juin\/6151-festivites-de-la-fete-nationale\" rel=\"nofollow noopener\" target=\"_blank\">plus d\u2019infos<\/a>.<\/li>\n<\/ul>\n<p>Vid\u00e9os : en ce moment sur Actu<\/p>\n<p class=\" wall-content\">Une belle \u00e9dition de la F\u00eate nationale en perspective\u2009!<\/p>\n<p class=\" wall-content\">Suivez toute l\u2019actualit\u00e9 de vos villes et m\u00e9dias favoris en vous inscrivant \u00e0 <a href=\"https:\/\/moncompte.actu.fr\" title=\"D\u00e9couvez Mon Actu\" rel=\"nofollow noopener\" data-trk=\"{&quot;cta&quot;:{&quot;action&quot;:&quot;https:\\\/\\\/moncompte.actu.fr&quot;,&quot;category&quot;:&quot;mon compte&quot;,&quot;from&quot;:&quot;article footer&quot;,&quot;name&quot;:&quot;Mon actu&quot;,&quot;type&quot;:&quot;cta&quot;}}\" target=\"_blank\">Mon Actu<\/a>.<\/p>\n","protected":false},"excerpt":{"rendered":"Par Amandine Vachez Publi\u00e9 le 10 juil. 2025 \u00e0 16h10 T\u00eates d\u2019affiche ou concerts th\u00e9matiques\u2009: les \u00e9v\u00e9nements sont&hellip;\n","protected":false},"author":2,"featured_media":240223,"comment_status":"","ping_status":"","sticky":false,"template":"","format":"standard","meta":{"footnotes":""},"categories":[2815],"tags":[1111,11,1697,1777,674,1011,27,811,1307,1652,12,25],"class_list":{"0":"post-240222","1":"post","2":"type-post","3":"status-publish","4":"format-standard","5":"has-post-thumbnail","7":"category-lille","8":"tag-actu","9":"tag-actualites","10":"tag-concert","11":"tag-eu","12":"tag-europe","13":"tag-fr","14":"tag-france","15":"tag-hauts-de-france","16":"tag-lille","17":"tag-loisirs-culture","18":"tag-news","19":"tag-republique-francaise"},"share_on_mastodon":{"url":"https:\/\/pubeurope.com\/@fr\/114829433446894918","error":""},"_links":{"self":[{"href":"https:\/\/www.europesays.com\/fr\/wp-json\/wp\/v2\/posts\/240222","targetHints":{"allow":["GET"]}}],"collection":[{"href":"https:\/\/www.europesays.com\/fr\/wp-json\/wp\/v2\/posts"}],"about":[{"href":"https:\/\/www.europesays.com\/fr\/wp-json\/wp\/v2\/types\/post"}],"author":[{"embeddable":true,"href":"https:\/\/www.europesays.com\/fr\/wp-json\/wp\/v2\/users\/2"}],"replies":[{"embeddable":true,"href":"https:\/\/www.europesays.com\/fr\/wp-json\/wp\/v2\/comments?post=240222"}],"version-history":[{"count":0,"href":"https:\/\/www.europesays.com\/fr\/wp-json\/wp\/v2\/posts\/240222\/revisions"}],"wp:featuredmedia":[{"embeddable":true,"href":"https:\/\/www.europesays.com\/fr\/wp-json\/wp\/v2\/media\/240223"}],"wp:attachment":[{"href":"https:\/\/www.europesays.com\/fr\/wp-json\/wp\/v2\/media?parent=240222"}],"wp:term":[{"taxonomy":"category","embeddable":true,"href":"https:\/\/www.europesays.com\/fr\/wp-json\/wp\/v2\/categories?post=240222"},{"taxonomy":"post_tag","embeddable":true,"href":"https:\/\/www.europesays.com\/fr\/wp-json\/wp\/v2\/tags?post=240222"}],"curies":[{"name":"wp","href":"https:\/\/api.w.org\/{rel}","templated":true}]}}