{"id":240228,"date":"2025-07-10T14:36:11","date_gmt":"2025-07-10T14:36:11","guid":{"rendered":"https:\/\/www.europesays.com\/fr\/240228\/"},"modified":"2025-07-10T14:36:11","modified_gmt":"2025-07-10T14:36:11","slug":"combien-de-fois-a-t-elle-vu-rouge-en-un-an","status":"publish","type":"post","link":"https:\/\/www.europesays.com\/fr\/240228\/","title":{"rendered":"combien de fois a-t-elle vu rouge en un an ?"},"content":{"rendered":"<p>Depuis le quartier de <a href=\"https:\/\/www.leprogres.fr\/p\/part-dieu-lyon\" target=\"_blank\" rel=\"noopener\">la Part-Dieu<\/a>, ses 200 m\u00e8tres dominent le ciel de l\u2019agglom\u00e9ration lyonnaise. Si elle n\u2019a pas le prestige symbolique et historique de sa voisine Crayon, la Tour Incity se fait une place dans le paysage.<\/p>\n<p>D\u2019autant que, depuis un an, une fois la p\u00e9nombre venue, elle se pare de couleurs. Un artifice sans coquetterie : la Tour in city prend chaque soir les tons de l\u2019indice Atmo.<\/p>\n<p>  Plus de 150 jours d\u2019air d\u00e9grad\u00e9s \u00e0 tr\u00e8s mauvais<\/p>\n<p>Cet indice est calcul\u00e9 par Atmo Auvergne-Rh\u00f4ne Alpes. Il indique la qualit\u00e9 de l\u2019air dans la M\u00e9tropole lyonnaise pr\u00e9vue le lendemain selon plusieurs param\u00e8tres dont les concentrations d\u2019ozone, dioxyde de soufre et particules fines\u2026<\/p>\n<p>Le dispositif \u00ab Incity \u00bb a, pour atout d\u2019\u00eatre un outil visible et didactique de sensibilisation au sujet de qualit\u00e9 de l\u2019air. Lors de son lancement, certains craignaient toutefois qu\u2019ils puissent se transformer en un \u00e9tendard anxiog\u00e8ne de sa d\u00e9gradation.<\/p>\n<p>\u00ab Les faits permettent de <a href=\"https:\/\/www.leprogres.fr\/environnement\/2024\/09\/14\/pollution-dans-le-sud-est-lyonnais-la-qualite-de-l-air-s-ameliore\" target=\"_blank\" rel=\"noopener\">nuancer ces inqui\u00e9tudes<\/a> : la r\u00e9partition des couleurs sur l\u2019ann\u00e9e montre un bilan globalement positif. Les donn\u00e9es scientifiques d\u2019Atmo confirment une diversit\u00e9 des niveaux de qualit\u00e9 de l\u2019air, loin de l\u2019image d\u2019un rouge omnipr\u00e9sent \u00bb temp\u00e8re Atmo ce 10 juillet. Ainsi, selon Atmo, ce signe de qualit\u00e9 de l\u2019air tr\u00e8s mauvaise ne serait apparu que cinq fois en un an et le violet, synonyme d\u2019extr\u00eamement mauvaise, aucune\u2026<\/p>\n<p>  40 000 d\u00e9c\u00e8s pr\u00e9matur\u00e9s en France<\/p>\n<p>Alors que la technologie r\u00e9duit les \u00e9missions de pollution des v\u00e9hicules et <a href=\"https:\/\/www.leprogres.fr\/environnement\/2025\/05\/29\/qualite-de-l-air-avec-la-suppression-de-la-zfe-l-angoisse-de-la-page-blanche\" target=\"_blank\" rel=\"noopener\">que la ZFE a poursuivi son d\u00e9veloppement<\/a> , le bilan n\u2019en devient pas tout rose pour autant. L\u2019indice a aussi marqu\u00e9 61 jours d\u2019air mauvais et 93 de d\u00e9grad\u00e9 soit plus de <a href=\"https:\/\/www.leprogres.fr\/environnement\/2025\/07\/01\/malgre-la-pluie-ce-lundi-soir-les-temperatures-extremes-de-retour-ce-mardi\" target=\"_blank\" rel=\"noopener\">150 jours d\u2019un air entre d\u00e9grad\u00e9 et tr\u00e8s mauvais.<\/a> Une proportion qui reste toutefois en de\u00e7\u00e0 des 206 jours au soir desquels le sommet de la tour in city s\u2019est drap\u00e9 de la couleur symbole d\u2019un air moyen : le vert\u2026 Une couleur notable pour se distinguer entre Rh\u00f4ne et Sa\u00f4ne\u2026<\/p>\n<p>Pour rappel, on estime que la pollution de l\u2019air engendre plus de 40 000 d\u00e9c\u00e8s pr\u00e9matur\u00e9s par an en France.<\/p>\n","protected":false},"excerpt":{"rendered":"Depuis le quartier de la Part-Dieu, ses 200 m\u00e8tres dominent le ciel de l\u2019agglom\u00e9ration lyonnaise. Si elle n\u2019a&hellip;\n","protected":false},"author":2,"featured_media":240229,"comment_status":"","ping_status":"","sticky":false,"template":"","format":"standard","meta":{"footnotes":""},"categories":[1889],"tags":[1111,11,2430,3542,2757,436,1777,674,107,1011,27,2428,2756,12,1800,25,2429,2803],"class_list":{"0":"post-240228","1":"post","2":"type-post","3":"status-publish","4":"format-standard","5":"has-post-thumbnail","7":"category-lyon","8":"tag-actu","9":"tag-actualites","10":"tag-auvergne-rhone-alpes","11":"tag-circulation","12":"tag-edition-lyon-villeurbanne","13":"tag-environnement","14":"tag-eu","15":"tag-europe","16":"tag-fil-info","17":"tag-fr","18":"tag-france","19":"tag-lyon","20":"tag-lyon-bassin","21":"tag-news","22":"tag-pollution","23":"tag-republique-francaise","24":"tag-rhone","25":"tag-transport"},"share_on_mastodon":{"url":"https:\/\/pubeurope.com\/@fr\/114829445213212779","error":""},"_links":{"self":[{"href":"https:\/\/www.europesays.com\/fr\/wp-json\/wp\/v2\/posts\/240228","targetHints":{"allow":["GET"]}}],"collection":[{"href":"https:\/\/www.europesays.com\/fr\/wp-json\/wp\/v2\/posts"}],"about":[{"href":"https:\/\/www.europesays.com\/fr\/wp-json\/wp\/v2\/types\/post"}],"author":[{"embeddable":true,"href":"https:\/\/www.europesays.com\/fr\/wp-json\/wp\/v2\/users\/2"}],"replies":[{"embeddable":true,"href":"https:\/\/www.europesays.com\/fr\/wp-json\/wp\/v2\/comments?post=240228"}],"version-history":[{"count":0,"href":"https:\/\/www.europesays.com\/fr\/wp-json\/wp\/v2\/posts\/240228\/revisions"}],"wp:featuredmedia":[{"embeddable":true,"href":"https:\/\/www.europesays.com\/fr\/wp-json\/wp\/v2\/media\/240229"}],"wp:attachment":[{"href":"https:\/\/www.europesays.com\/fr\/wp-json\/wp\/v2\/media?parent=240228"}],"wp:term":[{"taxonomy":"category","embeddable":true,"href":"https:\/\/www.europesays.com\/fr\/wp-json\/wp\/v2\/categories?post=240228"},{"taxonomy":"post_tag","embeddable":true,"href":"https:\/\/www.europesays.com\/fr\/wp-json\/wp\/v2\/tags?post=240228"}],"curies":[{"name":"wp","href":"https:\/\/api.w.org\/{rel}","templated":true}]}}