{"id":240234,"date":"2025-07-10T14:39:09","date_gmt":"2025-07-10T14:39:09","guid":{"rendered":"https:\/\/www.europesays.com\/fr\/240234\/"},"modified":"2025-07-10T14:39:09","modified_gmt":"2025-07-10T14:39:09","slug":"lile-de-france-fete-le-theatre-top-depart-a-creteil","status":"publish","type":"post","link":"https:\/\/www.europesays.com\/fr\/240234\/","title":{"rendered":"L&rsquo;Ile-de-France f\u00eate le th\u00e9\u00e2tre\u00a0: top d\u00e9part \u00e0 Cr\u00e9teil"},"content":{"rendered":"<p>Du 11 juillet au 6 ao\u00fbt 2025, L\u2019\u00cele-de-France f\u00eate le th\u00e9\u00e2tre revient pour sa neuvi\u00e8me \u00e9dition. Quatre \u00eeles de loisirs de la r\u00e9gion : Cr\u00e9teil (94), Saint-Quentin-en-Yvelines (78), Port aux Cerises \u00e0 Draveil (91) et Cergy-Pontoise (95) vont accueillir le festival pour des spectacles tout public et des initiations pratiques au spectacle vivant. \u00c7a commence d\u00e8s le vendredi 11 juillet, \u00e0 la base de loisirs de Cr\u00e9teil.\u00a0<\/p>\n<p>Ce vendredi 11 juillet, plusieurs spectacles seront propos\u00e9s, \u00e0 partir de de 5 ans pour Manitou, conte sonore o\u00f9 deux artistes, Laetitia Troussel-Luber et Jos\u00e9phine Hurtut, viennent raconter des histoires et des r\u00eaveries, sur fond de musique \u00e9lectronique. \u00c0 partir de 8 ans, la pi\u00e8ce La Renarde, interpr\u00e9t\u00e9e par le Centre National Dramatique (CDN) des Tr\u00e9teaux de France, organisateur du festival, met en r\u00e9cit le voyage d\u2019un renard, devant trouver sa place au sein du monde moderne, et de ses infrastructures massives. Qui vive est la derni\u00e8re pi\u00e8ce de la Compagnie Adhok, tout public, qui met en sc\u00e8ne l\u2019acteur Patrick Dordoigne et l\u2019actrice Doriane Morteus, un homme et une femme qui se rem\u00e9morent leurs plus beaux souvenirs, pour se rappeler des liens que chaque instant de la vie permet.\u00a0<\/p>\n<p>La programmation du week-end est compl\u00e9t\u00e9e par deux temps forts : une chor\u00e9graphie participative de Mehdi Kerkouche, pr\u00e9sident du Centre Chor\u00e9graphique National (CCN) de Cr\u00e9teil, intitul\u00e9e La M\u00e9thode. D\u00e9mocratiser la danse pour tous, et par tous, est un de ces principaux d\u00e9fis, et la carte blanche donn\u00e9e au CCN de Cr\u00e9teil \u00e0 trois compagnies de danse va dans ce sens : r\u00e9inventer la danse comme un espace de libert\u00e9 et de bienveillance, le tout dans un cadre convivial.\u00a0<\/p>\n<p>Les pi\u00e8ces vont \u00eatre jou\u00e9es tout le long du festival, rejointes par d\u2019autres cr\u00e9ations et ateliers qui vont ponctuer cette \u00e9dition 2025.\u00a0<\/p>\n","protected":false},"excerpt":{"rendered":"Du 11 juillet au 6 ao\u00fbt 2025, L\u2019\u00cele-de-France f\u00eate le th\u00e9\u00e2tre revient pour sa neuvi\u00e8me \u00e9dition. Quatre \u00eeles&hellip;\n","protected":false},"author":2,"featured_media":240235,"comment_status":"","ping_status":"","sticky":false,"template":"","format":"standard","meta":{"footnotes":""},"categories":[1592],"tags":[1111,11,37988,37989,1697,14772,251,5972,1777,674,849,1011,27,326,662,37990,37991,873,12,626,37992,25,31629,853,1347],"class_list":{"0":"post-240234","1":"post","2":"type-post","3":"status-publish","4":"format-standard","5":"has-post-thumbnail","7":"category-ile-de-france","8":"tag-actu","9":"tag-actualites","10":"tag-base-de-loisirs-de-creteil","11":"tag-cergy-pontoise","12":"tag-concert","13":"tag-creteil","14":"tag-culture","15":"tag-danse","16":"tag-eu","17":"tag-europe","18":"tag-festival","19":"tag-fr","20":"tag-france","21":"tag-gratuit","22":"tag-ile-de-france","23":"tag-ile-de-france-fete-le-theatre","24":"tag-mehdi-kerkouche","25":"tag-musique","26":"tag-news","27":"tag-paris","28":"tag-port-aux-cerises","29":"tag-republique-francaise","30":"tag-saint-quentin-en-yvelines","31":"tag-spectacles","32":"tag-theatre"},"share_on_mastodon":{"url":"https:\/\/pubeurope.com\/@fr\/114829457125154829","error":""},"_links":{"self":[{"href":"https:\/\/www.europesays.com\/fr\/wp-json\/wp\/v2\/posts\/240234","targetHints":{"allow":["GET"]}}],"collection":[{"href":"https:\/\/www.europesays.com\/fr\/wp-json\/wp\/v2\/posts"}],"about":[{"href":"https:\/\/www.europesays.com\/fr\/wp-json\/wp\/v2\/types\/post"}],"author":[{"embeddable":true,"href":"https:\/\/www.europesays.com\/fr\/wp-json\/wp\/v2\/users\/2"}],"replies":[{"embeddable":true,"href":"https:\/\/www.europesays.com\/fr\/wp-json\/wp\/v2\/comments?post=240234"}],"version-history":[{"count":0,"href":"https:\/\/www.europesays.com\/fr\/wp-json\/wp\/v2\/posts\/240234\/revisions"}],"wp:featuredmedia":[{"embeddable":true,"href":"https:\/\/www.europesays.com\/fr\/wp-json\/wp\/v2\/media\/240235"}],"wp:attachment":[{"href":"https:\/\/www.europesays.com\/fr\/wp-json\/wp\/v2\/media?parent=240234"}],"wp:term":[{"taxonomy":"category","embeddable":true,"href":"https:\/\/www.europesays.com\/fr\/wp-json\/wp\/v2\/categories?post=240234"},{"taxonomy":"post_tag","embeddable":true,"href":"https:\/\/www.europesays.com\/fr\/wp-json\/wp\/v2\/tags?post=240234"}],"curies":[{"name":"wp","href":"https:\/\/api.w.org\/{rel}","templated":true}]}}