{"id":240238,"date":"2025-07-10T14:41:10","date_gmt":"2025-07-10T14:41:10","guid":{"rendered":"https:\/\/www.europesays.com\/fr\/240238\/"},"modified":"2025-07-10T14:41:10","modified_gmt":"2025-07-10T14:41:10","slug":"trahis-par-un-enregistrement-trois-policiers-de-la-brav-m-condamnes-pour-violences-sur-des-jeunes","status":"publish","type":"post","link":"https:\/\/www.europesays.com\/fr\/240238\/","title":{"rendered":"Trahis par un enregistrement, trois policiers de la Brav-M condamn\u00e9s pour violences sur des jeunes"},"content":{"rendered":"<p><strong>CONDAMNATION &#8211; Trois policiers d\u2019une brigade de la r\u00e9pression de l\u2019action violente motoris\u00e9e ont \u00e9t\u00e9 reconnus coupables de violences et menaces en marge d\u2019une manifestation \u00e0 Paris en mars\u00a02023<\/strong><\/p>\n<p>Trois policiers de la Brav-M, reconnus coupables de <a href=\"https:\/\/www.20minutes.fr\/monde\/violences\/?at_medium=RSS%20feed&amp;at_campaign=ynews&amp;utm_source=yahoo&amp;utm_medium=rss&amp;utm_campaign=news_feed&amp;utm_content=in_article_link\" rel=\"nofollow noopener\" target=\"_blank\" data-ylk=\"slk:violences;elm:context_link;itc:0;sec:content-canvas\" class=\"link \">violences<\/a> et menaces en marge d\u2019une <a href=\"https:\/\/www.20minutes.fr\/dossier\/manifestation?at_medium=RSS%20feed&amp;at_campaign=ynews&amp;utm_source=yahoo&amp;utm_medium=rss&amp;utm_campaign=news_feed&amp;utm_content=in_article_link\" rel=\"nofollow noopener\" target=\"_blank\" data-ylk=\"slk:manifestation;elm:context_link;itc:0;sec:content-canvas\" class=\"link \">manifestation<\/a> \u00e0 <a href=\"https:\/\/www.20minutes.fr\/paris\/?at_medium=RSS%20feed&amp;at_campaign=ynews&amp;utm_source=yahoo&amp;utm_medium=rss&amp;utm_campaign=news_feed&amp;utm_content=in_article_link\" rel=\"nofollow noopener\" target=\"_blank\" data-ylk=\"slk:Paris;elm:context_link;itc:0;sec:content-canvas\" class=\"link \">Paris<\/a> en mars\u00a02023, ont \u00e9t\u00e9 condamn\u00e9s jeudi \u00e0 Bobigny \u00e0 des peines allant jusqu\u2019\u00e0 un an de prison avec sursis. Elles ont \u00e9t\u00e9 assorties d\u2019interdictions temporaires d\u2019exercer.<\/p>\n<p>L\u2019agent qui avait port\u00e9 deux coups au visage d\u2019un jeune \u00e9tudiant tchadien, alors que ce dernier \u00e9tait interpell\u00e9, assis dos au mur, a \u00e9t\u00e9 condamn\u00e9 \u00e0 un an de prison avec sursis, deux ans d\u2019interdiction d\u2019exercer la profession de policier et \u00e0 une amende de 450 euros.<\/p>\n<p>Les peines ont \u00e9t\u00e9 plus s\u00e9v\u00e8res que les r\u00e9quisitions. En juin, \u00e0 l\u2019issue de deux journ\u00e9es d\u2019audience, le parquet n\u2019avait requis contre lui qu\u2019une peine de quatre mois de prison avec sursis et une interdiction d\u2019exercer pendant un an.<\/p>\n<p>\u00ab\u00a0Toi, je t\u2019aurais bien p\u00e9t\u00e9 les jambes\u00a0\u00bb<\/p>\n<p>Les faits jug\u00e9s remontent \u00e0 la nuit du 20\u00a0mars 2023, quand Paris \u00e9tait le th\u00e9\u00e2tre d\u2019un cort\u00e8ge sauvage, en marge du mouvement de contestation contre la r\u00e9forme des retraites. Ce soir-l\u00e0, sept jeunes, soup\u00e7onn\u00e9s d\u2019avoir pris part \u00e0 des d\u00e9gradations, sont interpell\u00e9s par une brigade de la r\u00e9pression de l\u2019action violente motoris\u00e9e (<a href=\"https:\/\/www.20minutes.fr\/societe\/brav\/?at_medium=RSS%20feed&amp;at_campaign=ynews&amp;utm_source=yahoo&amp;utm_medium=rss&amp;utm_campaign=news_feed&amp;utm_content=in_article_link\" rel=\"nofollow noopener\" target=\"_blank\" data-ylk=\"slk:Brav-M;elm:context_link;itc:0;sec:content-canvas\" class=\"link \">Brav-M<\/a>). L\u2019un d\u2019eux lance alors discr\u00e8tement un enregistrement des \u00e9changes avec les policiers.<\/p>\n<p>Le document audio &#8211; dont des extraits<a href=\"https:\/\/www.francebleu.fr\/infos\/societe\/toi-je-t-aurais-bien-pete-les-jambes-dans-un-enregistrement-des-policiers-brav-m-menacent-des-manifestants-5723640?at_medium=RSS%20feed&amp;at_campaign=ynews&amp;utm_source=yahoo&amp;utm_medium=rss&amp;utm_campaign=news_feed&amp;utm_content=in_article_link\" rel=\"nofollow noopener\" target=\"_blank\" data-ylk=\"slk:diffus\u00e9s dans les m\u00e9dias;elm:context_link;itc:0;sec:content-canvas\" class=\"link \"> diffus\u00e9s dans les m\u00e9dias<\/a> trois jours apr\u00e8s les faits avaient suscit\u00e9 un \u00e9moi jusqu\u2019au pr\u00e9fet de police de Paris &#8211; a permis \u00e0 la justice d\u2019attribuer gestes et propos aux policiers intervenant sur les lieux.<\/p>\n<p>\u00ab\u00a0Toi(&#8230;)<\/p>\n<p><a href=\"https:\/\/www.20minutes.fr\/justice\/4163048-20250710-paris-trahis-enregistrement-trois-policiers-brav-condamnes-violences-jeunes?at_medium=RSS%20feed&amp;at_campaign=ynews&amp;utm_source=yahoo&amp;utm_medium=rss&amp;utm_campaign=news_feed&amp;utm_content=read_more_link&quot;\" rel=\"nofollow noopener\" target=\"_blank\" data-ylk=\"slk:Lire la suite sur 20minutes;elm:context_link;itc:0;sec:content-canvas\" class=\"link \">Lire la suite sur 20minutes<\/a><\/p>\n<p>\u00c0 lire aussi :<br \/><a href=\"https:\/\/www.20minutes.fr\/justice\/4158180-20250612-paris-agents-brav-face-justice-violences-menaces?at_medium=RSS%20feed&amp;at_campaign=ynews&amp;utm_source=yahoo&amp;utm_medium=rss&amp;utm_campaign=news_feed&amp;utm_content=related_content_link\" rel=\"nofollow noopener\" target=\"_blank\" data-ylk=\"slk:Paris\u00a0: Des agents de la Brav-M face \u00e0 la justice pour des violences et des menaces;elm:context_link;itc:0;sec:content-canvas\" class=\"link \">Paris\u00a0: Des agents de la Brav-M face \u00e0 la justice pour des violences et des menaces<\/a><br \/><a href=\"https:\/\/www.20minutes.fr\/justice\/4118751-20241030-lyon-trois-policiers-reconnus-coupables-condamnes-violences-lors-intervention?at_medium=RSS%20feed&amp;at_campaign=ynews&amp;utm_source=yahoo&amp;utm_medium=rss&amp;utm_campaign=news_feed&amp;utm_content=related_content_link\" rel=\"nofollow noopener\" target=\"_blank\" data-ylk=\"slk:Lyon\u00a0: Trois policiers reconnus coupables et condamn\u00e9s pour des violences lors d\u2019une intervention;elm:context_link;itc:0;sec:content-canvas\" class=\"link \">Lyon\u00a0: Trois policiers reconnus coupables et condamn\u00e9s pour des violences lors d\u2019une intervention<\/a><\/p>\n","protected":false},"excerpt":{"rendered":"CONDAMNATION &#8211; Trois policiers d\u2019une brigade de la r\u00e9pression de l\u2019action violente motoris\u00e9e ont \u00e9t\u00e9 reconnus coupables de&hellip;\n","protected":false},"author":2,"featured_media":240239,"comment_status":"","ping_status":"","sticky":false,"template":"","format":"standard","meta":{"footnotes":""},"categories":[1888],"tags":[1111,1928,11,1927,1777,674,1011,27,25532,12,1926,626,1925,6890,11036,25,2949],"class_list":{"0":"post-240238","1":"post","2":"type-post","3":"status-publish","4":"format-standard","5":"has-post-thumbnail","7":"category-paris","8":"tag-actu","9":"tag-actu-paris","10":"tag-actualites","11":"tag-actualites-paris","12":"tag-eu","13":"tag-europe","14":"tag-fr","15":"tag-france","16":"tag-la-repression","17":"tag-news","18":"tag-news-paris","19":"tag-paris","20":"tag-paris-news","21":"tag-policiers","22":"tag-reforme-des-retraites","23":"tag-republique-francaise","24":"tag-violences"},"share_on_mastodon":{"url":"https:\/\/pubeurope.com\/@fr\/114829464901114893","error":""},"_links":{"self":[{"href":"https:\/\/www.europesays.com\/fr\/wp-json\/wp\/v2\/posts\/240238","targetHints":{"allow":["GET"]}}],"collection":[{"href":"https:\/\/www.europesays.com\/fr\/wp-json\/wp\/v2\/posts"}],"about":[{"href":"https:\/\/www.europesays.com\/fr\/wp-json\/wp\/v2\/types\/post"}],"author":[{"embeddable":true,"href":"https:\/\/www.europesays.com\/fr\/wp-json\/wp\/v2\/users\/2"}],"replies":[{"embeddable":true,"href":"https:\/\/www.europesays.com\/fr\/wp-json\/wp\/v2\/comments?post=240238"}],"version-history":[{"count":0,"href":"https:\/\/www.europesays.com\/fr\/wp-json\/wp\/v2\/posts\/240238\/revisions"}],"wp:featuredmedia":[{"embeddable":true,"href":"https:\/\/www.europesays.com\/fr\/wp-json\/wp\/v2\/media\/240239"}],"wp:attachment":[{"href":"https:\/\/www.europesays.com\/fr\/wp-json\/wp\/v2\/media?parent=240238"}],"wp:term":[{"taxonomy":"category","embeddable":true,"href":"https:\/\/www.europesays.com\/fr\/wp-json\/wp\/v2\/categories?post=240238"},{"taxonomy":"post_tag","embeddable":true,"href":"https:\/\/www.europesays.com\/fr\/wp-json\/wp\/v2\/tags?post=240238"}],"curies":[{"name":"wp","href":"https:\/\/api.w.org\/{rel}","templated":true}]}}