{"id":240251,"date":"2025-07-10T14:48:12","date_gmt":"2025-07-10T14:48:12","guid":{"rendered":"https:\/\/www.europesays.com\/fr\/240251\/"},"modified":"2025-07-10T14:48:12","modified_gmt":"2025-07-10T14:48:12","slug":"completement-incompatible-avec-les-faits-la-chine-rejette-les-accusations-allemandes-dattaque-au-laser-en-mer-rouge","status":"publish","type":"post","link":"https:\/\/www.europesays.com\/fr\/240251\/","title":{"rendered":"\u00ab\u00a0Compl\u00e8tement incompatible avec les faits\u00a0\u00bb\u00a0: la Chine rejette les accusations allemandes d\u2019attaque au laser en mer Rouge"},"content":{"rendered":"<p class=\"paragraph text_align_left lp-f-body-02\">Berlin accuse, P\u00e9kin d\u00e9ment. La Chine a contest\u00e9 mercredi avoir vis\u00e9 avec un laser un avion allemand en mer Rouge, jugeant ces all\u00e9gations \u00ab compl\u00e8tement incompatibles avec les faits \u00bb. \u00ab Les deux parties doivent adopter une attitude pragmatique, renforcer la communication en temps opportun et \u00e9viter les malentendus et les erreurs de calcul \u00bb, a d\u00e9clar\u00e9 la porte-parole du minist\u00e8re chinois des Affaires \u00e9trang\u00e8res, Mao Ning, en conf\u00e9rence de presse.<\/p>\n<p class=\"paragraph text_align_left lp-f-body-02\">Mardi, l\u2019Allemagne avait affirm\u00e9 qu\u2019un avion de son arm\u00e9e de l\u2019Air avait \u00e9t\u00e9 <a href=\"https:\/\/www.leparisien.fr\/international\/surveillance-en-mer-rouge-sans-raison-ni-contact-prealable-berlin-accuse-la-chine-davoir-vise-un-avion-allemand-avec-un-laser-08-07-2025-CQ5ZJ545UZB6FOACQCCH553Y2U.php\" target=\"_blank\" rel=\"noreferrer nofollow noopener\">pris pour cible le 2 juillet par un laser chinois en mer Rouge<\/a>. L\u2019ambassadeur de Chine \u00e0 Berlin a \u00e9t\u00e9 convoqu\u00e9 par le minist\u00e8re allemand des Affaires \u00e9trang\u00e8res.<\/p>\n<p class=\"paragraph text_align_left lp-f-body-02\">L\u2019avion allemand participait \u00e0 <a href=\"https:\/\/www.leparisien.fr\/international\/mer-rouge-quest-ce-que-la-mission-aspides-le-bouclier-protecteur-de-lue-contre-les-attaques-houthis-19-02-2024-PIFZT3CCNZDXRCKHAKSVGWPP4A.php\" target=\"_blank\" rel=\"noreferrer nofollow noopener\">l\u2019op\u00e9ration Aspides de l\u2019Union europ\u00e9enne<\/a>, pour prot\u00e9ger le trafic maritime contre les attaques des rebelles Houthis au Y\u00e9men. Il a \u00e9t\u00e9 vis\u00e9 \u00ab sans raison ni contact pr\u00e9alable \u00bb par un navire de guerre chinois lors d\u2019un vol de surveillance de routine, a pr\u00e9cis\u00e9 un porte-parole du minist\u00e8re allemand de la D\u00e9fense.<\/p>\n<p class=\"paragraph text_align_left lp-f-body-02\">En utilisant le laser, le navire chinois \u00ab a pris le risque de mettre en danger des personnes et du mat\u00e9riel \u00bb, a-t-il ajout\u00e9, sans pr\u00e9ciser la nature du laser utilis\u00e9.<\/p>\n<p>\u00ab Missions d\u2019escorte \u00bb<\/p>\n<p class=\"paragraph text_align_left lp-f-body-02\">Mao Ning a indiqu\u00e9 que les b\u00e2timents chinois effectuent des missions d\u2019escorte dans le golfe d\u2019Aden et dans les eaux somaliennes, \u00ab contribuant ainsi \u00e0 la s\u00e9curit\u00e9 des voies de navigation internationales \u00bb.<\/p>\n<p class=\"paragraph text_align_left lp-f-body-02\">La Chine a d\u00e9j\u00e0 \u00e9t\u00e9 mise en cause \u00e0 plusieurs reprises pour des actions d\u2019intimidation maritime au moyen de lasers. En f\u00e9vrier 2023, un bateau de sa marine avait \u00e9t\u00e9 accus\u00e9 d\u2019avoir utilis\u00e9 un \u00ab laser de type militaire \u00bb en direction d\u2019un navire des garde-c\u00f4tes philippins dans la mer de Chine m\u00e9ridionale.<\/p>\n<p class=\"paragraph text_align_left lp-f-body-02\">En 2022, <a href=\"https:\/\/www.leparisien.fr\/international\/intimidation-en-mer-la-chine-rejette-les-accusations-de-laustralie-21-02-2022-SAXQ4VNPENDAZGPTKUAZ4P72IM.php\" target=\"_blank\" rel=\"noreferrer nofollow noopener\">l\u2019Australie avait accus\u00e9 l\u2019arm\u00e9e chinoise<\/a> d\u2019avoir point\u00e9 un laser militaire sur un de ses avions au nord de l\u2019Australie.<\/p>\n<p class=\"paragraph text_align_left lp-f-body-02\">La Chine dispose depuis 2017 d\u2019une base militaire \u00e0 Djibouti, ouvrant sur le golfe d\u2019Aden, au d\u00e9bouch\u00e9 de la mer Rouge. Elle permet \u00e0 P\u00e9kin de s\u00e9curiser <a href=\"https:\/\/www.leparisien.fr\/economie\/pourquoi-l-afrique-interesse-autant-la-chine-12-07-2019-8115141.php\" target=\"_blank\" rel=\"noreferrer nofollow noopener\">ses \u00e9normes int\u00e9r\u00eats g\u00e9opolitiques et \u00e9conomiques<\/a> (transports, industrie, \u00e9nergie) dans la r\u00e9gion.<\/p>\n","protected":false},"excerpt":{"rendered":"Berlin accuse, P\u00e9kin d\u00e9ment. La Chine a contest\u00e9 mercredi avoir vis\u00e9 avec un laser un avion allemand en&hellip;\n","protected":false},"author":2,"featured_media":240252,"comment_status":"","ping_status":"","sticky":false,"template":"","format":"standard","meta":{"footnotes":""},"categories":[1587],"tags":[11,672,1804,1805,1803,1777,674,1801,14,12,1802],"class_list":{"0":"post-240251","1":"post","2":"type-post","3":"status-publish","4":"format-standard","5":"has-post-thumbnail","7":"category-allemagne","8":"tag-actualites","9":"tag-allemagne","10":"tag-bundesrepublik-deutschland","11":"tag-de","12":"tag-deutschland","13":"tag-eu","14":"tag-europe","15":"tag-germany","16":"tag-international","17":"tag-news","18":"tag-republique-federale-dallemagne"},"share_on_mastodon":{"url":"https:\/\/pubeurope.com\/@fr\/114829492446355965","error":""},"_links":{"self":[{"href":"https:\/\/www.europesays.com\/fr\/wp-json\/wp\/v2\/posts\/240251","targetHints":{"allow":["GET"]}}],"collection":[{"href":"https:\/\/www.europesays.com\/fr\/wp-json\/wp\/v2\/posts"}],"about":[{"href":"https:\/\/www.europesays.com\/fr\/wp-json\/wp\/v2\/types\/post"}],"author":[{"embeddable":true,"href":"https:\/\/www.europesays.com\/fr\/wp-json\/wp\/v2\/users\/2"}],"replies":[{"embeddable":true,"href":"https:\/\/www.europesays.com\/fr\/wp-json\/wp\/v2\/comments?post=240251"}],"version-history":[{"count":0,"href":"https:\/\/www.europesays.com\/fr\/wp-json\/wp\/v2\/posts\/240251\/revisions"}],"wp:featuredmedia":[{"embeddable":true,"href":"https:\/\/www.europesays.com\/fr\/wp-json\/wp\/v2\/media\/240252"}],"wp:attachment":[{"href":"https:\/\/www.europesays.com\/fr\/wp-json\/wp\/v2\/media?parent=240251"}],"wp:term":[{"taxonomy":"category","embeddable":true,"href":"https:\/\/www.europesays.com\/fr\/wp-json\/wp\/v2\/categories?post=240251"},{"taxonomy":"post_tag","embeddable":true,"href":"https:\/\/www.europesays.com\/fr\/wp-json\/wp\/v2\/tags?post=240251"}],"curies":[{"name":"wp","href":"https:\/\/api.w.org\/{rel}","templated":true}]}}