{"id":240253,"date":"2025-07-10T14:49:18","date_gmt":"2025-07-10T14:49:18","guid":{"rendered":"https:\/\/www.europesays.com\/fr\/240253\/"},"modified":"2025-07-10T14:49:18","modified_gmt":"2025-07-10T14:49:18","slug":"le-risque-dun-decrochage-de-la-france-en-europe-ressurgit","status":"publish","type":"post","link":"https:\/\/www.europesays.com\/fr\/240253\/","title":{"rendered":"le risque d&rsquo;un d\u00e9crochage de la France en Europe ressurgit"},"content":{"rendered":"<p>La France d\u00e9passe ses voisins en mati\u00e8re de fiscalit\u00e9. Dans un bilan d\u00e9voil\u00e9 ce jeudi 10\u00a0juillet, l&rsquo;institut Rexecode montre que<strong> le taux de pr\u00e9l\u00e8vements obligatoires rapport\u00e9 au PIB en France\u00a0(43,8 %) est de 4\u00a0points sup\u00e9rieur \u00e0 celui de la moyenne de l&rsquo;Union europ\u00e9enne \u00e0 27\u00a0(39 %)<\/strong>.\u00a0\u00ab\u00a0La crainte est que l&rsquo;\u00e9cart risque d&rsquo;augmenter \u00e0 nouveau avec la surtaxe d&rsquo;imp\u00f4t sur les soci\u00e9t\u00e9s, la baisse des\u00a0all\u00e8gements de cotisations. Il\u00a0risque d&rsquo;y avoir une\u00a0nouvelle\u00a0divergence de comp\u00e9titivit\u00e9 avec l&rsquo;Allemagne, qui baisse les imp\u00f4ts sur les entreprises quand la France les rel\u00e8ve\u00a0\u00bb, affirme Olivier\u00a0Redoul\u00e8s, directeur des \u00e9tudes chez Rexecode.<\/p>\n<p>Le centre de r\u00e9flexion, r\u00e9put\u00e9 proche des milieux patronaux, a calcul\u00e9 que la hausse des pr\u00e9l\u00e8vements obligatoires cette ann\u00e9e (+0,7\u00a0point de PIB ou 21\u00a0milliards d&rsquo;euros) \u00e9tait in\u00e9dite depuis 2012 (+1,2\u00a0point de PIB).\u00a0\u00c0\u00a0l&rsquo;\u00e9poque, la zone euro \u00e9tait frapp\u00e9e de plein fouet par les effets d\u00e9vastateurs de la crise financi\u00e8re\u00a0survenue aux \u00c9tats-Unis. Pour redresser les comptes publics, le gouvernement de Fran\u00e7ois Hollande avait fait passer un s\u00e9v\u00e8re plan de rigueur avec des coupes budg\u00e9taires drastiques et de fortes hausses d&rsquo;imp\u00f4ts d&rsquo;environ 50\u00a0milliards. Ce\u00a0qui avait amplement plomb\u00e9 la croissance \u00e9conomique.<\/p>\n","protected":false},"excerpt":{"rendered":"La France d\u00e9passe ses voisins en mati\u00e8re de fiscalit\u00e9. Dans un bilan d\u00e9voil\u00e9 ce jeudi 10\u00a0juillet, l&rsquo;institut Rexecode&hellip;\n","protected":false},"author":2,"featured_media":240254,"comment_status":"","ping_status":"","sticky":false,"template":"","format":"standard","meta":{"footnotes":""},"categories":[1586],"tags":[17,11,19610,2837,22973,33,1777,674,526,1011,27,12,25,4510],"class_list":{"0":"post-240253","1":"post","2":"type-post","3":"status-publish","4":"format-standard","5":"has-post-thumbnail","7":"category-europe","8":"tag-17","9":"tag-actualites","10":"tag-competitivite","11":"tag-dun","12":"tag-decrochage","13":"tag-economie","14":"tag-eu","15":"tag-europe","16":"tag-fiscalite","17":"tag-fr","18":"tag-france","19":"tag-news","20":"tag-republique-francaise","21":"tag-risque"},"share_on_mastodon":{"url":"https:\/\/pubeurope.com\/@fr\/114829496516927678","error":""},"_links":{"self":[{"href":"https:\/\/www.europesays.com\/fr\/wp-json\/wp\/v2\/posts\/240253","targetHints":{"allow":["GET"]}}],"collection":[{"href":"https:\/\/www.europesays.com\/fr\/wp-json\/wp\/v2\/posts"}],"about":[{"href":"https:\/\/www.europesays.com\/fr\/wp-json\/wp\/v2\/types\/post"}],"author":[{"embeddable":true,"href":"https:\/\/www.europesays.com\/fr\/wp-json\/wp\/v2\/users\/2"}],"replies":[{"embeddable":true,"href":"https:\/\/www.europesays.com\/fr\/wp-json\/wp\/v2\/comments?post=240253"}],"version-history":[{"count":0,"href":"https:\/\/www.europesays.com\/fr\/wp-json\/wp\/v2\/posts\/240253\/revisions"}],"wp:featuredmedia":[{"embeddable":true,"href":"https:\/\/www.europesays.com\/fr\/wp-json\/wp\/v2\/media\/240254"}],"wp:attachment":[{"href":"https:\/\/www.europesays.com\/fr\/wp-json\/wp\/v2\/media?parent=240253"}],"wp:term":[{"taxonomy":"category","embeddable":true,"href":"https:\/\/www.europesays.com\/fr\/wp-json\/wp\/v2\/categories?post=240253"},{"taxonomy":"post_tag","embeddable":true,"href":"https:\/\/www.europesays.com\/fr\/wp-json\/wp\/v2\/tags?post=240253"}],"curies":[{"name":"wp","href":"https:\/\/api.w.org\/{rel}","templated":true}]}}