{"id":240257,"date":"2025-07-10T14:51:12","date_gmt":"2025-07-10T14:51:12","guid":{"rendered":"https:\/\/www.europesays.com\/fr\/240257\/"},"modified":"2025-07-10T14:51:12","modified_gmt":"2025-07-10T14:51:12","slug":"pourquoi-le-nouveau-superman-irrite-les-trumpistes-et-cet-ancien-clark-kent","status":"publish","type":"post","link":"https:\/\/www.europesays.com\/fr\/240257\/","title":{"rendered":"Pourquoi le nouveau \u00ab\u00a0Superman\u00a0\u00bb irrite les trumpistes, et cet ancien Clark Kent"},"content":{"rendered":"<p>        <img decoding=\"async\" loading=\"lazy\" src=\"https:\/\/www.europesays.com\/fr\/wp-content\/uploads\/2025\/07\/cfe629e_upload-1-fvrdirgjewcf-screenshot-2025-07-10-14-52-48.png\"  width=\"728\" height=\"409\" alt=\"\u00ab\u00a0Superman\u00a0\u00bb de James Gunn est arriv\u00e9 au cin\u00e9ma.\"\/>  <\/p>\n<p>Warner Bros. Entertainment. All Rights Reserved. TM &amp; \u00a9 DC<\/p>\n<p>\u00ab\u00a0Superman\u00a0\u00bb de James Gunn est arriv\u00e9 au cin\u00e9ma.<\/p>\n<p class=\"asset asset-text\">CIN\u00c9MA &#8211; Il est l\u2019un des super-h\u00e9ros pr\u00e9f\u00e9r\u00e9s des Am\u00e9ricains, mais pour encore combien de temps\u00a0? Comme une partie des trumpistes de son pays, l\u2019acteur Dean Cain, connu pour avoir interpr\u00e9t\u00e9 <a href=\"https:\/\/www.huffingtonpost.fr\/culture\/article\/james-gunn-a-creuse-l-histoire-de-superman-pour-justifier-cette-incoherence-dans-son-film_252043.html\" target=\"_blank\" rel=\"noopener\" title=\"Nouvelle fen\u00eatre\">Superman<\/a> dans une s\u00e9rie des ann\u00e9es 1990, accuse <a href=\"https:\/\/www.huffingtonpost.fr\/culture\/video\/le-superman-2-0-de-james-gunn-devoile-sa-bande-annonce-musclee_243799.html\" target=\"_blank\" rel=\"noopener\" title=\"Nouvelle fen\u00eatre\">le nouveau film<\/a> r\u00e9alis\u00e9 par <a href=\"https:\/\/www.huffingtonpost.fr\/culture\/article\/david-corenswet-sera-superman-dans-le-prochain-film-de-james-gunn-en-2025_219855.html\" target=\"_blank\" rel=\"noopener\" title=\"Nouvelle fen\u00eatre\">James Gunn<\/a> d\u2019\u00eatre trop progressiste dans une interview pour <a href=\"https:\/\/www.tmz.com\/2025\/07\/09\/superman-dean-cain-immigrant-controversy\/\" target=\"_blank\" rel=\"noopener\" title=\"Nouvelle fen\u00eatre\">TMZ<\/a> publi\u00e9e mercredi 9\u00a0juillet.<\/p>\n<p class=\"asset asset-text\">\u00ab\u00a0Jusqu\u2019o\u00f9 le wokisme de l\u2019industrie de Hollywood va-t-il pousser pour transformer ce personnage\u00a0? \u00c0 quel point Disney va-t-il modifier sa Blanche-Neige\u00a0? Pourquoi veulent-ils changer ces personnages qui survivent \u00e0 notre \u00e9poque\u00a0?\u00a0\u00bb, lance le fid\u00e8le soutien de Donald Trump, au micro du m\u00e9dia sp\u00e9cialis\u00e9 dans les c\u00e9l\u00e9brit\u00e9s.<\/p>\n<p class=\"asset asset-text\">\u00c0 l\u2019affiche de la s\u00e9rie Lo\u00efs et Clark (diffus\u00e9e sur M6\u00a0jusqu\u2019en 1997), Dean Cain, aujourd\u2019hui \u00e2g\u00e9 de 58\u00a0ans, insiste\u00a0: \u00ab\u00a0On sait que Superman est un immigr\u00e9, c\u2019est un putain d\u2019alien.\u00a0\u00bb Ces propos ne sortent pas de nulle part, ils ont \u00e9t\u00e9 prononc\u00e9s en r\u00e9ponse \u00e0 des explications sur le nouveau volet des aventures du super-h\u00e9ros donn\u00e9es par son r\u00e9alisateur au Times.<\/p>\n<p>    Un \u00ab\u00a0immigr\u00e9 venu d\u2019ailleurs\u00a0\u00bb    <\/p>\n<p class=\"asset asset-text\">\u00ab\u00a0Superman, c\u2019est l\u2019histoire de l\u2019Am\u00e9rique\u00a0\u00bb, a d\u00e9clar\u00e9 James Gunn. Avant d\u2019ajouter\u00a0: C\u2019est \u00ab\u00a0un immigr\u00e9 venu d\u2019ailleurs et qui a habit\u00e9 le pays. Mais pour moi, c\u2019est surtout une histoire qui dit que la bont\u00e9 humaine est une valeur de base. C\u2019est quelque chose que nous avons perdu.\u00a0\u00bb<\/p>\n<p class=\"asset asset-text\">Si l\u2019identit\u00e9 m\u00eame des cr\u00e9ateurs du Kryptonien au slip rouge dans les ann\u00e9es 1930 (deux immigr\u00e9s juifs des noms de Joe Shuster et Jerry Siegel) pouvait confirmer cette th\u00e9orie, Dean Cain, lui, la r\u00e9fute chez <a href=\"https:\/\/www.tmz.com\/2025\/07\/09\/superman-dean-cain-immigrant-controversy\/\" target=\"_blank\" rel=\"noopener\" title=\"Nouvelle fen\u00eatre\">TMZ<\/a>. \u00ab\u00a0Il faut des limites, parce qu\u2019on ne peut pas accueillir tout le monde aux \u00c9tats-Unis, estime-t-il. Nous ne pouvons pas avoir tout le monde, sinon la soci\u00e9t\u00e9 va \u00e9chouer.\u00a0\u00bb<\/p>\n<p class=\"asset asset-text\">Un point de vue partag\u00e9 par la sph\u00e8re MAGA (de Make America Great Again, le slogan trumpiste) et notamment sur la cha\u00eene ultra-conservatrice Fox News, o\u00f9 l\u2019un de ses pr\u00e9sentateurs, le journaliste Jess Waters, a ironis\u00e9 sur les nouveaux combats de Superman\u00a0: \u00ab\u00a0la v\u00e9rit\u00e9, la justice et les pronoms\u00a0\u00bb. \u00c0 quoi s\u2019est aussi ajout\u00e9e une soi-disant blague sur les origines ougandaises du superh\u00e9ros et une sc\u00e8ne de sexe avec Batman et Robin.<\/p>\n<p>    James Gunn clarifie    <\/p>\n<p class=\"asset asset-text\">De son c\u00f4t\u00e9, l\u2019ancienne conseill\u00e8re du pr\u00e9sident des \u00c9tats-Unis Kellyanne Conway, aussi connue pour avoir r\u00e9pandu une flop\u00e9e de fake news, a d\u00e9clar\u00e9 que les gens n\u2019allaient pas au cin\u00e9ma \u00ab\u00a0pour se faire sermonner et pour qu\u2019on nous ass\u00e8ne une id\u00e9ologie\u00a0\u00bb. Et de se demander si le film \u00ab\u00a0sera un succ\u00e8s\u00a0\u00bb au box-office.<\/p>\n<p class=\"asset asset-text\">Si son r\u00e9alisateur dit ne pas trop s\u2019inqui\u00e9ter de ce sujet dans une interview pour <a href=\"https:\/\/www.gq.com\/story\/david-corenswet-gq-hype\" target=\"_blank\" rel=\"noopener\" title=\"Nouvelle fen\u00eatre\">QG<\/a>, ce dernier a par ailleurs tenu \u00e0 calmer les critiques de ses d\u00e9tracteurs de la sph\u00e8re MAGA. Interrog\u00e9 par <a href=\"https:\/\/variety.com\/2025\/film\/news\/james-gunn-superman-immigrant-backlash-response-1236449068\/\" target=\"_blank\" rel=\"noopener\" title=\"Nouvelle fen\u00eatre\">Variety<\/a> lors d\u2019une avant-premi\u00e8re, James Gunn a rappel\u00e9 que le film \u00e9tait fait \u00ab\u00a0pour tout le monde\u00a0\u00bb, qu\u2019il n\u2019avait rien de plus \u00e0 r\u00e9pondre \u00e0 ceux qui propagent la haine.<\/p>\n<p class=\"asset asset-text\">La campagne contre son film intervient alors qu\u2019aux \u00c9tats-Unis, l\u2019administration de Donald Trump m\u00e8ne une politique int\u00e9rieure offensive en mati\u00e8re d\u2019immigration, notamment. Tandis qu\u2019un durcissement des conditions d\u2019octroi de visas pour de nombreux pays africains a \u00e9t\u00e9 op\u00e9r\u00e9, le locataire de la Maison blanche a entre autres ordonn\u00e9 des descentes dans les communaut\u00e9s d\u2019immigr\u00e9s pour respecter un quota d\u2019au moins 3\u00a0000\u00a0arrestations chaque jour.<\/p>\n","protected":false},"excerpt":{"rendered":"Warner Bros. Entertainment. All Rights Reserved. TM &amp; \u00a9 DC \u00ab\u00a0Superman\u00a0\u00bb de James Gunn est arriv\u00e9 au cin\u00e9ma.&hellip;\n","protected":false},"author":2,"featured_media":240258,"comment_status":"","ping_status":"","sticky":false,"template":"","format":"standard","meta":{"footnotes":""},"categories":[2],"tags":[11,650,251,75,1011,27,12,25,2133],"class_list":{"0":"post-240257","1":"post","2":"type-post","3":"status-publish","4":"format-standard","5":"has-post-thumbnail","7":"category-actualites","8":"tag-actualites","9":"tag-cinema","10":"tag-culture","11":"tag-donald-trump","12":"tag-fr","13":"tag-france","14":"tag-news","15":"tag-republique-francaise","16":"tag-superman"},"share_on_mastodon":{"url":"https:\/\/pubeurope.com\/@fr\/114829504297017575","error":""},"_links":{"self":[{"href":"https:\/\/www.europesays.com\/fr\/wp-json\/wp\/v2\/posts\/240257","targetHints":{"allow":["GET"]}}],"collection":[{"href":"https:\/\/www.europesays.com\/fr\/wp-json\/wp\/v2\/posts"}],"about":[{"href":"https:\/\/www.europesays.com\/fr\/wp-json\/wp\/v2\/types\/post"}],"author":[{"embeddable":true,"href":"https:\/\/www.europesays.com\/fr\/wp-json\/wp\/v2\/users\/2"}],"replies":[{"embeddable":true,"href":"https:\/\/www.europesays.com\/fr\/wp-json\/wp\/v2\/comments?post=240257"}],"version-history":[{"count":0,"href":"https:\/\/www.europesays.com\/fr\/wp-json\/wp\/v2\/posts\/240257\/revisions"}],"wp:featuredmedia":[{"embeddable":true,"href":"https:\/\/www.europesays.com\/fr\/wp-json\/wp\/v2\/media\/240258"}],"wp:attachment":[{"href":"https:\/\/www.europesays.com\/fr\/wp-json\/wp\/v2\/media?parent=240257"}],"wp:term":[{"taxonomy":"category","embeddable":true,"href":"https:\/\/www.europesays.com\/fr\/wp-json\/wp\/v2\/categories?post=240257"},{"taxonomy":"post_tag","embeddable":true,"href":"https:\/\/www.europesays.com\/fr\/wp-json\/wp\/v2\/tags?post=240257"}],"curies":[{"name":"wp","href":"https:\/\/api.w.org\/{rel}","templated":true}]}}