{"id":240265,"date":"2025-07-10T14:55:09","date_gmt":"2025-07-10T14:55:09","guid":{"rendered":"https:\/\/www.europesays.com\/fr\/240265\/"},"modified":"2025-07-10T14:55:09","modified_gmt":"2025-07-10T14:55:09","slug":"pourquoi-ce-volleyeur-de-haut-niveau-refuse-de-prendre-lavion","status":"publish","type":"post","link":"https:\/\/www.europesays.com\/fr\/240265\/","title":{"rendered":"pourquoi ce volleyeur de haut niveau refuse de prendre l\u2019avion"},"content":{"rendered":"<p>Et si on pouvait faire du sport de haut niveau\u2026 sans prendre l\u2019avion\u00a0? C\u2019est le pari un peu fou de Sacha Klein, 26\u00a0ans, joueur de beach-volley au R\u00e9 Beach Club, qui repense sa carri\u00e8re \u00e0 l\u2019aune de l\u2019urgence climatique.<\/p>\n<p>Form\u00e9 \u00e0 l\u2019INSA Toulouse, Sacha est ing\u00e9nieur en climat-\u00e9nergie. Dans sa vie professionnelle, il accompagne les entreprises dans la r\u00e9duction de leur empreinte carbone. Un engagement qui entre rapidement en contradiction avec sa pratique sportive. \u00ab\u00a0J\u2019ai commenc\u00e9 le volley \u00e0 6\u00a0ans. Puis je suis pass\u00e9 au beach, et j\u2019ai int\u00e9gr\u00e9 le P\u00f4le France \u00e0 Toulouse\u00a0\u00bb, raconte-t-il.<\/p>\n<p>Mais \u00e0 force d\u2019encha\u00eener les comp\u00e9titions \u00e0 travers l\u2019Europe, de la Turquie au Portugal, en passant par la Pologne, parfois pour un seul match, le d\u00e9calage devient trop pesant. \u00ab\u00a0Prendre l\u2019avion, polluer autant pour rester si peu\u2026 \u00e7a n\u2019avait plus de sens. J\u2019ai ralenti, je ne voulais plus faire \u00e7a.\u00a0\u00bb<\/p>\n<p>Une alternative \u00e0 l\u2019avion<\/p>\n<p>Avec son co\u00e9quipier Melvin Delanghe, qui partage les m\u00eames convictions, ils d\u00e9cident de concilier exigence sportive et conscience \u00e9cologique. Ensemble, ils adoptent la mobilit\u00e9 douce, ou \u00ab\u00a0voyage bas carbone\u00a0\u00bb\u00a0: un mode de d\u00e9placement volontairement lent et sobre. \u00ab\u00a0On a pris le bus, le train, le ferry. Et parfois, on est m\u00eame rentr\u00e9s en stop, pour le c\u00f4t\u00e9 humain.\u00a0\u00bb Leur p\u00e9riple vers une comp\u00e9tition \u00e0 Tenerife leur a pris deux jours, mais leur a permis de diviser par trois leurs \u00e9missions de CO2. \u00ab\u00a0Et surtout, c\u2019est une autre fa\u00e7on de voyager. On ralentit, on voit les paysages d\u00e9filer, on revient \u00e0 la vraie d\u00e9finition du mot voyage.\u00a0\u00bb<\/p>\n<blockquote><p>\u00ab\u00a0Je ne veux pas donner de le\u00e7on, juste prouver qu\u2019il existe des alternatives\u00a0\u00bb<\/p><\/blockquote>\n<p>Ce choix implique des contraintes, mais elles restent ma\u00eetrisables\u00a0: \u00ab\u00a0Il suffit de s\u2019organiser. On a une comp\u00e9tition mardi \u00e0 Grenade, alors on pr\u00e9voit d\u2019arriver dimanche. Il faut pr\u00e9voir une journ\u00e9e de marge, mais ce n\u2019est pas un frein.\u00a0\u00bb D\u2019autres tournois, en revanche, sont volontairement \u00e9cart\u00e9s\u00a0: \u00ab\u00a0Il y a des comp\u00e9titions qui seraient \u00e0 mon niveau, mais auxquelles je ne vais pas parce que trop loin\u00a0\u00bb, explique-t-il, en \u00e9voquant une \u00e9tape aux Philippines.<\/p>\n<p>Conscient que sa d\u00e9marche individuelle ne suffira pas \u00e0 changer la donne, Sacha a rejoint Les Climatosportifs, un collectif d\u2019athl\u00e8tes engag\u00e9s pour une transition \u00e9cologique par le sport. Il a aussi particip\u00e9 au Climate Sport Camp, un \u00e9v\u00e9nement r\u00e9unissant une trentaine de sportifs de haut niveau d\u00e9j\u00e0 mobilis\u00e9s. \u00ab\u00a0On a eu la visite de Marie Barsacq, ministre des Sports, avec qui on a pu faire un plaidoyer pour remettre l\u2019\u00e9cologie au c\u0153ur des politiques sportives.\u00a0\u00bb<\/p>\n<p>Sensibiliser au d\u00e9fi climatique<\/p>\n<p>Sacha mise aussi sur la sensibilisation. Il partage ses trajets, ses r\u00e9flexions et ses choix sur Instagram (@sacha_klnn) et souhaite intervenir dans les coll\u00e8ges et lyc\u00e9es. \u00ab\u00a0Je ne veux pas donner de le\u00e7on, juste prouver qu\u2019il existe des alternatives \u00e0 l\u2019avion, m\u00eame pour un sportif de haut niveau.\u00a0\u00bb<\/p>\n<p>Un discours qui commence \u00e0 faire son chemin. \u00ab\u00a0Certains sponsors nous suivent justement pour ce message de sobri\u00e9t\u00e9.\u00a0\u00bb Il en esp\u00e8re d\u2019autres, pr\u00eats \u00e0 soutenir un sport en transition. Pour continuer \u00e0 jouer haut, sans faire grimper le thermom\u00e8tre.<\/p>\n","protected":false},"excerpt":{"rendered":"Et si on pouvait faire du sport de haut niveau\u2026 sans prendre l\u2019avion\u00a0? C\u2019est le pari un peu&hellip;\n","protected":false},"author":2,"featured_media":240266,"comment_status":"","ping_status":"","sticky":false,"template":"","format":"standard","meta":{"footnotes":""},"categories":[1417],"tags":[1011,27,60,1470,1469],"class_list":{"0":"post-240265","1":"post","2":"type-post","3":"status-publish","4":"format-standard","5":"has-post-thumbnail","7":"category-volley","8":"tag-fr","9":"tag-france","10":"tag-sports","11":"tag-volley","12":"tag-volleyball"},"share_on_mastodon":{"url":"https:\/\/pubeurope.com\/@fr\/114829519925963576","error":""},"_links":{"self":[{"href":"https:\/\/www.europesays.com\/fr\/wp-json\/wp\/v2\/posts\/240265","targetHints":{"allow":["GET"]}}],"collection":[{"href":"https:\/\/www.europesays.com\/fr\/wp-json\/wp\/v2\/posts"}],"about":[{"href":"https:\/\/www.europesays.com\/fr\/wp-json\/wp\/v2\/types\/post"}],"author":[{"embeddable":true,"href":"https:\/\/www.europesays.com\/fr\/wp-json\/wp\/v2\/users\/2"}],"replies":[{"embeddable":true,"href":"https:\/\/www.europesays.com\/fr\/wp-json\/wp\/v2\/comments?post=240265"}],"version-history":[{"count":0,"href":"https:\/\/www.europesays.com\/fr\/wp-json\/wp\/v2\/posts\/240265\/revisions"}],"wp:featuredmedia":[{"embeddable":true,"href":"https:\/\/www.europesays.com\/fr\/wp-json\/wp\/v2\/media\/240266"}],"wp:attachment":[{"href":"https:\/\/www.europesays.com\/fr\/wp-json\/wp\/v2\/media?parent=240265"}],"wp:term":[{"taxonomy":"category","embeddable":true,"href":"https:\/\/www.europesays.com\/fr\/wp-json\/wp\/v2\/categories?post=240265"},{"taxonomy":"post_tag","embeddable":true,"href":"https:\/\/www.europesays.com\/fr\/wp-json\/wp\/v2\/tags?post=240265"}],"curies":[{"name":"wp","href":"https:\/\/api.w.org\/{rel}","templated":true}]}}