{"id":240267,"date":"2025-07-10T14:56:09","date_gmt":"2025-07-10T14:56:09","guid":{"rendered":"https:\/\/www.europesays.com\/fr\/240267\/"},"modified":"2025-07-10T14:56:09","modified_gmt":"2025-07-10T14:56:09","slug":"la-composition-type-de-la-saison-avec-7-toulousains-6-bordelais-1-toulonnais-et-1-lyonnais","status":"publish","type":"post","link":"https:\/\/www.europesays.com\/fr\/240267\/","title":{"rendered":"La composition type de la saison avec 7 Toulousains, 6 Bordelais, 1 Toulonnais et 1 Lyonnais !"},"content":{"rendered":"<p>Cette semaine, Midi Olympique a demand\u00e9 \u00e0 ses lecteurs de voter pour d\u00e9terminer la composition type du Top 14 version 2024 \/ 2025.<\/p>\n<p>Et ce jeudi, le verdict est tomb\u00e9.<\/p>\n<p>Bien \u00e9videmment, Toulousains et Bordelais apparaissent en nombre dans cette composition type de la saison.<\/p>\n<p>Un joueur du Rugby Club Toulonnais appara\u00eet dans cette composition, \u00e0 savoir le pilier gauche Jean-Baptiste Gros.<\/p>\n<p>On retrouve \u00e9galement le Lyonnais Micka\u00ebl Guillard.<\/p>\n<p>Tous les autres joueurs sont Toulousains ou Bordelais.<\/p>\n<p><strong>Voici la composition type selon les lecteurs du <a href=\"https:\/\/www.rugbyrama.fr\/2025\/07\/10\/top-14-les-bordelo-beglais-et-les-toulousains-en-force-votre-xv-de-lannee-12817725.php\" rel=\"nofollow noopener\" target=\"_blank\">Midi Olympique<\/a> :\u00a0<\/strong><\/p>\n<p>1. Gros, 2. Marchand, 3. Tameifuna\u00a0; 4 Flament, 5. Guillard\u00a0; 6. Cros, 8. Jelonch, Willis\u00a0; 9. Lucu, 10. Jalibert\u00a0; 11. Bielle-Biarrey, 12. Moefana, 13. Barassi, 14. Penaud\u00a0; 15. Ramos.<\/p>\n","protected":false},"excerpt":{"rendered":"Cette semaine, Midi Olympique a demand\u00e9 \u00e0 ses lecteurs de voter pour d\u00e9terminer la composition type du Top&hellip;\n","protected":false},"author":2,"featured_media":240268,"comment_status":"","ping_status":"","sticky":false,"template":"","format":"standard","meta":{"footnotes":""},"categories":[1416],"tags":[1011,27,479,1468,60],"class_list":{"0":"post-240267","1":"post","2":"type-post","3":"status-publish","4":"format-standard","5":"has-post-thumbnail","7":"category-rugby","8":"tag-fr","9":"tag-france","10":"tag-rugby","11":"tag-rugby-football","12":"tag-sports"},"share_on_mastodon":{"url":"https:\/\/pubeurope.com\/@fr\/114829523924598170","error":""},"_links":{"self":[{"href":"https:\/\/www.europesays.com\/fr\/wp-json\/wp\/v2\/posts\/240267","targetHints":{"allow":["GET"]}}],"collection":[{"href":"https:\/\/www.europesays.com\/fr\/wp-json\/wp\/v2\/posts"}],"about":[{"href":"https:\/\/www.europesays.com\/fr\/wp-json\/wp\/v2\/types\/post"}],"author":[{"embeddable":true,"href":"https:\/\/www.europesays.com\/fr\/wp-json\/wp\/v2\/users\/2"}],"replies":[{"embeddable":true,"href":"https:\/\/www.europesays.com\/fr\/wp-json\/wp\/v2\/comments?post=240267"}],"version-history":[{"count":0,"href":"https:\/\/www.europesays.com\/fr\/wp-json\/wp\/v2\/posts\/240267\/revisions"}],"wp:featuredmedia":[{"embeddable":true,"href":"https:\/\/www.europesays.com\/fr\/wp-json\/wp\/v2\/media\/240268"}],"wp:attachment":[{"href":"https:\/\/www.europesays.com\/fr\/wp-json\/wp\/v2\/media?parent=240267"}],"wp:term":[{"taxonomy":"category","embeddable":true,"href":"https:\/\/www.europesays.com\/fr\/wp-json\/wp\/v2\/categories?post=240267"},{"taxonomy":"post_tag","embeddable":true,"href":"https:\/\/www.europesays.com\/fr\/wp-json\/wp\/v2\/tags?post=240267"}],"curies":[{"name":"wp","href":"https:\/\/api.w.org\/{rel}","templated":true}]}}