{"id":240279,"date":"2025-07-10T15:03:13","date_gmt":"2025-07-10T15:03:13","guid":{"rendered":"https:\/\/www.europesays.com\/fr\/240279\/"},"modified":"2025-07-10T15:03:13","modified_gmt":"2025-07-10T15:03:13","slug":"samir-nasri-papa-du-2%e1%b5%89-enfant-de-nehuda-ricardo-fait-une-surprenante-revelation-javais-un-doute","status":"publish","type":"post","link":"https:\/\/www.europesays.com\/fr\/240279\/","title":{"rendered":"Samir Nasri papa du 2\u1d49 enfant de Nehuda ? Ricardo fait une surprenante r\u00e9v\u00e9lation : \u00ab\u00a0J\u2019avais un doute\u2026\u00a0\u00bb"},"content":{"rendered":"<p>      R\u00e9sum\u00e9<\/p>\n<p>Ricardo Pinto r\u00e9v\u00e8le avoir dout\u00e9 de la paternit\u00e9 de son deuxi\u00e8me enfant avec Nehuda, issu d&rsquo;une relation instable, avant de nouer un lien fort avec le petit La\u00ebl.<\/p>\n<p>        Sommaire<\/p>\n<p>Ancien candidat embl\u00e9matique de t\u00e9l\u00e9r\u00e9alit\u00e9, <strong>Ricardo<\/strong> Pinto, r\u00e9v\u00e9l\u00e9 notamment dans \u00ab\u00a0Les Anges\u00a0\u00bb et \u00ab\u00a0Friends Trip\u00a0\u00bb, s\u2019est livr\u00e9 sans filtre lors d\u2019une interview accord\u00e9e \u00e0 <strong>Vincent Ramonet<\/strong>.<\/p>\n<p>Le p\u00e8re de famille aujourd&rsquo;hui \u00e2g\u00e9 de 34 ans a \u00e9voqu\u00e9 <a href=\"https:\/\/www.public.fr\/ricardo-les-anges-separe-de-nehuda-sa-fille-de-sept-ans-le-deteste\" target=\"_blank\" rel=\"noopener\">la conception de son deuxi\u00e8me enfant avec <strong>Nehuda<\/strong><\/a>, chanteuse et \u00e9galement figure bien connue du petit \u00e9cran. Une d\u00e9claration marqu\u00e9e par l\u2019honn\u00eatet\u00e9, les zones d\u2019ombre, mais aussi une forme de tendresse inattendue.<\/p>\n<p>Une relation complexe, une conception hors des cadres<\/p>\n<p>Entre Ricardo et Nehuda, l\u2019histoire a toujours \u00e9t\u00e9 mouvement\u00e9e. Une relation faite de ruptures, de retrouvailles, de hauts et de bas, souvent expos\u00e9e aux yeux du public. C\u2019est dans ce contexte instable qu\u2019est n\u00e9 leur deuxi\u00e8me enfant, un petit gar\u00e7on pr\u00e9nomm\u00e9 La\u00ebl, fruit d\u2019un moment d\u2019intimit\u00e9 hors d\u2019un cadre conjugal.<\/p>\n<blockquote class=\"wp-block-quote is-layout-flow wp-block-quote-is-layout-flow\">\n<p>\u00ab\u00a0J&rsquo;avais un doute sur la paternit\u00e9 de mon fils parce qu&rsquo;\u00e0 ce moment-l\u00e0, mon ex fr\u00e9quentait plusieurs mecs, dont Samir Nasri. Mais moi aussi je voyais d&rsquo;autres femmes, on n\u2019\u00e9tait pas en couple \u00e0 ce moment-l\u00e0. Il y a eu un coup d\u2019un soir et voil\u00e0\u2026\u00a0\u00bb a-t-il affirm\u00e9<\/p>\n<\/blockquote>\n<p>Selon Ricardo, c&rsquo;est donc une nuit partag\u00e9e sans engagement, dans une p\u00e9riode de vie chaotique pour chacun qui est <a href=\"https:\/\/www.public.fr\/nehuda-un-deuxieme-bebe-en-route-elle-repond-enfin\" target=\"_blank\" rel=\"noopener\">\u00e0 l&rsquo;origine de la conception de son fils<\/a>. <\/p>\n<p>Le doute, puis l\u2019\u00e9vidence<\/p>\n<p>Face \u00e0 cette situation, Ricardo admet avoir \u00e9t\u00e9 travers\u00e9 par un <strong>doute sur la paternit\u00e9<\/strong> de son deuxi\u00e8me enfant, n\u00e9 en avril 2022. Un questionnement l\u00e9gitime, au vu du contexte, mais qui ne l\u2019a pas pouss\u00e9 \u00e0 agir dans la pr\u00e9cipitation.<\/p>\n<blockquote class=\"wp-block-quote is-layout-flow wp-block-quote-is-layout-flow\">\n<p>\u00ab\u00a0Donc oui, j&rsquo;ai eu un doute\u2026 puis ensuite, forc\u00e9ment, en voyant la t\u00eate du petit qui me ressemble comme deux gouttes d&rsquo;eau\u2026\u00a0\u00bb a-t-il d\u00e9clar\u00e9. <\/p>\n<\/blockquote>\n<p><strong>Vincent Ramonet, lui aussi, un ancien candidat de t\u00e9l\u00e9r\u00e9alit\u00e9 <\/strong>qui r\u00e9alise d\u00e9sormais des interviews, lui demande alors s\u2019il a envisag\u00e9 de faire un <strong>test de paternit\u00e9<\/strong>. La r\u00e9ponse de Ricardo est imm\u00e9diate, teint\u00e9e \u00e0 la fois de lucidit\u00e9 juridique et d\u2019une certaine r\u00e9signation :<\/p>\n<blockquote class=\"wp-block-quote is-layout-flow wp-block-quote-is-layout-flow\">\n<p>\u00ab\u00a0Non, car d\u00e9j\u00e0, c&rsquo;est ill\u00e9gal en France. C&rsquo;est un peu dommage d\u2019ailleurs. Il faut que la demande vienne d\u2019un juge, sinon tu dois faire \u00e7a par des combines, \u00e0 Londres ou sur Internet\u2026\u00a0\u00bb. <\/p>\n<p>Nul besoin de test, Ricard Pinto a finalement tiss\u00e9 un lien \u00e9motionnel fort avec <strong>son fils La\u00ebl qui a d\u00e9sormais trois ans.<\/strong> \u00ab\u00a0Mais le petit, d\u00e8s qu\u2019il est n\u00e9, je lui ai donn\u00e9 tout mon amour, je l\u2019aimais de ouf. Mais si ce n\u2019\u00e9tait pas le mien, c\u2019\u00e9tait finalement le mien\u2026\u00a0\u00bb. <\/p>\n<\/blockquote>\n<p>      Mentionn\u00e9s dans cet article<\/p>\n<p>\u00c0 lire aussi<\/p>\n","protected":false},"excerpt":{"rendered":"R\u00e9sum\u00e9 Ricardo Pinto r\u00e9v\u00e8le avoir dout\u00e9 de la paternit\u00e9 de son deuxi\u00e8me enfant avec Nehuda, issu d&rsquo;une relation&hellip;\n","protected":false},"author":2,"featured_media":240280,"comment_status":"","ping_status":"","sticky":false,"template":"","format":"standard","meta":{"footnotes":""},"categories":[1359],"tags":[58,59,1011,27,37995,973,37996,31454],"class_list":{"0":"post-240279","1":"post","2":"type-post","3":"status-publish","4":"format-standard","5":"has-post-thumbnail","7":"category-people","8":"tag-divertissement","9":"tag-entertainment","10":"tag-fr","11":"tag-france","12":"tag-nehuda-les-anges","13":"tag-people","14":"tag-ricardo-les-anges","15":"tag-samir-nasri"},"share_on_mastodon":{"url":"https:\/\/pubeurope.com\/@fr\/114829552835158718","error":""},"_links":{"self":[{"href":"https:\/\/www.europesays.com\/fr\/wp-json\/wp\/v2\/posts\/240279","targetHints":{"allow":["GET"]}}],"collection":[{"href":"https:\/\/www.europesays.com\/fr\/wp-json\/wp\/v2\/posts"}],"about":[{"href":"https:\/\/www.europesays.com\/fr\/wp-json\/wp\/v2\/types\/post"}],"author":[{"embeddable":true,"href":"https:\/\/www.europesays.com\/fr\/wp-json\/wp\/v2\/users\/2"}],"replies":[{"embeddable":true,"href":"https:\/\/www.europesays.com\/fr\/wp-json\/wp\/v2\/comments?post=240279"}],"version-history":[{"count":0,"href":"https:\/\/www.europesays.com\/fr\/wp-json\/wp\/v2\/posts\/240279\/revisions"}],"wp:featuredmedia":[{"embeddable":true,"href":"https:\/\/www.europesays.com\/fr\/wp-json\/wp\/v2\/media\/240280"}],"wp:attachment":[{"href":"https:\/\/www.europesays.com\/fr\/wp-json\/wp\/v2\/media?parent=240279"}],"wp:term":[{"taxonomy":"category","embeddable":true,"href":"https:\/\/www.europesays.com\/fr\/wp-json\/wp\/v2\/categories?post=240279"},{"taxonomy":"post_tag","embeddable":true,"href":"https:\/\/www.europesays.com\/fr\/wp-json\/wp\/v2\/tags?post=240279"}],"curies":[{"name":"wp","href":"https:\/\/api.w.org\/{rel}","templated":true}]}}