{"id":240291,"date":"2025-07-10T15:09:09","date_gmt":"2025-07-10T15:09:09","guid":{"rendered":"https:\/\/www.europesays.com\/fr\/240291\/"},"modified":"2025-07-10T15:09:09","modified_gmt":"2025-07-10T15:09:09","slug":"a-33-ans-elle-pense-setre-fait-piquer-par-un-moustique-les-medecins-lui-diagnostiquent-un-cancer-de-la-peau","status":"publish","type":"post","link":"https:\/\/www.europesays.com\/fr\/240291\/","title":{"rendered":"\u00c0 33 ans, elle pense s&rsquo;\u00eatre fait piquer par un moustique, les m\u00e9decins lui diagnostiquent un cancer de la peau"},"content":{"rendered":"<p>Elle garde de ce douloureux \u00e9pisode une cicatrice qui, selon elle, \u00ab\u00a0devrait inciter les gens \u00e0 faire attention au soleil\u00a0\u00bb. Dans une vid\u00e9o publi\u00e9e sur TikTok, une jeune femme \u00e2g\u00e9e de 33 ans nomm\u00e9e Rachel Archer a r\u00e9v\u00e9l\u00e9 qu&rsquo;une tache sur son front qu&rsquo;elle pensait anodine \u00e9tait en r\u00e9alit\u00e9 li\u00e9e \u00e0 un cancer de la peau.<\/p>\n<p>D&rsquo;apr\u00e8s <a data-i13n=\"cpos:1;pos:1\" href=\"https:\/\/www.getsurrey.co.uk\/news\/health\/i-spot-head-years-until-32016225\" rel=\"nofollow noopener\" target=\"_blank\" data-ylk=\"slk:Surrey Live;cpos:1;pos:1;elm:context_link;itc:0;sec:content-canvas\" class=\"link \">Surrey Live<\/a>, qui relate l&rsquo;histoire de la jeune femme, cette derni\u00e8re avait remarqu\u00e9 cette imperfection cutan\u00e9e depuis deux ans, mais ne s&rsquo;\u00e9tait pas m\u00e9fi\u00e9e, avant que la tache commence subitement \u00e0 saigner.<\/p>\n<p>La forme la plus courante de cancer de la peau<\/p>\n<p>Rachel Archer explique avoir consult\u00e9 un premier m\u00e9decin qui lui a assur\u00e9 qu&rsquo;elle \u00e9tait \u00ab\u00a0trop jeune\u00a0\u00bb pour avoir un cancer et qu&rsquo;il s&rsquo;agissait sans doute des s\u00e9quelles d&rsquo;une piqure de moustique. Un mois plus tard, la trentenaire s&rsquo;est toutefois rendue chez un autre m\u00e9decin, qui a accept\u00e9 de lui faire subir une biopsie.<\/p>\n<p>Celle-ci a confirm\u00e9 les craintes de la jeune femme en identifiant la fameuse tache comme un carcinome basocellulaire, la forme <a data-i13n=\"cpos:2;pos:1\" href=\"https:\/\/www.vidal.fr\/maladies\/cancers\/melanome-cancer-peau.html\" rel=\"nofollow noopener\" target=\"_blank\" data-ylk=\"slk:la plus courante;cpos:2;pos:1;elm:context_link;itc:0;sec:content-canvas\" class=\"link \">la plus courante<\/a> de cancer de la peau. En quelques jours, la vie de Rachel Archer a alors connu un basculement majeur.<\/p>\n<p>Un traitement \u00e9prouvant<\/p>\n<p>\u00ab\u00a0Les traitements ont dur\u00e9 six semaines, raconte-t-elle dans sa vid\u00e9o TikTok. Je suis tr\u00e8s soulag\u00e9e que ce soit termin\u00e9, mais j&rsquo;en suis arriv\u00e9e au point o\u00f9 c&rsquo;est douloureux et j&rsquo;ai une sensation de br\u00fblure, ce qui, je suppose, est d\u00fb \u00e0 l&rsquo;effet du traitement sur le cancer et la zone environnante.\u00a0\u00bb<\/p>\n<p>La jeune femme ajoute que le traitement \u00ab\u00a0fait ce qu&rsquo;il est cens\u00e9 faire, mais mentalement, avoir cette cicatrice sur (son) front (lui) p\u00e8se\u00a0\u00bb. \u00c0 la suite de cette exp\u00e9rience plus que d\u00e9sagr\u00e9able, Rachel Archer a d\u00e9cid\u00e9 d&rsquo;alerter sur la dangerosit\u00e9 des s\u00e9ances de bronzage.<\/p>\n<p>\u00ab\u00a0Je ne pense pas \u00eatre rest\u00e9 au soleil tant que \u00e7a\u00a0\u00bb<\/p>\n<p>\u00ab\u00a0Cela devrait inciter les gens \u00e0 faire attention au soleil, soutient-elle. Je ne pense pas \u00eatre rest\u00e9 au soleil tant que \u00e7a, mais j&rsquo;ai aussi utilis\u00e9 des lits de bronzage pendant un certain temps. \u00c7a m&rsquo;est aussi arriv\u00e9 de m&rsquo;allonger au soleil avec des amis avec des boissons et j&rsquo;ai attrap\u00e9 des coups de soleil plusieurs fois, donc je pense que tout cela a contribu\u00e9.\u00a0\u00bb<\/p>\n<p>\u00ab\u00a0J&rsquo;ai 33 ans, j&rsquo;ai un cancer de la peau et c&rsquo;est bien r\u00e9el, mais j&rsquo;ai de la chance de ne pas avoir eu le type de cancer de la peau qui n\u00e9cessiterait une ablation car j&rsquo;en \u00e9tais encore aux premiers stades\u00a0\u00bb, conclut la trentenaire dont la vid\u00e9o a \u00e9t\u00e9 vu par plus de 1,3 million de personnes.<\/p>\n","protected":false},"excerpt":{"rendered":"Elle garde de ce douloureux \u00e9pisode une cicatrice qui, selon elle, \u00ab\u00a0devrait inciter les gens \u00e0 faire attention&hellip;\n","protected":false},"author":2,"featured_media":240292,"comment_status":"","ping_status":"","sticky":false,"template":"","format":"standard","meta":{"footnotes":""},"categories":[10],"tags":[29690,101,23494,1011,27,72,17307,37999,71],"class_list":{"0":"post-240291","1":"post","2":"type-post","3":"status-publish","4":"format-standard","5":"has-post-thumbnail","7":"category-sante","8":"tag-33-ans","9":"tag-cancer","10":"tag-cancer-de-la-peau","11":"tag-fr","12":"tag-france","13":"tag-health","14":"tag-jeune-femme","15":"tag-rachel-archer","16":"tag-sante"},"share_on_mastodon":{"url":"https:\/\/pubeurope.com\/@fr\/114829574967677152","error":""},"_links":{"self":[{"href":"https:\/\/www.europesays.com\/fr\/wp-json\/wp\/v2\/posts\/240291","targetHints":{"allow":["GET"]}}],"collection":[{"href":"https:\/\/www.europesays.com\/fr\/wp-json\/wp\/v2\/posts"}],"about":[{"href":"https:\/\/www.europesays.com\/fr\/wp-json\/wp\/v2\/types\/post"}],"author":[{"embeddable":true,"href":"https:\/\/www.europesays.com\/fr\/wp-json\/wp\/v2\/users\/2"}],"replies":[{"embeddable":true,"href":"https:\/\/www.europesays.com\/fr\/wp-json\/wp\/v2\/comments?post=240291"}],"version-history":[{"count":0,"href":"https:\/\/www.europesays.com\/fr\/wp-json\/wp\/v2\/posts\/240291\/revisions"}],"wp:featuredmedia":[{"embeddable":true,"href":"https:\/\/www.europesays.com\/fr\/wp-json\/wp\/v2\/media\/240292"}],"wp:attachment":[{"href":"https:\/\/www.europesays.com\/fr\/wp-json\/wp\/v2\/media?parent=240291"}],"wp:term":[{"taxonomy":"category","embeddable":true,"href":"https:\/\/www.europesays.com\/fr\/wp-json\/wp\/v2\/categories?post=240291"},{"taxonomy":"post_tag","embeddable":true,"href":"https:\/\/www.europesays.com\/fr\/wp-json\/wp\/v2\/tags?post=240291"}],"curies":[{"name":"wp","href":"https:\/\/api.w.org\/{rel}","templated":true}]}}