{"id":240300,"date":"2025-07-10T15:14:11","date_gmt":"2025-07-10T15:14:11","guid":{"rendered":"https:\/\/www.europesays.com\/fr\/240300\/"},"modified":"2025-07-10T15:14:11","modified_gmt":"2025-07-10T15:14:11","slug":"larabie-saoudite-a-execute-plus-de-100-etrangers-depuis-le-debut-de-lannee","status":"publish","type":"post","link":"https:\/\/www.europesays.com\/fr\/240300\/","title":{"rendered":"L\u2019Arabie saoudite a ex\u00e9cut\u00e9 plus de 100 \u00e9trangers depuis le d\u00e9but de l\u2019ann\u00e9e"},"content":{"rendered":"<p>Ce jeudi, <a href=\"https:\/\/www.20minutes.fr\/monde\/arabie_saoudite\/\" class=\"color-ultramarine c-link\" target=\"_blank\" rel=\"noopener\">l\u2019Arabie saoudite<\/a> a annonc\u00e9 avoir ex\u00e9cut\u00e9 deux ressortissants \u00e9thiopiens pour <a href=\"https:\/\/www.20minutes.fr\/dossier\/trafic_de_drogue\" class=\"color-ultramarine c-link\" target=\"_blank\" rel=\"noopener\">trafic de drogue<\/a>. Au total, au moins 101 personnes \u00e9trang\u00e8res ont \u00e9t\u00e9 ex\u00e9cut\u00e9es dans le royaume depuis le d\u00e9but de l\u2019ann\u00e9e, selon un d\u00e9compte de l\u2019AFP.<\/p>\n<p>Les Ethiopiens Khalil Qasim Mohammed Omar et Murad Yaqoub Adam Siyo ont \u00e9t\u00e9 ex\u00e9cut\u00e9s apr\u00e8s avoir \u00e9t\u00e9 \u00ab\u00a0reconnus coupables de contrebande de <a href=\"https:\/\/www.20minutes.fr\/dossier\/cannabis\" class=\"color-ultramarine c-link\" target=\"_blank\" rel=\"noopener\">cannabis<\/a>\u00a0\u00bb, indique un communiqu\u00e9 du minist\u00e8re publi\u00e9 par l\u2019agence de presse saoudienne (SPA). Au total, 189 personnes ont \u00e9t\u00e9 ex\u00e9cut\u00e9es depuis d\u00e9but\u00a02025, d\u2019apr\u00e8s un d\u00e9compte de l\u2019AFP, dont 88 Saoudiens.<\/p>\n<\/p>\n<p>Un des syst\u00e8mes judiciaires les plus meurtriers du monde<\/p>\n<p>En\u00a02024, le cap des 100 ex\u00e9cutions d\u2019\u00e9trangers n\u2019avait \u00e9t\u00e9 franchi qu\u2019en novembre dans le royaume du Golfe, l\u2019un des pays au monde o\u00f9 la <a href=\"https:\/\/www.20minutes.fr\/monde\/peine-de-mort\/\" class=\"color-ultramarine c-link\" target=\"_blank\" rel=\"noopener\">peine de mort<\/a> est la plus appliqu\u00e9e.<\/p>\n<p>Selon un pr\u00e9c\u00e9dent d\u00e9compte de l\u2019AFP, au moins 338 personnes ont \u00e9t\u00e9 ex\u00e9cut\u00e9es l\u2019an dernier, contre 170 en\u00a02023, bien plus que le pr\u00e9c\u00e9dent record connu de 196 en\u00a02022.<\/p>\n","protected":false},"excerpt":{"rendered":"Ce jeudi, l\u2019Arabie saoudite a annonc\u00e9 avoir ex\u00e9cut\u00e9 deux ressortissants \u00e9thiopiens pour trafic de drogue. Au total, au&hellip;\n","protected":false},"author":2,"featured_media":240301,"comment_status":"","ping_status":"","sticky":false,"template":"","format":"standard","meta":{"footnotes":""},"categories":[5],"tags":[47,11,4947,8558,1011,27,14,74,12,942,887,28],"class_list":{"0":"post-240300","1":"post","2":"type-post","3":"status-publish","4":"format-standard","5":"has-post-thumbnail","7":"category-international","8":"tag-actualite","9":"tag-actualites","10":"tag-arabie-saoudite","11":"tag-ethiopie","12":"tag-fr","13":"tag-france","14":"tag-international","15":"tag-monde","16":"tag-news","17":"tag-peine-de-mort","18":"tag-trafic-de-drogue","19":"tag-world"},"share_on_mastodon":{"url":"https:\/\/pubeurope.com\/@fr\/114829594665371794","error":""},"_links":{"self":[{"href":"https:\/\/www.europesays.com\/fr\/wp-json\/wp\/v2\/posts\/240300","targetHints":{"allow":["GET"]}}],"collection":[{"href":"https:\/\/www.europesays.com\/fr\/wp-json\/wp\/v2\/posts"}],"about":[{"href":"https:\/\/www.europesays.com\/fr\/wp-json\/wp\/v2\/types\/post"}],"author":[{"embeddable":true,"href":"https:\/\/www.europesays.com\/fr\/wp-json\/wp\/v2\/users\/2"}],"replies":[{"embeddable":true,"href":"https:\/\/www.europesays.com\/fr\/wp-json\/wp\/v2\/comments?post=240300"}],"version-history":[{"count":0,"href":"https:\/\/www.europesays.com\/fr\/wp-json\/wp\/v2\/posts\/240300\/revisions"}],"wp:featuredmedia":[{"embeddable":true,"href":"https:\/\/www.europesays.com\/fr\/wp-json\/wp\/v2\/media\/240301"}],"wp:attachment":[{"href":"https:\/\/www.europesays.com\/fr\/wp-json\/wp\/v2\/media?parent=240300"}],"wp:term":[{"taxonomy":"category","embeddable":true,"href":"https:\/\/www.europesays.com\/fr\/wp-json\/wp\/v2\/categories?post=240300"},{"taxonomy":"post_tag","embeddable":true,"href":"https:\/\/www.europesays.com\/fr\/wp-json\/wp\/v2\/tags?post=240300"}],"curies":[{"name":"wp","href":"https:\/\/api.w.org\/{rel}","templated":true}]}}