{"id":240321,"date":"2025-07-10T15:26:13","date_gmt":"2025-07-10T15:26:13","guid":{"rendered":"https:\/\/www.europesays.com\/fr\/240321\/"},"modified":"2025-07-10T15:26:13","modified_gmt":"2025-07-10T15:26:13","slug":"tout-savoir-sur-lexposition-en-voyage","status":"publish","type":"post","link":"https:\/\/www.europesays.com\/fr\/240321\/","title":{"rendered":"tout savoir sur l&rsquo;exposition En Voyage"},"content":{"rendered":"<p>            Par<br \/>\n        <strong><br \/>\n            <a href=\"https:\/\/actu.fr\/auteur\/adrien-tisserand\" title=\"Consulter tous les articles de Adrien Tisserand\" target=\"_blank\" rel=\"noopener\">Adrien Tisserand<\/a><br \/>\n        <\/strong><\/p>\n<p>        Publi\u00e9 le<\/p>\n<p>            10 juil. 2025 \u00e0 17h06        <\/p>\n<p>Le MuMo (Mus\u00e9e Mobile) du Centre Pompidou a d\u00e9marr\u00e9 sa tourn\u00e9e normande le 30 juin dernier \u00e0 <strong>La Londe<\/strong>, avec une exposition baptis\u00e9e \u00ab\u00a0En Voyage\u00a0\u00bb. Ce camion-mus\u00e9e sillonne dix communes de <a href=\"https:\/\/actu.fr\/tag\/metropole-rouen\" target=\"_blank\" rel=\"noopener\">l\u2019agglom\u00e9ration rouennaise<\/a> cet \u00e9t\u00e9. L\u2019objectif est de faire d\u00e9couvrir une vingtaine d\u2019\u0153uvres du c\u00e9l\u00e8bre mus\u00e9e d\u2019art moderne parisien \u00e0 un public large, notamment les classes <strong>d\u2019\u00e9cole primaire<\/strong> et les <strong>centres de loisirs<\/strong>.<\/p>\n<p>Une ambiance \u00ab\u00a0enjou\u00e9e\u00a0\u00bb<\/p>\n<p class=\" wall-content\">A <a href=\"https:\/\/actu.fr\/normandie\/la-londe_76391\" target=\"_blank\" rel=\"noopener\">La Londe<\/a>, o\u00f9 le MuMo s\u2019est arr\u00eat\u00e9 lundi 30 juin et mardi 1er juillet, \u00ab\u00a0sur le temps des visites-ateliers, nous avons re\u00e7u 148 \u00e9l\u00e8ves et 10 adultes de l\u2019\u00e9cole L\u00e9onard-de-Vinci (du CP au CM2), et plus de 70 personnes de tout \u00e2ge sur les portes ouvertes\u00a0\u00bb, d\u00e9taille Laurence Renou, vice-pr\u00e9sidente de la M\u00e9tropole Rouen Normandie en charge de la culture.\u00a0<\/p>\n<p class=\" wall-content\">Un<strong> public jeune et curieux<\/strong> donc, toujours selon Laurence Renou : \u00ab\u00a0Les m\u00e9diatrices culturelles ont rencontr\u00e9 des enfants qui posaient beaucoup de questions sur les \u0153uvres. Lors de la premi\u00e8re journ\u00e9e \u00e0 Grand-Couronne, un enfant s\u2019est exclam\u00e9 devant l\u2019\u0153uvre de Matt Bryans, The Tourist : \u00ab On dirait que le spectre s\u2019est habill\u00e9 avec son environnement ! \u00bb et \u00ab Oh un visage dans l\u2019arbre ! \u00bb\u00a0\u00bb.<\/p>\n<p>    <img   decoding=\"async\" loading=\"lazy\" src=\"https:\/\/www.europesays.com\/fr\/wp-content\/uploads\/2025\/07\/mumo-gd-couronne-59-960x640.jpg\" alt=\"Des ateliers sont organis\u00e9s avec une m\u00e9diatrice culturelle, comme ici \u00e0 Grand-Couronne. \" width=\"960\" height=\"640\"\/><br \/>\n    Des ateliers sont organis\u00e9s avec une m\u00e9diatrice culturelle, comme ici \u00e0 Grand-Couronne. (\u00a9Guillaume Briere Soud\u00e9)<strong>Rendre l\u2019art moderne plus accessible<\/strong><\/p>\n<p class=\" wall-content\">L\u2019exposition s\u2019int\u00e9resse aux repr\u00e9sentations des artistes et aux objets li\u00e9s aux voyages. On y retrouve des \u0153uvres connues comme le film de 1902 <strong>Voyage dans la Lune<\/strong> de George M\u00e9li\u00e8s, ou la photographie <strong>Tourists<\/strong>\u00a0de Duane Hanson. L\u2019exposition m\u00eale ainsi des tableaux, des sculptures, des vid\u00e9os et des photographies pour donner un bel aper\u00e7u de la richesse des collections du Centre Pompidou.\u00a0<\/p>\n<p class=\" wall-content\">La <strong>volont\u00e9<\/strong> des organisateurs, \u00e0 savoir le Centre Pompidou et la fondation Art Explora, soutenus par le minist\u00e8re de la Culture, est simple : \u00ab\u00a0L\u2019art voyage pour devenir <strong>accessible \u00e0 chacun<\/strong>, quelle que soit sa situation g\u00e9ographique, sociale ou \u00e9conomique\u00a0\u00bb, explique explique Ingrid Brochard, fondatrice du MuMo, dans un communiqu\u00e9 de presse.\u00a0<\/p>\n<p>Vid\u00e9os : en ce moment sur Actu<\/p>\n<p class=\" wall-content\">Elle compl\u00e8te : \u00ab\u00a0Beaucoup de gens n\u2019osent pas pousser la porte d\u2019un mus\u00e9e. Ils n\u2019y ont <strong>pas acc\u00e8s<\/strong>, comme un monde lointain, r\u00e9serv\u00e9 \u00e0 une \u00e9lite ou trop beau pour eux\u00a0\u00bb.\u00a0<\/p>\n<p>Une mani\u00e8re de contourner la fermeture des mus\u00e9es<\/p>\n<p class=\" wall-content\">L\u2019exposition En Voyage s\u2019inscrit dans le <a href=\"https:\/\/www.centrepompidou.fr\/fr\/le-centre-pompidou-se-metamorphose\" target=\"_blank\" rel=\"noopener\">programme Constellation<\/a>, destin\u00e9 \u00e0 faire voyager les \u0153uvres du Centre Pompidou pour pallier sa fermeture pour r\u00e9novation, jusqu\u2019en 2030.\u00a0<\/p>\n<p class=\" wall-content\">Elle cadre aussi localement avec le <strong>projet de mus\u00e9e hors les murs, <\/strong>entam\u00e9 par la R\u00e9union des Mus\u00e9es M\u00e9tropolitains (RMM) en 2022, suite \u00e0 la fermeture du Mus\u00e9um de Rouen.\u00a0<\/p>\n<p class=\" wall-content\">Selon la M\u00e9tropole, la politique de Mus\u00e9e hors les murs a \u00ab\u00a0b\u00e9n\u00e9fici\u00e9 \u00e0 plus de <strong>7500 personnes<\/strong>, dans 24 communes de la M\u00e9tropole, pour cette ann\u00e9e 2024-2025\u2033.<\/p>\n<p class=\" wall-content\">Des ateliers culturels (peinture, sculptures, mode) et linguistiques sont organis\u00e9s \u00e0 destination de publics divers (\u00e9coles, cr\u00e8ches, \u00e9tablissements de sant\u00e9) pour \u00ab\u00a0l\u2019\u00e9veil et le partage des richesses culturelles et du patrimoine du territoire\u00a0\u00bb.\u00a0<\/p>\n<p class=\" wall-content\">Le camion mus\u00e9e fait escale dans <a href=\"https:\/\/mbarouen.fr\/fr\/expositions\/le-mumo-en-voyage-en-normandie\" target=\"_blank\" rel=\"noopener\">dix communes rurales et p\u00e9riurbaines de la m\u00e9tropole<\/a> rouennaise cette ann\u00e9e. Voici les prochaines \u00e9tapes :<\/p>\n<ul class=\" wall-content\">\n<li>Saint-Pierre-l\u00e8s-Elbeuf, du 9 au 11 juillet.\u00a0<\/li>\n<li>Gouy, du 1er au 3 septembre.\u00a0<\/li>\n<li>Saint-Pierre-de-Varengeville, du 4 au 5 septembre.\u00a0<\/li>\n<li>Yville-sur-Seine, du 8 au 9 septembre.\u00a0<\/li>\n<li>Canteleu, du 9 au 12 septembre.\u00a0<\/li>\n<li>Saint-Aubin-Epinay, du 15 au 16 septembre.\u00a0<\/li>\n<li>Sainte-Marguerite-sur-Duclair, du 17 au 19 septembre.\u00a0<\/li>\n<\/ul>\n<p>L\u2019acc\u00e8s au MuMo est gratuit et accessible aux personnes en situation de handicap.\u00a0<\/p>\n<p>Suivez l\u2019actualit\u00e9 de Rouen sur notre cha\u00eene WhatsApp et sur notre compte TikTok<\/p>\n<p class=\" wall-content\">Suivez toute l\u2019actualit\u00e9 de vos villes et m\u00e9dias favoris en vous inscrivant \u00e0 <a href=\"https:\/\/moncompte.actu.fr\" title=\"D\u00e9couvez Mon Actu\" rel=\"nofollow noopener\" data-trk=\"{&quot;cta&quot;:{&quot;action&quot;:&quot;https:\\\/\\\/moncompte.actu.fr&quot;,&quot;category&quot;:&quot;mon compte&quot;,&quot;from&quot;:&quot;article footer&quot;,&quot;name&quot;:&quot;Mon actu&quot;,&quot;type&quot;:&quot;cta&quot;}}\" target=\"_blank\">Mon Actu<\/a>.<\/p>\n<ul class=\"ac-article-tag wall-content\">\n<li><a href=\"https:\/\/actu.fr\/tag\/centre-pompidou\" data-trk=\"{&quot;cta&quot;:{&quot;action&quot;:&quot;Centre Pompidou&quot;,&quot;category&quot;:&quot;tag&quot;,&quot;from&quot;:&quot;article footer&quot;,&quot;name&quot;:&quot;Centre Pompidou&quot;,&quot;type&quot;:&quot;cta&quot;}}\" target=\"_blank\" rel=\"noopener\">#Centre Pompidou<\/a><\/li>\n<li><a href=\"https:\/\/actu.fr\/tag\/metropole-rouen\" data-trk=\"{&quot;cta&quot;:{&quot;action&quot;:&quot;M\\u00e9tropole Rouen&quot;,&quot;category&quot;:&quot;tag&quot;,&quot;from&quot;:&quot;article footer&quot;,&quot;name&quot;:&quot;M\\u00e9tropole Rouen&quot;,&quot;type&quot;:&quot;cta&quot;}}\" target=\"_blank\" rel=\"noopener\">#M\u00e9tropole Rouen<\/a><\/li>\n<\/ul>\n","protected":false},"excerpt":{"rendered":"Par Adrien Tisserand Publi\u00e9 le 10 juil. 2025 \u00e0 17h06 Le MuMo (Mus\u00e9e Mobile) du Centre Pompidou a&hellip;\n","protected":false},"author":2,"featured_media":240322,"comment_status":"","ping_status":"","sticky":false,"template":"","format":"standard","meta":{"footnotes":""},"categories":[9587],"tags":[1111,11,4223,1777,674,1349,1011,27,1652,9725,12,5161,25,9590],"class_list":{"0":"post-240321","1":"post","2":"type-post","3":"status-publish","4":"format-standard","5":"has-post-thumbnail","7":"category-rouen","8":"tag-actu","9":"tag-actualites","10":"tag-centre-pompidou","11":"tag-eu","12":"tag-europe","13":"tag-expositions","14":"tag-fr","15":"tag-france","16":"tag-loisirs-culture","17":"tag-metropole-rouen","18":"tag-news","19":"tag-normandie","20":"tag-republique-francaise","21":"tag-rouen"},"share_on_mastodon":{"url":"https:\/\/pubeurope.com\/@fr\/114829641981669157","error":""},"_links":{"self":[{"href":"https:\/\/www.europesays.com\/fr\/wp-json\/wp\/v2\/posts\/240321","targetHints":{"allow":["GET"]}}],"collection":[{"href":"https:\/\/www.europesays.com\/fr\/wp-json\/wp\/v2\/posts"}],"about":[{"href":"https:\/\/www.europesays.com\/fr\/wp-json\/wp\/v2\/types\/post"}],"author":[{"embeddable":true,"href":"https:\/\/www.europesays.com\/fr\/wp-json\/wp\/v2\/users\/2"}],"replies":[{"embeddable":true,"href":"https:\/\/www.europesays.com\/fr\/wp-json\/wp\/v2\/comments?post=240321"}],"version-history":[{"count":0,"href":"https:\/\/www.europesays.com\/fr\/wp-json\/wp\/v2\/posts\/240321\/revisions"}],"wp:featuredmedia":[{"embeddable":true,"href":"https:\/\/www.europesays.com\/fr\/wp-json\/wp\/v2\/media\/240322"}],"wp:attachment":[{"href":"https:\/\/www.europesays.com\/fr\/wp-json\/wp\/v2\/media?parent=240321"}],"wp:term":[{"taxonomy":"category","embeddable":true,"href":"https:\/\/www.europesays.com\/fr\/wp-json\/wp\/v2\/categories?post=240321"},{"taxonomy":"post_tag","embeddable":true,"href":"https:\/\/www.europesays.com\/fr\/wp-json\/wp\/v2\/tags?post=240321"}],"curies":[{"name":"wp","href":"https:\/\/api.w.org\/{rel}","templated":true}]}}